{"id":32090,"date":"2015-06-27T09:27:20","date_gmt":"2015-06-27T12:27:20","guid":{"rendered":"http:\/\/argentinamunicipal.com.ar\/argentina\/?p=32090"},"modified":"2015-06-27T09:27:20","modified_gmt":"2015-06-27T12:27:20","slug":"capacitan-en-mediacion-escolar-a-docentes-municipales-de-cordoba","status":"publish","type":"post","link":"http:\/\/argentinamunicipal.com.ar\/argentina\/capacitan-en-mediacion-escolar-a-docentes-municipales-de-cordoba\/","title":{"rendered":"Capacitan en mediaci\u00f3n escolar a docentes municipales de C\u00f3rdoba"},"content":{"rendered":"<div id=\"attachment_32091\" style=\"width: 652px\" class=\"wp-caption aligncenter\"><a href=\"http:\/\/argentinamunicipal.com.ar\/argentina\/wp-content\/uploads\/2015\/06\/docentes3.jpg\"><img loading=\"lazy\" decoding=\"async\" aria-describedby=\"caption-attachment-32091\" class=\"size-full wp-image-32091\" src=\"http:\/\/argentinamunicipal.com.ar\/argentina\/wp-content\/uploads\/2015\/06\/docentes3.jpg\" alt=\"ESTRATEGIA. la propuesta de estos talleres apuntaron a incorporar aptitudes y habilidades para la comprensi\u00f3n del conflicto \" width=\"642\" height=\"366\" srcset=\"http:\/\/argentinamunicipal.com.ar\/argentina\/wp-content\/uploads\/2015\/06\/docentes3.jpg 642w, http:\/\/argentinamunicipal.com.ar\/argentina\/wp-content\/uploads\/2015\/06\/docentes3-300x171.jpg 300w\" sizes=\"auto, (max-width: 642px) 100vw, 642px\" \/><\/a><p id=\"caption-attachment-32091\" class=\"wp-caption-text\">ESTRATEGIA. la propuesta de estos talleres apuntaron a incorporar aptitudes y habilidades para la comprensi\u00f3n del conflicto<\/p><\/div>\n<p>Es una iniciativa del Centro de Mediaci\u00f3n Comunitaria del Defensor del Pueblo de la Provincia, llevada adelante de manera conjunta con la Municipalidad de C\u00f3rdoba, en virtud de un convenio de cooperaci\u00f3n interinstitucional.<\/p>\n<p>Las situaciones de conflicto y manifestaciones de violencia que se registran de manera reiterada en la sociedad, se reflejan y reproducen en las escuelas, afectando a todos los integrantes de la comunidad educativa: docentes, no docentes, alumnos y sus familias.<\/p>\n<p>La falta de respeto al otro (sean pares o autoridades), la ausencia de l\u00edmites, elbullying instalado y hasta naturalizado en las relaciones cotidianas, hacen necesario implementar acciones y mecanismos que ayuden a fortalecer la Escuela en su funci\u00f3n socializadora.<\/p>\n<p>El Defensor del Pueblo de la Provincia de C\u00f3rdoba, a trav\u00e9s de su Centro de Mediaci\u00f3n Comunitaria, cre\u00f3 el Programa Educaci\u00f3n para la Paz y Mediaci\u00f3n Escolar con el fin de brindar a la comunidad educativa, herramientas basadas en el di\u00e1logo productivo, que contribuyan a mejorar la convivencia en el \u00e1mbito escolar, en definitiva a \u201ceducar para la paz\u201d.<\/p>\n<p>En ese sentido, y como primera acci\u00f3n en el marco de ese programa, organiz\u00f3 un taller bajo el mismo nombre, que fue presentado el jueves \u00faltimo en el Cabildo municipal, en un acto presidido por el Defensor del Pueblo Adjunto, Hugo Pozzi, la secretaria general del Defensor del Pueblo, Gabriela Magris, la directora del Centro de Mediaci\u00f3n Comunitaria, Mirtha Cumini y la subdirectora de Nivel Primario de la Secretar\u00eda de Educaci\u00f3n de la Municipalidad de C\u00f3rdoba, Guadalupe M\u00edas.<\/p>\n<p>Bajo la coordinaci\u00f3n y capacitaci\u00f3n de la reconocida especialista en Mediaci\u00f3n Escolar, Cecilia Ramos Mej\u00eda, y en dos jornadas de trabajo (25 y 26 de junio), el taller estuvo dirigido a directivos y docentes de escuelas municipales y a un grupo de mediadores de la comunidad, quienes tendr\u00e1n a su cargo continuar el dictado de los talleres en las escuelas durante el pr\u00f3ximo a\u00f1o.<\/p>\n<p>A la par de generar un espacio de reflexi\u00f3n e intercambio de experiencias, facilitadas mediante t\u00e9cnicas l\u00fadicas recreativas, la propuesta de estos talleres apuntaron a incorporar aptitudes y habilidades para la comprensi\u00f3n del conflicto, generar estrategias comunitarias de prevenci\u00f3n, atenci\u00f3n y sanci\u00f3n de la violencia en general, para lograr una convivencia pac\u00edfica basada en la comunicaci\u00f3n eficaz.<\/p>\n<h6>Fuente: La Voz del Interior<\/h6>\n","protected":false},"excerpt":{"rendered":"<p>Es una iniciativa del Centro de Mediaci\u00f3n Comunitaria del Defensor del Pueblo de la Provincia, llevada adelante de manera conjunta con la Municipalidad de C\u00f3rdoba, en virtud de un convenio de cooperaci\u00f3n interinstitucional. Las situaciones de conflicto y manifestaciones de violencia que se registran de manera reiterada en la sociedad, se reflejan y reproducen en<\/p>\n","protected":false},"author":2,"featured_media":32091,"comment_status":"closed","ping_status":"closed","sticky":false,"template":"","format":"standard","meta":{"footnotes":""},"categories":[2],"tags":[3],"class_list":["post-32090","post","type-post","status-publish","format-standard","has-post-thumbnail","hentry","category-informe-municipal","tag-cordoba"],"_links":{"self":[{"href":"http:\/\/argentinamunicipal.com.ar\/argentina\/wp-json\/wp\/v2\/posts\/32090","targetHints":{"allow":["GET"]}}],"collection":[{"href":"http:\/\/argentinamunicipal.com.ar\/argentina\/wp-json\/wp\/v2\/posts"}],"about":[{"href":"http:\/\/argentinamunicipal.com.ar\/argentina\/wp-json\/wp\/v2\/types\/post"}],"author":[{"embeddable":true,"href":"http:\/\/argentinamunicipal.com.ar\/argentina\/wp-json\/wp\/v2\/users\/2"}],"replies":[{"embeddable":true,"href":"http:\/\/argentinamunicipal.com.ar\/argentina\/wp-json\/wp\/v2\/comments?post=32090"}],"version-history":[{"count":0,"href":"http:\/\/argentinamunicipal.com.ar\/argentina\/wp-json\/wp\/v2\/posts\/32090\/revisions"}],"wp:featuredmedia":[{"embeddable":true,"href":"http:\/\/argentinamunicipal.com.ar\/argentina\/wp-json\/wp\/v2\/media\/32091"}],"wp:attachment":[{"href":"http:\/\/argentinamunicipal.com.ar\/argentina\/wp-json\/wp\/v2\/media?parent=32090"}],"wp:term":[{"taxonomy":"category","embeddable":true,"href":"http:\/\/argentinamunicipal.com.ar\/argentina\/wp-json\/wp\/v2\/categories?post=32090"},{"taxonomy":"post_tag","embeddable":true,"href":"http:\/\/argentinamunicipal.com.ar\/argentina\/wp-json\/wp\/v2\/tags?post=32090"}],"curies":[{"name":"wp","href":"https:\/\/api.w.org\/{rel}","templated":true}]}}