{"id":32118,"date":"2015-06-27T10:06:32","date_gmt":"2015-06-27T13:06:32","guid":{"rendered":"http:\/\/argentinamunicipal.com.ar\/argentina\/?p=32118"},"modified":"2015-06-30T12:47:42","modified_gmt":"2015-06-30T15:47:42","slug":"entre-rios-union-de-familias-para-trabajar-la-tierra-y-generar-sus-ingresos","status":"publish","type":"post","link":"http:\/\/argentinamunicipal.com.ar\/argentina\/entre-rios-union-de-familias-para-trabajar-la-tierra-y-generar-sus-ingresos\/","title":{"rendered":"Entre R\u00edos: Uni\u00f3n de familias para trabajar la tierra y generar sus ingresos"},"content":{"rendered":"<div id=\"attachment_32119\" style=\"width: 650px\" class=\"wp-caption aligncenter\"><a href=\"http:\/\/argentinamunicipal.com.ar\/argentina\/wp-content\/uploads\/2015\/06\/o_1435380941.jpg\"><img loading=\"lazy\" decoding=\"async\" aria-describedby=\"caption-attachment-32119\" class=\"wp-image-32119 size-full\" src=\"http:\/\/argentinamunicipal.com.ar\/argentina\/wp-content\/uploads\/2015\/06\/o_1435380941.jpg\" alt=\"Son seis grupos filiales que le dieron vida a un proyecto multisectorial en la localidad del Departamento Federal. En un predio municipal de 3 hect\u00e1reas cultivan productos que ya llegan a las g\u00f3ndolas. \u201cPronto podr\u00e1n vivir de eso\u201d, asegura el asesor del Instituto Nacional de Tecnolog\u00eda Agropecuaria, Carlos Schumacher.\" width=\"640\" height=\"360\" srcset=\"http:\/\/argentinamunicipal.com.ar\/argentina\/wp-content\/uploads\/2015\/06\/o_1435380941.jpg 640w, http:\/\/argentinamunicipal.com.ar\/argentina\/wp-content\/uploads\/2015\/06\/o_1435380941-300x169.jpg 300w\" sizes=\"auto, (max-width: 640px) 100vw, 640px\" \/><\/a><p id=\"caption-attachment-32119\" class=\"wp-caption-text\">Los horticultores de Conscripto Bernardi, en un desaf\u00edo que ya tiene buenos resultados.<\/p><\/div>\n<p>Son seis grupos filiales que le dieron vida a un proyecto multisectorial en la localidad del Departamento Federal. En un predio municipal de 3 hect\u00e1reas cultivan productos que ya llegan a las g\u00f3ndolas. \u201cPronto podr\u00e1n vivir de eso\u201d, asegura el asesor del Instituto Nacional de Tecnolog\u00eda Agropecuaria, Carlos Schumacher.<\/p>\n<p>El plan de fortalecimiento de la horticultura en Entre R\u00edos tiene ya sus primeros resultados en uno de los puntos elegidos para lanzarlo. Desde el a\u00f1o pasado se lleva a cabo el cultivo de hortalizas en Conscripto Bernardi (Departamento Federal) con resultados positivos. La idea se gener\u00f3 desde el Ministerio de la Producci\u00f3n y es financiado por el Programa de Desarrollo de \u00c1reas Rurales (Prodear) m\u00e1s el asesoramiento de la Agencia de Extensi\u00f3n Rural del Instituto Nacional de Tecnolog\u00eda Agropecuaria (INTA) Federal y de la Secretar\u00eda de Agricultura Familiar. Persigue dos objetivos: favorecer la econom\u00eda local y generar mayores puestos de trabajo.<\/p>\n<p>Justamente el agr\u00f3nomo responsable de la Agencia de Extensi\u00f3n Rural del INTA Federal, Carlos Schumacher, dio detalles sobre la iniciativa: \u201cEl proyecto de Conscripto Bernardi es una huerta comunitaria, un proyecto hort\u00edcola que estamos trabajando en forma interinstitucional. Eso es la fortaleza porque en nuestra zona hemos visto que se arman los proyectos que organiza la provincia, o el INTA, o la Facultad, o el municipio pero nunca todos juntos. Y esta vez por suerte estamos todos juntos. La gente de agricultura familiar. El recurso principal que a veces es militante, vino por parte del Prodear es decir Desarrollo Rural de Entre R\u00edos\u201d, explic\u00f3.<\/p>\n<p>\u201cEstamos haciendo una huerta comunitaria, principalmente del sector hort\u00edcola, y tanto en forma intensiva como extensiva. Las familias est\u00e1n muy entusiasmadas, al principio les costaba un poco, pero eso es natural l\u00f3gicamente, porque por ah\u00ed la gente no tiene la fe o la confianza de que esto funcione. Sabemos que el sector hort\u00edcola tiene una tremenda demanda insatisfecha, as\u00ed que el potencial es muy grane. Y la gente hasta que no lo ve no toma conciencia.<\/p>\n<p>En un principio hab\u00eda que coordinar con ellos o ir juntos a trabajar y hoy en d\u00eda est\u00e1n muy entusiasmados y se organizan solos. Por supuesto con el aporte de los t\u00e9cnicos\u201d, indic\u00f3.<\/p>\n<p><strong>Un lugar.<\/strong> Respecto al predio donde realizan la producci\u00f3n hort\u00edcola, el t\u00e9cnico oficial coment\u00f3: \u201cEs un terreno municipal al costado del ferrocarril. Recibi\u00f3 el aporte del municipio para acondicionarlo. Es un terreno de tres hect\u00e1reas cercado con alambrado ol\u00edmpico y adentro trabajan seis familias con posibilidades que alguien m\u00e1s se sume. Se est\u00e1n haciendo invern\u00e1culos tambi\u00e9n porque desde un principio el proyecto involucra la construcci\u00f3n de los mismos para tomates, pimientos. Hortalizas en forma intensiva y hay un par de invern\u00e1culos funcionando ya.<\/p>\n<p>Pero la gran demanda es sobre hortalizas de hoja que vienen todo de Santa Fe y Paran\u00e1\u201d, apunt\u00f3.<\/p>\n<p>Sobre la experiencia, reconoci\u00f3: \u201cEs un proceso que est\u00e1 en construcci\u00f3n es gente nueva que no conoce mucho del tema hort\u00edcola, lo cual a veces eso es una ventaja porque empiezan de cero. Lo importante es que tienen el aporte de los t\u00e9cnicos, ya sea ingenieros del Prodear, del INTA o de colegas de Agricultura Familiar. Este proyecto se inici\u00f3 en 2014 con un tiempo que llev\u00f3 la programaci\u00f3n y ejecuci\u00f3n de los invern\u00e1culos. El trabajo con algo de maquinaria que es importante y el aporte de las instituciones. Este a\u00f1o se puso a trabajar ya a full\u201d, reconoci\u00f3.<\/p>\n<p>Por otra parte, Schumacher sostuvo: \u201cYa se ha visto en forma extensiva se produjo mucha verdura, ya sea acelga, espinaca, perejil, en fin todo para la semana santa donde pudimos disfrutar de esa verdura sana, fresca y producida en nuestra zona. Actualmente hay un invern\u00e1culo con lechuga que est\u00e1 generando buena producci\u00f3n. Por otro lado en forma extensiva y hacia afuera como complementaci\u00f3n al plan de actividades se hace cebolla en siembra directa. Se trabaja muy bien en Bernardi. En un futuro nos gustar\u00eda seguir en otras localidades, as\u00ed deber\u00eda ser. Estas actividades son demandantes de profesionales, de las instituciones que aporten, hay que empezar de apoco.<\/p>\n<p>Seguramente en su momento iniciaremos un parque hort\u00edcola en Federal. La idea es que se dediquen a eso. La actividad hort\u00edcola es muy rentable cuando se la encara en forma intensiva y cierta mecanizaci\u00f3n y con tecnolog\u00eda. Hay que dedicarse. Es un proceso de construcci\u00f3n y vemos a la gente tan entusiasmada que en su momento vivir\u00e1n de eso\u201d.<\/p>\n<p><strong>Bien organizados<\/strong><\/p>\n<p>Hasta el momento, Prodear tiene en ejecuci\u00f3n cinco iniciativas destinadas a fortalecer la cadena hort\u00edcola. Las mismas est\u00e1n localizadas en Sauce de Luna, Victoria, Conscripto Bernardi, Concordia y Paran\u00e1. Se trata de 54 productores familiares asistidos en el uso de tecnolog\u00edas y planificaci\u00f3n, algunos de los cuales se iniciaron en la actividad a trav\u00e9s de estos proyectos. Entre los horticultores beneficiados, hay un 39% de mujeres y un 22% de j\u00f3venes menores de 30 a\u00f1os.<\/p>\n<p>En total, se transfirieron a las organizaciones y grupos $1,8 millones, que estuvieron destinados a financiar m\u00e1s de 15 hect\u00e1reas de horticultura con riego sistematizado, m\u00e1s cinco hect\u00e1reas de producci\u00f3n bajo cobertura pl\u00e1stica, mejoras en infraestructura como perforaciones de agua para producci\u00f3n, herramientas y maquinarias de uso asociativo, y mayor acceso a insumos b\u00e1sicos a trav\u00e9s de instrumentos financieros autogestionados.<\/p>\n<p><strong>PARA DESTACAR<\/strong><\/p>\n<p><strong>Autonom\u00eda.<\/strong> \u201cEsto te fortalece. La plata que gan\u00e1s te libera y te da independencia. Te hace otra persona. Hay mucho entusiasmo y mucho cansancio, pero la gente que nos espera con el canasto para que le demos la verdura fresca, nos reconforta. \u00c9ramos changarines y ahora somos otras personas\u201d. (Zulema Cabrera, integrante de una de las familias que participa de la Huerta).<\/p>\n<p><strong>Alegr\u00eda.<\/strong> \u201cSeguimos trabajando, poni\u00e9ndole el hombro a este proyecto y avanzando con muchas ganas. Ya estamos viendo los frutos de las ventas que se hacen localmente. Queremos tener m\u00e1s verduras y de calidad para seguir atendiendo a nuestros clientes. Reci\u00e9n nos estamos dando cuenta de la importancia que tiene esto y estamos muy contentos. Con la ayuda de los t\u00e9cnicos del INTA y de Prodear seguimos avanzando para que esto mejore d\u00eda a d\u00eda\u201d. (Oscar Cabrera, coordinador de las familias que trabajan en el predio de Conscripto Bernardi).<\/p>\n<h6>Fuente: El Diario, Entre R\u00edos<\/h6>\n","protected":false},"excerpt":{"rendered":"<p>Son seis grupos filiales que le dieron vida a un proyecto multisectorial en la localidad del Departamento Federal. En un predio municipal de 3 hect\u00e1reas cultivan productos que ya llegan a las g\u00f3ndolas. \u201cPronto podr\u00e1n vivir de eso\u201d, asegura el asesor del Instituto Nacional de Tecnolog\u00eda Agropecuaria, Carlos Schumacher.<\/p>\n","protected":false},"author":2,"featured_media":32119,"comment_status":"closed","ping_status":"closed","sticky":false,"template":"","format":"standard","meta":{"footnotes":""},"categories":[2],"tags":[17],"class_list":["post-32118","post","type-post","status-publish","format-standard","has-post-thumbnail","hentry","category-informe-municipal","tag-entre-rios"],"_links":{"self":[{"href":"http:\/\/argentinamunicipal.com.ar\/argentina\/wp-json\/wp\/v2\/posts\/32118","targetHints":{"allow":["GET"]}}],"collection":[{"href":"http:\/\/argentinamunicipal.com.ar\/argentina\/wp-json\/wp\/v2\/posts"}],"about":[{"href":"http:\/\/argentinamunicipal.com.ar\/argentina\/wp-json\/wp\/v2\/types\/post"}],"author":[{"embeddable":true,"href":"http:\/\/argentinamunicipal.com.ar\/argentina\/wp-json\/wp\/v2\/users\/2"}],"replies":[{"embeddable":true,"href":"http:\/\/argentinamunicipal.com.ar\/argentina\/wp-json\/wp\/v2\/comments?post=32118"}],"version-history":[{"count":0,"href":"http:\/\/argentinamunicipal.com.ar\/argentina\/wp-json\/wp\/v2\/posts\/32118\/revisions"}],"wp:featuredmedia":[{"embeddable":true,"href":"http:\/\/argentinamunicipal.com.ar\/argentina\/wp-json\/wp\/v2\/media\/32119"}],"wp:attachment":[{"href":"http:\/\/argentinamunicipal.com.ar\/argentina\/wp-json\/wp\/v2\/media?parent=32118"}],"wp:term":[{"taxonomy":"category","embeddable":true,"href":"http:\/\/argentinamunicipal.com.ar\/argentina\/wp-json\/wp\/v2\/categories?post=32118"},{"taxonomy":"post_tag","embeddable":true,"href":"http:\/\/argentinamunicipal.com.ar\/argentina\/wp-json\/wp\/v2\/tags?post=32118"}],"curies":[{"name":"wp","href":"https:\/\/api.w.org\/{rel}","templated":true}]}}