{"id":32133,"date":"2015-06-27T10:25:48","date_gmt":"2015-06-27T13:25:48","guid":{"rendered":"http:\/\/argentinamunicipal.com.ar\/argentina\/?p=32133"},"modified":"2015-06-27T10:25:48","modified_gmt":"2015-06-27T13:25:48","slug":"durante-mayo-subieron-75-las-ventas-en-los-supermercados","status":"publish","type":"post","link":"http:\/\/argentinamunicipal.com.ar\/argentina\/durante-mayo-subieron-75-las-ventas-en-los-supermercados\/","title":{"rendered":"Durante mayo, subieron 7,5% las ventas en los supermercados"},"content":{"rendered":"<p><a href=\"http:\/\/argentinamunicipal.com.ar\/argentina\/wp-content\/uploads\/2015\/06\/imagen_nota_1432933938-0.jpg\"><img loading=\"lazy\" decoding=\"async\" class=\"aligncenter size-full wp-image-32134\" src=\"http:\/\/argentinamunicipal.com.ar\/argentina\/wp-content\/uploads\/2015\/06\/imagen_nota_1432933938-0.jpg\" alt=\"imagen_nota_1432933938-0\" width=\"602\" height=\"338\" srcset=\"http:\/\/argentinamunicipal.com.ar\/argentina\/wp-content\/uploads\/2015\/06\/imagen_nota_1432933938-0.jpg 602w, http:\/\/argentinamunicipal.com.ar\/argentina\/wp-content\/uploads\/2015\/06\/imagen_nota_1432933938-0-300x168.jpg 300w\" sizes=\"auto, (max-width: 602px) 100vw, 602px\" \/><\/a><br \/>\nEl aumento se da en relaci\u00f3n a igual mes del a\u00f1o pasado, mientras que en los grandes centros de compra la mejora fue de 9,3%, inform\u00f3 hoy el Instituto Nacional de Estad\u00edstica y Censos (Indec).<\/p>\n<p>Las ventas en los supermercados aumentaron durante mayo un 7,5% en relaci\u00f3n a igual mes del a\u00f1o pasado, y 4,2% en comparaci\u00f3n a abril, inform\u00f3 hoy el Instituto Nacional de Estad\u00edstica y Censos (INDEC).<\/p>\n<p>Por su parte, en los grandes centros de compra, las ventas, medidas a precios constantes y sin factor estacional, crecieron durante mayo 9,3% en la comparaci\u00f3n interanual, y 0,3% en relaci\u00f3n a abril.<\/p>\n<p>Alent\u00f3 este mayor consumo la mayor utilizaci\u00f3n del plan Ahora 12, lo que se reflejo en un crecimiento de las compras \u00abv\u00eda tarjeta\u00bb del 43% en mayo respecto al mismo mes del a\u00f1o pasado, seg\u00fan datos del Banco Central.<\/p>\n<p>Adem\u00e1s, los pr\u00e9stamos bancarios al sector privado en pesos pasaron de expandirse 1,3% en abril a 2,2% en mayo.<br \/>\nLa mejora fue reflejada por el \u00edndice de Confianza al Consumidor, que elabora el Centro de Investigaci\u00f3n en Finanzas de la Universidad Torcuato di Tella (UTDT), que en mayo registr\u00f3 su nivel m\u00e1s alto desde febrero de 2012. Pr\u00e1cticamente un nivel similar a igual per\u00edodo de 2011, un a\u00f1o considerado r\u00e9cord.<\/p>\n<p>Desde la consultora de Miguel Bein y Asociados, se estima que \u00ablas perspectivas de la demanda para los pr\u00f3ximos meses son favorables, producto de la din\u00e1mica de ingresos reales\u00bb.<\/p>\n<p>De manera m\u00e1s espec\u00edfica, \u00absuponiendo que los sueldos se actualicen al 30%\u00bb, el efecto total sobre el consumo ser\u00e1 de unos 175.000 millones de pesos a partir de mayo y junio, si se tienen en cuenta los impactos para unos 4 millones de trabajadores bajo convenio, destac\u00f3, por su parte, el economista Jorge Todesca, director de Finsoport.<\/p>\n<p>El informe del INDEC tambi\u00e9n precis\u00f3 la evoluci\u00f3n de las ventas en los supermercados durante el mes de abril pasado, donde, en base a la medici\u00f3n a precios corrientes, la mejora fue de 26,6%, impulsadas esencialmente por las provincia de Neuqu\u00e9n, con un crecimiento de 36,9%, seguido por Chubut (+33,8%) y Mendoza (+29,9%).<\/p>\n<p>Por su parte, las ventas del primer cuatrimestre en los supermercados crecieron 30,2% frente a igual per\u00edodo de 2014, en este caso tambi\u00e9n lideradas por la provincia de Neuqu\u00e9n, con un crecimiento del 38,4% en el consumo.<\/p>\n<p>En tanto, las ventas totales de los 37 centros de compras ubicados en Ciudad de Buenos Aires y en 24 partidos de la provincia de Buenos Aires relevados por el INDEC, sumaron en abril 3.094 millones de pesos, lo que represent\u00f3 un aumento de 31,8% respecto al mismo mes del a\u00f1o anterior.<br \/>\nEn las Ciudad de Buenos Aires, las ventas de abril aumentaron 26,4% respecto al mismo mes del<br \/>\na\u00f1o anterior, mientras que en los 24 partidos de la provincia de Buenos Aires, crecieron 36,8% interanual.<\/p>\n<h6>Fuente: T\u00e9lam<\/h6>\n","protected":false},"excerpt":{"rendered":"<p>El aumento se da en relaci\u00f3n a igual mes del a\u00f1o pasado, mientras que en los grandes centros de compra la mejora fue de 9,3%, inform\u00f3 hoy el Instituto Nacional de Estad\u00edstica y Censos (Indec). Las ventas en los supermercados aumentaron durante mayo un 7,5% en relaci\u00f3n a igual mes del a\u00f1o pasado, y 4,2%<\/p>\n","protected":false},"author":2,"featured_media":32134,"comment_status":"closed","ping_status":"closed","sticky":false,"template":"","format":"standard","meta":{"footnotes":""},"categories":[8],"tags":[21],"class_list":["post-32133","post","type-post","status-publish","format-standard","has-post-thumbnail","hentry","category-informe-nacional","tag-argentina"],"_links":{"self":[{"href":"http:\/\/argentinamunicipal.com.ar\/argentina\/wp-json\/wp\/v2\/posts\/32133","targetHints":{"allow":["GET"]}}],"collection":[{"href":"http:\/\/argentinamunicipal.com.ar\/argentina\/wp-json\/wp\/v2\/posts"}],"about":[{"href":"http:\/\/argentinamunicipal.com.ar\/argentina\/wp-json\/wp\/v2\/types\/post"}],"author":[{"embeddable":true,"href":"http:\/\/argentinamunicipal.com.ar\/argentina\/wp-json\/wp\/v2\/users\/2"}],"replies":[{"embeddable":true,"href":"http:\/\/argentinamunicipal.com.ar\/argentina\/wp-json\/wp\/v2\/comments?post=32133"}],"version-history":[{"count":0,"href":"http:\/\/argentinamunicipal.com.ar\/argentina\/wp-json\/wp\/v2\/posts\/32133\/revisions"}],"wp:featuredmedia":[{"embeddable":true,"href":"http:\/\/argentinamunicipal.com.ar\/argentina\/wp-json\/wp\/v2\/media\/32134"}],"wp:attachment":[{"href":"http:\/\/argentinamunicipal.com.ar\/argentina\/wp-json\/wp\/v2\/media?parent=32133"}],"wp:term":[{"taxonomy":"category","embeddable":true,"href":"http:\/\/argentinamunicipal.com.ar\/argentina\/wp-json\/wp\/v2\/categories?post=32133"},{"taxonomy":"post_tag","embeddable":true,"href":"http:\/\/argentinamunicipal.com.ar\/argentina\/wp-json\/wp\/v2\/tags?post=32133"}],"curies":[{"name":"wp","href":"https:\/\/api.w.org\/{rel}","templated":true}]}}