{"id":32136,"date":"2015-06-28T07:26:06","date_gmt":"2015-06-28T10:26:06","guid":{"rendered":"http:\/\/argentinamunicipal.com.ar\/argentina\/?p=32136"},"modified":"2015-06-30T12:47:55","modified_gmt":"2015-06-30T15:47:55","slug":"rosario-suma-eventos-y-congresos-y-se-afianza-como-un-centro-turistico","status":"publish","type":"post","link":"http:\/\/argentinamunicipal.com.ar\/argentina\/rosario-suma-eventos-y-congresos-y-se-afianza-como-un-centro-turistico\/","title":{"rendered":"Rosario suma eventos y congresos y se afianza como un centro tur\u00edstico"},"content":{"rendered":"<p><a href=\"http:\/\/argentinamunicipal.com.ar\/argentina\/wp-content\/uploads\/2015\/06\/493.jpg\"><img loading=\"lazy\" decoding=\"async\" class=\"aligncenter  wp-image-32137\" src=\"http:\/\/argentinamunicipal.com.ar\/argentina\/wp-content\/uploads\/2015\/06\/493.jpg\" alt=\"493\" width=\"693\" height=\"460\" srcset=\"http:\/\/argentinamunicipal.com.ar\/argentina\/wp-content\/uploads\/2015\/06\/493.jpg 1024w, http:\/\/argentinamunicipal.com.ar\/argentina\/wp-content\/uploads\/2015\/06\/493-300x199.jpg 300w\" sizes=\"auto, (max-width: 693px) 100vw, 693px\" \/><\/a><br \/>\nEl megacongreso que comenz\u00f3 ayer convoca en esta segunda edici\u00f3n a m\u00e1s de 200 disertantes argentinos y extranjeros distribuidos en siete salas de conferencias.<\/p>\n<p>Turismo y deportes se re\u00fanen y se muestran durante dos jornadas en los salones del Complejo Metropolitano y Rosario se afianza as\u00ed como sede tur\u00edstica. El megacongreso que comenz\u00f3 ayer convoca en esta segunda edici\u00f3n a m\u00e1s de 200 disertantes argentinos y extranjeros distribuidos en siete salas de conferencias, con la participaci\u00f3n de m\u00e1s de 50 asociaciones deportivas, m\u00e1s de 8 mil participantes y actividades que no s\u00f3lo se distribuyen en el espacio cerrado de los salones, sino que tambi\u00e9n coparon parte del parque Scalabrini Ortiz.<\/p>\n<p>\u201cEsta una forma de que Rosario conozca y reconozca lo que se produce en materia de turismo y deporte\u201d, asegur\u00f3 el secretario de Turismo de la Municipalidad, H\u00e9ctor de Benedictis, y recalc\u00f3 que Rosario encabeza el ranking de ciudades con eventos deportivos internacionales.<\/p>\n<p>\u201cRosario crece como sede de grandes eventos\u201d, twitte\u00f3 la intendenta M\u00f3nica Fein mientras participaba de la apertura y recorr\u00eda los espacios de la exposici\u00f3n.<\/p>\n<p>El II Congreso Internacional de Deporte y Turismo redobl\u00f3 este a\u00f1o la apuesta planteada en 2014 con una agenda de disertaciones m\u00e1s extendida y sum\u00f3 espacios para la exposici\u00f3n interactiva, que re\u00fane a m\u00e1s de 40 disciplinas deportivas.<\/p>\n<p>La seguridad deportiva, medios de comunicaci\u00f3n y los servicios m\u00e9dicos son los ejes tem\u00e1ticos que este a\u00f1o atraviesan el encuentro.<\/p>\n<p>Organizado por los gobiernos provincial y municipal, la primera edici\u00f3n ya hab\u00eda marcado un auspicioso inicio: se registraron 5 mil visitantes, 1.300 personas hab\u00edan participado de las conferencias, 30 federaciones y asociaciones deportivas expusieron sus disciplinas en diferentes espacios y exhibiciones.<\/p>\n<p>Apuesta. Este a\u00f1o, el megaevento se propuso redoblar la apuesta. Se organizaron para hoy y ma\u00f1ana 180 conferencias distribuidas en siete espacios del Complejo Metropolitano (Alto Rosario Shopping) en las que participar\u00e1n 210 conferencistas argentinos y otros invitados de pa\u00edses como Uruguay y Brasil, y suman 50 las organizaciones deportivas participantes. Con todo ese men\u00fa, se espera que sean m\u00e1s de 8 mil las personas que pasen por el evento en estas 48 horas.<\/p>\n<p>Desde el aeromodelismo, las bochas, el golf, el tiro con arco, el esgrima y la equitaci\u00f3n hasta los deportes tradicionales como el atletismo, el b\u00e1squetbol, el f\u00fatbol, el rugby, el voley, el remo y el canotaje, el tenis y el ciclismo pasando por el handball, el hockey y el pat\u00edn, y los de lucha como el judo, el karate, el kun fu y el box, todos tendr\u00e1n su representaci\u00f3n en estas dos jornadas.<\/p>\n<p>Actividades en el parque Scalabrini Ort\u00edz, como un ajedrez gigante y muestras de tiro con arco, y una mega-muestra en el sal\u00f3n principal de Metropolitano fueron los dos epicentros de las actividades, adem\u00e1s de las conferencias donde se evaluaron las estrategias, los logros y los desarrollos ligados a la actividad deportiva.<\/p>\n<p>En su relaci\u00f3n con la industria del turismo, el producto deportivo en s\u00ed mismo, su consolidaci\u00f3n, lo que eso genera y lo que econ\u00f3micamente derrama en la sociedad fueron algunos de los puntos abordados en las conferencias.<\/p>\n<p>Con el inicio de las actividades, la intendenta recorri\u00f3 los diferentes espacios. No s\u00f3lo asegur\u00f3 a trav\u00e9s de su cuenta de Twitter que \u201cRosario crece como sede de grandes\u201d, sino que adem\u00e1s record\u00f3 que al inicio de su gesti\u00f3n se \u201cpropuso fortalecer el turismo y el deporte local. Y ese trabajo que iniciamos est\u00e1 dando cada vez m\u00e1s sus frutos\u201d.<\/p>\n<p>Adem\u00e1s, Fein destac\u00f3 al turismo como \u201cuna industria sin chimeneas, que genera fuentes de trabajo y trae divisas a la ciudad\u201d, al tiempo que apunt\u00f3 al deporte como el espacio que \u201csaca a los chicos de la calle, es inclusi\u00f3n, es sentido y es construcci\u00f3n de valores\u201d.<\/p>\n<p>Con Rosario a la cabeza en el ranking de ciudades con eventos deportivos internacionales de acuerdo a la evaluaci\u00f3n del Instituto Nacional de Promoci\u00f3n Tur\u00edstica, el secretario del \u00e1rea de la Municipalidad destac\u00f3 que \u201ccon esta segunda edici\u00f3n, Rosario se afianza como sede\u201d, e hizo hincapi\u00e9 en que el congreso \u201ces un gran evento como no hay en el pa\u00eds\u201d.<\/p>\n<p>Respecto a lo deportivo, De Benedictis destac\u00f3 que \u201cse muestran todas las actividades, como la de los clubes de barrio, esas que por dispersas se desconocen\u201d, y agreg\u00f3: \u201cA Rosario le cuesta reconocerse, tanto en t\u00e9rminos de elogio como de saber la cantidad y la calidad de lo que produce, y esta es una oportunidad para hacerlo\u201d.<\/p>\n<h6>Fuente: La Capital, Rosario<\/h6>\n","protected":false},"excerpt":{"rendered":"<p>El megacongreso que comenz\u00f3 ayer convoca en esta segunda edici\u00f3n a m\u00e1s de 200 disertantes argentinos y extranjeros distribuidos en siete salas de conferencias.<\/p>\n","protected":false},"author":2,"featured_media":32137,"comment_status":"closed","ping_status":"closed","sticky":false,"template":"","format":"standard","meta":{"footnotes":""},"categories":[2],"tags":[10],"class_list":["post-32136","post","type-post","status-publish","format-standard","has-post-thumbnail","hentry","category-informe-municipal","tag-santa-fe"],"_links":{"self":[{"href":"http:\/\/argentinamunicipal.com.ar\/argentina\/wp-json\/wp\/v2\/posts\/32136","targetHints":{"allow":["GET"]}}],"collection":[{"href":"http:\/\/argentinamunicipal.com.ar\/argentina\/wp-json\/wp\/v2\/posts"}],"about":[{"href":"http:\/\/argentinamunicipal.com.ar\/argentina\/wp-json\/wp\/v2\/types\/post"}],"author":[{"embeddable":true,"href":"http:\/\/argentinamunicipal.com.ar\/argentina\/wp-json\/wp\/v2\/users\/2"}],"replies":[{"embeddable":true,"href":"http:\/\/argentinamunicipal.com.ar\/argentina\/wp-json\/wp\/v2\/comments?post=32136"}],"version-history":[{"count":0,"href":"http:\/\/argentinamunicipal.com.ar\/argentina\/wp-json\/wp\/v2\/posts\/32136\/revisions"}],"wp:featuredmedia":[{"embeddable":true,"href":"http:\/\/argentinamunicipal.com.ar\/argentina\/wp-json\/wp\/v2\/media\/32137"}],"wp:attachment":[{"href":"http:\/\/argentinamunicipal.com.ar\/argentina\/wp-json\/wp\/v2\/media?parent=32136"}],"wp:term":[{"taxonomy":"category","embeddable":true,"href":"http:\/\/argentinamunicipal.com.ar\/argentina\/wp-json\/wp\/v2\/categories?post=32136"},{"taxonomy":"post_tag","embeddable":true,"href":"http:\/\/argentinamunicipal.com.ar\/argentina\/wp-json\/wp\/v2\/tags?post=32136"}],"curies":[{"name":"wp","href":"https:\/\/api.w.org\/{rel}","templated":true}]}}