{"id":3215,"date":"2014-03-07T15:53:45","date_gmt":"2014-03-07T18:53:45","guid":{"rendered":"http:\/\/argentinamunicipal.com.ar\/argentina\/?p=3215"},"modified":"2014-03-31T10:22:20","modified_gmt":"2014-03-31T13:22:20","slug":"lanus-ucr-pidio-que-la-policia-comunal-no-sea-un-ejercito-privado-del-intendente","status":"publish","type":"post","link":"http:\/\/argentinamunicipal.com.ar\/argentina\/lanus-ucr-pidio-que-la-policia-comunal-no-sea-un-ejercito-privado-del-intendente\/","title":{"rendered":"Lan\u00fas: UCR pidi\u00f3 que la polic\u00eda comunal no sea \u00abun ej\u00e9rcito privado del intendente\u00bb"},"content":{"rendered":"<div id=\"attachment_3216\" style=\"width: 325px\" class=\"wp-caption alignright\"><a href=\"http:\/\/argentinamunicipal.com.ar\/argentina\/wp-content\/uploads\/2014\/03\/69563_1.jpg\"><img loading=\"lazy\" decoding=\"async\" aria-describedby=\"caption-attachment-3216\" class=\"size-full wp-image-3216 \" alt=\"Emiliano Bursese, Concejal de Lan\u00fas por la UCR\" src=\"http:\/\/argentinamunicipal.com.ar\/argentina\/wp-content\/uploads\/2014\/03\/69563_1.jpg\" width=\"315\" height=\"200\" srcset=\"http:\/\/argentinamunicipal.com.ar\/argentina\/wp-content\/uploads\/2014\/03\/69563_1.jpg 315w, http:\/\/argentinamunicipal.com.ar\/argentina\/wp-content\/uploads\/2014\/03\/69563_1-300x190.jpg 300w\" sizes=\"auto, (max-width: 315px) 100vw, 315px\" \/><\/a><p id=\"caption-attachment-3216\" class=\"wp-caption-text\">Emiliano Bursese, Concejal de Lan\u00fas por la UCR<\/p><\/div>\n<p>El concejal por la Uni\u00f3n C\u00edvica Radical en Lan\u00fas, Emiliano Bursese, inst\u00f3 \u201ca debatir m\u00e1s y a mediatizar menos\u201d el proyecto de creaci\u00f3n de la polic\u00eda comunal ya que advirti\u00f3 que hasta el momento \u201cno se realiz\u00f3 ning\u00fan debate serio sobre los beneficios o contras\u201d de la iniciativa. Adem\u00e1s, reclam\u00f3 que la nueva fuerza \u201cno se transforme en un ej\u00e9rcito privado del intendente\u201d.<\/p>\n<p>\u201cDebemos tener un debate serio y dejar de lado lo medi\u00e1tico que proponen el oficialismo y el massismo. Hay que hablar sobre los pros y contras del proyecto. Sobre c\u00f3mo se va a distribuir y qu\u00e9 pisos va a haber. De lo contrario, el nivel de los polic\u00edas va a variar seg\u00fan los par\u00e1metros econ\u00f3micos de cada lugar ya que hay municipios que pueden invertir m\u00e1s y otros menos y de eso no se habla\u201d, consider\u00f3 el edil radical en dialogo con Info Regi\u00f3n.<\/p>\n<p>En esta l\u00ednea, apunt\u00f3 que tanto el Frente para la Victoria como el Frente Renovador, \u201chan tocado el tema muy por arriba y no se han puesto a analizar o a debatir en profundidad\u201d y reconoci\u00f3 que \u201cpuede ser una buena herramienta\u201d si se utiliza de forma correcta y mejor a\u00fan si \u201cpudiera ser administrada por el mismo vecino\u201d.<\/p>\n<p>\u201cEn Lan\u00fas se promueve la polic\u00eda comunal y hace cinco a\u00f1os que no funciona el Foro de Seguridad. Me parece que hay que ampliar los controles del Concejo Deliberante sobre el tema ya que de lo contrario los efectivos estar\u00edan en manos del Ejecutivo y no queremos que la polic\u00eda comunal se transforme en un ej\u00e9rcito privado del intendente\u201d, asever\u00f3.<\/p>\n<p>\u201cQue no sea peor el remedio que la enfermedad. Las pol\u00edticas de seguridad son m\u00e1s amplias, tienen que ver con la inclusi\u00f3n social, con prevenci\u00f3n y con trabajo. Muchas veces se plantean soluciones m\u00e1gicas cuando en realidad no es as\u00ed. Hay mucho que debatir, por eso el partido se manifest\u00f3 en contra en primera instancia\u201d, complet\u00f3.<\/p>\n<p>Por otra parte, al ser consultado sobre la reforma del C\u00f3digo Penal, advirti\u00f3 que \u201ctodav\u00eda es un anteproyecto\u201d y que debe tomarse como tal; al tiempo que calific\u00f3 como \u201chumo medi\u00e1tico\u201d las fervientes posturas positivas y negativas que se suscitaron al respecto.<\/p>\n<p>\u201cMuchas veces confunden a la gente. El debate de la seguridad no es el debate del C\u00f3digo. La seguridad no va a mejorar por una reforma y hacen creer que s\u00ed. Primero, hay que solucionar la inseguridad y resolver c\u00f3mo vamos a garantizar la protecci\u00f3n de los bonaerenses y luego s\u00ed hablar sobre lo dem\u00e1s y debatir lo que haya que mejorar\u201d, analiz\u00f3.<\/p>\n<p>En este marco, se refiri\u00f3 a la actitud del massismo sobre salir a criticar las reformas al C\u00f3digo \u201csiendo que todav\u00eda es un anteproyecto\u201d.<\/p>\n<p>\u201cSergio Massa propuso hacer una consulta popular sobre la reforma del C\u00f3digo Penal y eso viola la Constituci\u00f3n nacional. La verdad, no s\u00e9 quien lo asesora pero en su discurso, lo medi\u00e1tico est\u00e1 siempre presente\u201d, concluy\u00f3.<\/p>\n<h6>Fuente: Inforegi\u00f3n<\/h6>\n","protected":false},"excerpt":{"rendered":"<p>El concejal por la Uni\u00f3n C\u00edvica Radical en Lan\u00fas, Emiliano Bursese, inst\u00f3 \u201ca debatir m\u00e1s y a mediatizar menos\u201d el proyecto de creaci\u00f3n de la polic\u00eda comunal ya que advirti\u00f3 que hasta el momento \u201cno se realiz\u00f3 ning\u00fan debate serio sobre los beneficios o contras\u201d de la iniciativa. Adem\u00e1s, reclam\u00f3 que la nueva fuerza \u201cno<\/p>\n","protected":false},"author":1,"featured_media":3216,"comment_status":"closed","ping_status":"closed","sticky":false,"template":"","format":"standard","meta":{"footnotes":""},"categories":[49],"tags":[12],"class_list":["post-3215","post","type-post","status-publish","format-standard","has-post-thumbnail","hentry","category-seguridad","tag-buenos-aires"],"_links":{"self":[{"href":"http:\/\/argentinamunicipal.com.ar\/argentina\/wp-json\/wp\/v2\/posts\/3215","targetHints":{"allow":["GET"]}}],"collection":[{"href":"http:\/\/argentinamunicipal.com.ar\/argentina\/wp-json\/wp\/v2\/posts"}],"about":[{"href":"http:\/\/argentinamunicipal.com.ar\/argentina\/wp-json\/wp\/v2\/types\/post"}],"author":[{"embeddable":true,"href":"http:\/\/argentinamunicipal.com.ar\/argentina\/wp-json\/wp\/v2\/users\/1"}],"replies":[{"embeddable":true,"href":"http:\/\/argentinamunicipal.com.ar\/argentina\/wp-json\/wp\/v2\/comments?post=3215"}],"version-history":[{"count":0,"href":"http:\/\/argentinamunicipal.com.ar\/argentina\/wp-json\/wp\/v2\/posts\/3215\/revisions"}],"wp:featuredmedia":[{"embeddable":true,"href":"http:\/\/argentinamunicipal.com.ar\/argentina\/wp-json\/wp\/v2\/media\/3216"}],"wp:attachment":[{"href":"http:\/\/argentinamunicipal.com.ar\/argentina\/wp-json\/wp\/v2\/media?parent=3215"}],"wp:term":[{"taxonomy":"category","embeddable":true,"href":"http:\/\/argentinamunicipal.com.ar\/argentina\/wp-json\/wp\/v2\/categories?post=3215"},{"taxonomy":"post_tag","embeddable":true,"href":"http:\/\/argentinamunicipal.com.ar\/argentina\/wp-json\/wp\/v2\/tags?post=3215"}],"curies":[{"name":"wp","href":"https:\/\/api.w.org\/{rel}","templated":true}]}}