{"id":32170,"date":"2015-06-29T09:32:23","date_gmt":"2015-06-29T12:32:23","guid":{"rendered":"http:\/\/argentinamunicipal.com.ar\/argentina\/?p=32170"},"modified":"2015-06-29T09:32:23","modified_gmt":"2015-06-29T12:32:23","slug":"el-intendente-de-santa-fe-participa-de-la-cumbre-de-lideres-municipales","status":"publish","type":"post","link":"http:\/\/argentinamunicipal.com.ar\/argentina\/el-intendente-de-santa-fe-participa-de-la-cumbre-de-lideres-municipales\/","title":{"rendered":"El Intendente de Santa Fe\u00a0participa de la Cumbre de L\u00edderes Municipales"},"content":{"rendered":"<p><a href=\"http:\/\/argentinamunicipal.com.ar\/argentina\/wp-content\/uploads\/2015\/06\/113787_santa-fe1.jpg\"><img loading=\"lazy\" decoding=\"async\" class=\"aligncenter size-full wp-image-32171\" src=\"http:\/\/argentinamunicipal.com.ar\/argentina\/wp-content\/uploads\/2015\/06\/113787_santa-fe1.jpg\" alt=\"113787_santa-fe\" width=\"544\" height=\"293\" srcset=\"http:\/\/argentinamunicipal.com.ar\/argentina\/wp-content\/uploads\/2015\/06\/113787_santa-fe1.jpg 544w, http:\/\/argentinamunicipal.com.ar\/argentina\/wp-content\/uploads\/2015\/06\/113787_santa-fe1-300x162.jpg 300w\" sizes=\"auto, (max-width: 544px) 100vw, 544px\" \/><\/a><\/p>\n<p>Organizada por el Centro de Implementaci\u00f3n de Pol\u00edticas P\u00fablicas para la Equidad y el Crecimiento (Cippec), se realiza este lunes en la Embajada de Espa\u00f1a en Buenos Aires.<\/p>\n<p>El intendente de la Ciudad de Santa Fe, Jos\u00e9 Corral, fue convocado por el Centro de Implementaci\u00f3n de Pol\u00edticas P\u00fablicas para la Equidad y el Crecimiento (Cippec) para participar de la Cumbre de L\u00edderes Municipales que reunir\u00e1 a intendentes representativos de todo el arco pol\u00edtico y de las diferentes regiones del pa\u00eds en una jornada de trabajo. El encuentro se realizar\u00e1 en la Embajada de Espa\u00f1a en Buenos Aires, este lunes desde las 9.30.<\/p>\n<p>Durante toda la jornada, las m\u00e1ximas autoridades locales debatir\u00e1n el rol de los gobiernos locales y pol\u00edticas para promover ciudades inclusivas, sustentables, pr\u00f3speras y vitales, y con mayor calidad institucional.<\/p>\n<p>En los diferentes paneles, el intendente Jos\u00e9 Corral expondr\u00e1 sobre el Sistema Municipal de Educaci\u00f3n Inicial -que re\u00fane a los jardines municipales que funcionan en distintos barrios de la capital provincial-; el Programa de Regularizaci\u00f3n Dominial; las pol\u00edticas y acciones desarrolladas en el marco de la Gesti\u00f3n de Riesgos, y la publicaci\u00f3n Santa Fe C\u00f3mo Vamos.<\/p>\n<p><strong>Protagonismo<\/strong><\/p>\n<p>\u00abEste a\u00f1o convocamos a los intendentes a analizar y debatir el rol de los gobiernos locales y la agenda estrat\u00e9gica de los pr\u00f3ximos a\u00f1os\u00bb, indic\u00f3 Lorena Schejtman, coordinadora del Programa de Desarrollo Local del Cippec.<\/p>\n<p>El Centro de Implementaci\u00f3n de Pol\u00edticas P\u00fablicas para la Equidad y el Crecimiento es una organizaci\u00f3n independiente, apartidaria y sin fines de lucro que trabaja por un Estado justo, democr\u00e1tico y eficiente que mejore la vida de las personas.<\/p>\n<p>La apertura de la cumbre contar\u00e1 con la participaci\u00f3n de Estanislao de Grandes Pascal, Embajador de Espa\u00f1a en la Argentina, y de Fernando Straface, director ejecutivo de CIPPEC. Adem\u00e1s, Martim Smolka, director para Am\u00e9rica Latina del Lincoln Institute of Land Policy de Boston (EEUU), dar\u00e1 una conferencia en la que disertar\u00e1 sobre pol\u00edticas de suelo y herramientas de recupero de plusval\u00edas urbanas en Am\u00e9rica Latina.<\/p>\n<p>\u00abLos gobiernos locales tienen cada vez mayor protagonismo en la implementaci\u00f3n de pol\u00edticas p\u00fablicas en la Argentina, con impacto directo en la calidad de vida de la poblaci\u00f3n. Resulta clave sumar las voces de quienes han liderado los gobiernos locales en los \u00faltimos a\u00f1os e instalar la problem\u00e1tica municipal y urbana en la agenda nacional\u00bb, afirm\u00f3 Schejtman.<\/p>\n<p>L\u00edderes Municipales es una iniciativa del Programa de Desarrollo Local de Cippec que promueve instancias de formaci\u00f3n y desarrollo de capacidades para mejorar las pol\u00edticas p\u00fablicas locales y las condiciones de vida de la poblaci\u00f3n. Desde 2006, ha capacitado a m\u00e1s de 500 intendentes, funcionarios municipales y concejales de 215 municipios de 22 provincias.<\/p>\n<h6>Fuente: Sin Mordaza<\/h6>\n","protected":false},"excerpt":{"rendered":"<p>Organizada por el Centro de Implementaci\u00f3n de Pol\u00edticas P\u00fablicas para la Equidad y el Crecimiento (Cippec), se realiza este lunes en la Embajada de Espa\u00f1a en Buenos Aires. El intendente de la Ciudad de Santa Fe, Jos\u00e9 Corral, fue convocado por el Centro de Implementaci\u00f3n de Pol\u00edticas P\u00fablicas para la Equidad y el Crecimiento (Cippec)<\/p>\n","protected":false},"author":2,"featured_media":32171,"comment_status":"closed","ping_status":"closed","sticky":false,"template":"","format":"standard","meta":{"footnotes":""},"categories":[2],"tags":[10],"class_list":["post-32170","post","type-post","status-publish","format-standard","has-post-thumbnail","hentry","category-informe-municipal","tag-santa-fe"],"_links":{"self":[{"href":"http:\/\/argentinamunicipal.com.ar\/argentina\/wp-json\/wp\/v2\/posts\/32170","targetHints":{"allow":["GET"]}}],"collection":[{"href":"http:\/\/argentinamunicipal.com.ar\/argentina\/wp-json\/wp\/v2\/posts"}],"about":[{"href":"http:\/\/argentinamunicipal.com.ar\/argentina\/wp-json\/wp\/v2\/types\/post"}],"author":[{"embeddable":true,"href":"http:\/\/argentinamunicipal.com.ar\/argentina\/wp-json\/wp\/v2\/users\/2"}],"replies":[{"embeddable":true,"href":"http:\/\/argentinamunicipal.com.ar\/argentina\/wp-json\/wp\/v2\/comments?post=32170"}],"version-history":[{"count":0,"href":"http:\/\/argentinamunicipal.com.ar\/argentina\/wp-json\/wp\/v2\/posts\/32170\/revisions"}],"wp:featuredmedia":[{"embeddable":true,"href":"http:\/\/argentinamunicipal.com.ar\/argentina\/wp-json\/wp\/v2\/media\/32171"}],"wp:attachment":[{"href":"http:\/\/argentinamunicipal.com.ar\/argentina\/wp-json\/wp\/v2\/media?parent=32170"}],"wp:term":[{"taxonomy":"category","embeddable":true,"href":"http:\/\/argentinamunicipal.com.ar\/argentina\/wp-json\/wp\/v2\/categories?post=32170"},{"taxonomy":"post_tag","embeddable":true,"href":"http:\/\/argentinamunicipal.com.ar\/argentina\/wp-json\/wp\/v2\/tags?post=32170"}],"curies":[{"name":"wp","href":"https:\/\/api.w.org\/{rel}","templated":true}]}}