{"id":32173,"date":"2015-06-29T09:39:24","date_gmt":"2015-06-29T12:39:24","guid":{"rendered":"http:\/\/argentinamunicipal.com.ar\/argentina\/?p=32173"},"modified":"2015-07-08T09:48:53","modified_gmt":"2015-07-08T12:48:53","slug":"cippec-reunira-a-intendentes-de-todo-el-pais-en-la-cumbre-de-lideres-municipales","status":"publish","type":"post","link":"http:\/\/argentinamunicipal.com.ar\/argentina\/cippec-reunira-a-intendentes-de-todo-el-pais-en-la-cumbre-de-lideres-municipales\/","title":{"rendered":"CIPPEC reunir\u00e1 a intendentes de todo el pa\u00eds en la Cumbre de L\u00edderes Municipales"},"content":{"rendered":"<p>&nbsp;<\/p>\n<p><a href=\"http:\/\/argentinamunicipal.com.ar\/argentina\/wp-content\/uploads\/2015\/06\/luna-de-miel-en-Argentina_01.jpg\"><img loading=\"lazy\" decoding=\"async\" class=\"aligncenter size-full wp-image-32202\" src=\"http:\/\/argentinamunicipal.com.ar\/argentina\/wp-content\/uploads\/2015\/06\/luna-de-miel-en-Argentina_01.jpg\" alt=\"luna-de-miel-en-Argentina_01\" width=\"530\" height=\"350\" srcset=\"http:\/\/argentinamunicipal.com.ar\/argentina\/wp-content\/uploads\/2015\/06\/luna-de-miel-en-Argentina_01.jpg 530w, http:\/\/argentinamunicipal.com.ar\/argentina\/wp-content\/uploads\/2015\/06\/luna-de-miel-en-Argentina_01-300x198.jpg 300w\" sizes=\"auto, (max-width: 530px) 100vw, 530px\" \/><\/a><\/p>\n<p>En el d\u00e9cimo aniversario de la iniciativa L\u00edderes Municipales, CIPPEC reunir\u00e1 a intendentes de todo el pa\u00eds para analizar pol\u00edticas que promuevan ciudades inclusivas, sustentables, pr\u00f3speras y vitales, y con mayor calidad institucional.<\/p>\n<p>Intendentes representativos de todo el arco pol\u00edtico y de las diferentes regiones del pa\u00eds participar\u00e1n de la Cumbre de L\u00edderes Municipales, una iniciativa que hace diez a\u00f1os promueve el Programa de Desarrollo Local de CIPPEC. El encuentro se realizar\u00e1 en la Embajada de Espa\u00f1a, el lunes 29 de junio a las 9 horas.<\/p>\n<p>Durante toda la jornada, las m\u00e1ximas autoridades locales debatir\u00e1n el rol de los gobiernos locales y pol\u00edticas para promover ciudades inclusivas, sustentables, pr\u00f3speras y vitales, y con mayor calidad institucional. \u00abEste a\u00f1o convocamos a los intendentes a analizar y debatir el rol de los gobiernos locales y la agenda estrat\u00e9gica de los pr\u00f3ximos a\u00f1os\u00bb, indic\u00f3 Lorena Schejtman, coordinadora del Programa de Desarrollo Local.<\/p>\n<p>La apertura de la cumbre contar\u00e1 con la participaci\u00f3n de Estanislao de Grandes Pascal, embajador de Espa\u00f1a en la Argentina, y de Fernando Straface, director ejecutivo de CIPPEC. En tanto, Martim Smolka, director para Am\u00e9rica Latina del Lincoln Institute of Land Policy de Boston (EEUU), quien disertar\u00e1 sobre pol\u00edticas de suelo y herramientas de recupero de plusval\u00edas urbanas en Am\u00e9rica Latina.<\/p>\n<p>\u00abLos gobiernos locales tienen cada vez mayor protagonismo en la implementaci\u00f3n de pol\u00edticas p\u00fablicas en Argentina, con impacto directo en la calidad de vida de la poblaci\u00f3n. Resulta clave sumar las voces de quienes han liderado los gobiernos locales en los \u00faltimos a\u00f1os e instalar la problem\u00e1tica municipal y urbana en la agenda nacional\u00bb, afirm\u00f3 Schejtman.<\/p>\n<p>L\u00edderes Municipales es una iniciativa del Programa de Desarrollo Local de CIPPEC que promueve instancias de formaci\u00f3n y desarrollo de capacidades para mejorar las pol\u00edticas p\u00fablicas locales y las condiciones de vida de la poblaci\u00f3n. Desde 2006, ha capacitado a m\u00e1s de 500 intendentes, funcionarios municipales y concejales de 215 municipios de 22 provincias.<\/p>\n<h6>Fuente:\u00a0cippec.org<\/h6>\n","protected":false},"excerpt":{"rendered":"<p>En el d\u00e9cimo aniversario de la iniciativa L\u00edderes Municipales, CIPPEC reunir\u00e1 a intendentes de todo el pa\u00eds para analizar pol\u00edticas que promuevan ciudades inclusivas, sustentables, pr\u00f3speras y vitales, y con mayor calidad institucional. <\/p>\n","protected":false},"author":2,"featured_media":32202,"comment_status":"closed","ping_status":"closed","sticky":false,"template":"","format":"standard","meta":{"footnotes":""},"categories":[2],"tags":[12],"class_list":["post-32173","post","type-post","status-publish","format-standard","has-post-thumbnail","hentry","category-informe-municipal","tag-buenos-aires"],"_links":{"self":[{"href":"http:\/\/argentinamunicipal.com.ar\/argentina\/wp-json\/wp\/v2\/posts\/32173","targetHints":{"allow":["GET"]}}],"collection":[{"href":"http:\/\/argentinamunicipal.com.ar\/argentina\/wp-json\/wp\/v2\/posts"}],"about":[{"href":"http:\/\/argentinamunicipal.com.ar\/argentina\/wp-json\/wp\/v2\/types\/post"}],"author":[{"embeddable":true,"href":"http:\/\/argentinamunicipal.com.ar\/argentina\/wp-json\/wp\/v2\/users\/2"}],"replies":[{"embeddable":true,"href":"http:\/\/argentinamunicipal.com.ar\/argentina\/wp-json\/wp\/v2\/comments?post=32173"}],"version-history":[{"count":0,"href":"http:\/\/argentinamunicipal.com.ar\/argentina\/wp-json\/wp\/v2\/posts\/32173\/revisions"}],"wp:featuredmedia":[{"embeddable":true,"href":"http:\/\/argentinamunicipal.com.ar\/argentina\/wp-json\/wp\/v2\/media\/32202"}],"wp:attachment":[{"href":"http:\/\/argentinamunicipal.com.ar\/argentina\/wp-json\/wp\/v2\/media?parent=32173"}],"wp:term":[{"taxonomy":"category","embeddable":true,"href":"http:\/\/argentinamunicipal.com.ar\/argentina\/wp-json\/wp\/v2\/categories?post=32173"},{"taxonomy":"post_tag","embeddable":true,"href":"http:\/\/argentinamunicipal.com.ar\/argentina\/wp-json\/wp\/v2\/tags?post=32173"}],"curies":[{"name":"wp","href":"https:\/\/api.w.org\/{rel}","templated":true}]}}