{"id":32198,"date":"2015-06-29T10:11:02","date_gmt":"2015-06-29T13:11:02","guid":{"rendered":"http:\/\/argentinamunicipal.com.ar\/argentina\/?p=32198"},"modified":"2015-06-29T10:11:02","modified_gmt":"2015-06-29T13:11:02","slug":"se-comercializaron-mas-de-600-millones-en-ferias-de-todo-el-pais","status":"publish","type":"post","link":"http:\/\/argentinamunicipal.com.ar\/argentina\/se-comercializaron-mas-de-600-millones-en-ferias-de-todo-el-pais\/","title":{"rendered":"Se comercializaron m\u00e1s de $600 millones en ferias de todo el pa\u00eds"},"content":{"rendered":"<p><a href=\"http:\/\/argentinamunicipal.com.ar\/argentina\/wp-content\/uploads\/2015\/06\/Feria-de-frutas-y-verduras-5-e1435583384132.jpg\"><img loading=\"lazy\" decoding=\"async\" class=\"aligncenter wp-image-32199\" src=\"http:\/\/argentinamunicipal.com.ar\/argentina\/wp-content\/uploads\/2015\/06\/Feria-de-frutas-y-verduras-5-e1435583384132.jpg\" alt=\"\" width=\"661\" height=\"436\" srcset=\"http:\/\/argentinamunicipal.com.ar\/argentina\/wp-content\/uploads\/2015\/06\/Feria-de-frutas-y-verduras-5-e1435583384132.jpg 1468w, http:\/\/argentinamunicipal.com.ar\/argentina\/wp-content\/uploads\/2015\/06\/Feria-de-frutas-y-verduras-5-e1435583384132-300x198.jpg 300w, http:\/\/argentinamunicipal.com.ar\/argentina\/wp-content\/uploads\/2015\/06\/Feria-de-frutas-y-verduras-5-e1435583384132-1024x675.jpg 1024w\" sizes=\"auto, (max-width: 661px) 100vw, 661px\" \/><\/a><br \/>\nEl ministro de Agricultura, Ganader\u00eda y Pesca de la Naci\u00f3n, Carlos Casamiquela, dijo que en el \u00faltimo a\u00f1o se comercializaron m\u00e1s de 600 millones de pesos en ferias donde se comercializan productos de agricultura familiar en todo el pa\u00eds, y destac\u00f3 el apoyo del Gobierno nacional a la generaci\u00f3n de estos espacios.<\/p>\n<p>En el \u00faltimo a\u00f1o se comercializaron m\u00e1s de 600.000.000 de pesos beneficiando de forma directa a los eslabones m\u00e1s d\u00e9biles de la cadena: productores y consumidores\u201d, se\u00f1al\u00f3 Casamiquela durante el 3\u00b0 Encuentro Nacional de Ferias Francas y Mercados Solidarios que culmina hoy en la ciudad de Ober\u00e1, Misiones, evento del que participaron unos 3.000 mil expositores feriantes provenientes de 20 provincias de la Argentina y de organizaciones de pa\u00edses vecinos.<\/p>\n<p>Dijo que el Gobierno nacional gener\u00f3 \u201cespacios de comercializaci\u00f3n que reactivan y potencian las posibilidades desde la producci\u00f3n en las chacras y la venta directa en los puestos feriales, respetando y promoviendo una producci\u00f3n y comercializaci\u00f3n sin intermediarios\u201d.<\/p>\n<p>Acompa\u00f1ado por su jefe de Gabinete, H\u00e9ctor Espina, y los secretarios de Coordinaci\u00f3n Pol\u00edtico Institucional y Emergencia Agropecuaria, Javier Rodr\u00edguez y de Agricultura Familiar, Emilio P\u00e9rsico, el titular de la cartera agropecuaria se\u00f1al\u00f3 que el Estado nacional invirti\u00f3 en los \u00faltimos cuatro a\u00f1os unos \u201cseis mil millones de pesos en la agricultura familiar\u201d que permiti\u00f3 -entre otras cosas- \u201cla explosi\u00f3n de ferias francas desde el 2012\u201d.<\/p>\n<p>La popularidad de estos espacios de comercializaci\u00f3n logr\u00f3 un cambio radical en la vida de los peque\u00f1os productores y de los consumidores que participan en todas las regiones.<\/p>\n<p>En la feria de Ober\u00e1 se pudo observar la actividad productiva de campesinos, horticultores, pescadores artesanales como agentes del desarrollo socioecon\u00f3mico de los lugares en los que viven, donde se llevan adelante 700 ferias durante el a\u00f1o y que configuran un modo de comercializaci\u00f3n directo entre quienes producen los alimentos y los compradores, que permite un ahorro estimado en un 40 por ciento.<\/p>\n<p>\u201cEstamos poniendo en valor las ferias francas porque achican la brecha en el precio que cobra el que produce y lo que paga el que consume\u201d, dijo Casamiquela quien remarc\u00f3 que en el pa\u00eds 300.000 consumidores adquieren productos directamente de los agricultores familiares.<\/p>\n<p>Seg\u00fan se desprende de una investigaci\u00f3n desarrollada por t\u00e9cnicos del MAGyP, a trav\u00e9s del Instituto Nacional de Tecnolog\u00eda Agropecuaria (INTA), se determin\u00f3 que las verduras y hortalizas frescas que son comercializadas por estas v\u00edas cuestan entre un 20 y 77 por ciento menos que en los supermercados.<\/p>\n<p>En el d\u00eda de ayer, junto al gobernador de Misiones, Maurice Closs, se llev\u00f3 adelante el acto central en el Parque de las Naciones de Ober\u00e1 -bajo el lema \u201c20 a\u00f1os construyendo una econom\u00eda diferente\u201d- donde se firmaron importantes convenios y entrega de aportes para el desarrollo de la producci\u00f3n de la regi\u00f3n y el fortalecimiento de los agricultores familiares por m\u00e1s de 10 millones de pesos (entre Naci\u00f3n y provincia).<\/p>\n<p>En ese marco, Casamiquela expres\u00f3 que \u201cel Estado est\u00e1 presente para fortalecer el desarrollo de la agricultura familiar en todo el pa\u00eds. Y este encuentro demuestra una vez m\u00e1s la capacidad de nuestros productores no s\u00f3lo para autoabastecerse, sino tambi\u00e9n para pensarse colectivamente\u201d.<\/p>\n<p>En misiones existen hoy 80 organizaciones de feriantes agrupados en la Asociaci\u00f3n provincial de ferias francas y en la actualidad existen cerca de 700 ferias de agricultores familiares, las cuales involucran a m\u00e1s de 10.000 agricultores familiares que tienen la posibilidad de acercar sus productos a unos 600.000 consumidores por mes.<\/p>\n<h6>Fuente: ADN<\/h6>\n","protected":false},"excerpt":{"rendered":"<p>El ministro de Agricultura, Ganader\u00eda y Pesca de la Naci\u00f3n, Carlos Casamiquela, dijo que en el \u00faltimo a\u00f1o se comercializaron m\u00e1s de 600 millones de pesos en ferias donde se comercializan productos de agricultura familiar en todo el pa\u00eds, y destac\u00f3 el apoyo del Gobierno nacional a la generaci\u00f3n de estos espacios. En el \u00faltimo<\/p>\n","protected":false},"author":2,"featured_media":32199,"comment_status":"closed","ping_status":"closed","sticky":false,"template":"","format":"standard","meta":{"footnotes":""},"categories":[8],"tags":[21],"class_list":["post-32198","post","type-post","status-publish","format-standard","has-post-thumbnail","hentry","category-informe-nacional","tag-argentina"],"_links":{"self":[{"href":"http:\/\/argentinamunicipal.com.ar\/argentina\/wp-json\/wp\/v2\/posts\/32198","targetHints":{"allow":["GET"]}}],"collection":[{"href":"http:\/\/argentinamunicipal.com.ar\/argentina\/wp-json\/wp\/v2\/posts"}],"about":[{"href":"http:\/\/argentinamunicipal.com.ar\/argentina\/wp-json\/wp\/v2\/types\/post"}],"author":[{"embeddable":true,"href":"http:\/\/argentinamunicipal.com.ar\/argentina\/wp-json\/wp\/v2\/users\/2"}],"replies":[{"embeddable":true,"href":"http:\/\/argentinamunicipal.com.ar\/argentina\/wp-json\/wp\/v2\/comments?post=32198"}],"version-history":[{"count":0,"href":"http:\/\/argentinamunicipal.com.ar\/argentina\/wp-json\/wp\/v2\/posts\/32198\/revisions"}],"wp:featuredmedia":[{"embeddable":true,"href":"http:\/\/argentinamunicipal.com.ar\/argentina\/wp-json\/wp\/v2\/media\/32199"}],"wp:attachment":[{"href":"http:\/\/argentinamunicipal.com.ar\/argentina\/wp-json\/wp\/v2\/media?parent=32198"}],"wp:term":[{"taxonomy":"category","embeddable":true,"href":"http:\/\/argentinamunicipal.com.ar\/argentina\/wp-json\/wp\/v2\/categories?post=32198"},{"taxonomy":"post_tag","embeddable":true,"href":"http:\/\/argentinamunicipal.com.ar\/argentina\/wp-json\/wp\/v2\/tags?post=32198"}],"curies":[{"name":"wp","href":"https:\/\/api.w.org\/{rel}","templated":true}]}}