{"id":3221,"date":"2014-03-07T16:18:24","date_gmt":"2014-03-07T19:18:24","guid":{"rendered":"http:\/\/argentinamunicipal.com.ar\/argentina\/?p=3221"},"modified":"2014-03-07T16:18:24","modified_gmt":"2014-03-07T19:18:24","slug":"bahia-blanca-mas-cerca-en-la-paritaria-de-la-comuna","status":"publish","type":"post","link":"http:\/\/argentinamunicipal.com.ar\/argentina\/bahia-blanca-mas-cerca-en-la-paritaria-de-la-comuna\/","title":{"rendered":"Bah\u00eda Blanca: M\u00e1s cerca en la paritaria de la comuna"},"content":{"rendered":"<div id=\"attachment_1297\" style=\"width: 596px\" class=\"wp-caption aligncenter\"><a href=\"http:\/\/argentinamunicipal.com.ar\/argentina\/wp-content\/uploads\/2014\/02\/bahia61.jpg\"><img loading=\"lazy\" decoding=\"async\" aria-describedby=\"caption-attachment-1297\" class=\"size-full wp-image-1297\" alt=\"Municipalidad de Bah\u00eda Blanca\" src=\"http:\/\/argentinamunicipal.com.ar\/argentina\/wp-content\/uploads\/2014\/02\/bahia61.jpg\" width=\"586\" height=\"386\" srcset=\"http:\/\/argentinamunicipal.com.ar\/argentina\/wp-content\/uploads\/2014\/02\/bahia61.jpg 586w, http:\/\/argentinamunicipal.com.ar\/argentina\/wp-content\/uploads\/2014\/02\/bahia61-300x197.jpg 300w\" sizes=\"auto, (max-width: 586px) 100vw, 586px\" \/><\/a><p id=\"caption-attachment-1297\" class=\"wp-caption-text\">Municipalidad de Bah\u00eda Blanca<\/p><\/div>\n<p>El gremio pidi\u00f3 un ajuste anual del 35%. \u201cTodav\u00eda la propuesta del municipio es insuficiente\u00bb, dijo ayer el secretario general del Sindicato de Trabajadores Municipales, Miguel Ag\u00fcero.<\/p>\n<p>El municipio solicit\u00f3 ayer un nuevo cuarto intermedio hasta el lunes para terminar de analizar el porcentaje de aumento que ofrecer\u00e1 a los empleados de la comuna en 2014.<\/p>\n<p>\u201cSe est\u00e1 haciendo un esfuerzo may\u00fasculo de ambas partes, pero todav\u00eda la propuesta del municipio es insuficiente para nuestras expectativas. De todas maneras, somos optimistas\u201d, dijo ayer el secretario general del Sindicato de Trabajadores Municipales, Miguel Ag\u00fcero.<\/p>\n<p>El gremio pidi\u00f3 un ajuste anual del 35%, con la expectativa de que ese valor pueda ser reconsiderado a mitad de a\u00f1o, teniendo en cuenta la incertidumbre econ\u00f3mica.<\/p>\n<p>En el encuentro de ayer se convino establecer un valor \u00fanico para todo el a\u00f1o, aunque se acord\u00f3 incluir en la paritaria una cl\u00e1usula para analizar la evoluci\u00f3n del \u00edndice inflaci\u00f3n mes a mes.<\/p>\n<p>Ag\u00fcero defini\u00f3 adem\u00e1s como \u201cmuy positivo\u201d el acuerdo para incorporar a planta a los 140 empleados que hoy revisten car\u00e1cter de temporarios, precarizados o becarios. \u201cCon orgullo podemos decir que este a\u00f1o el municipio no tendr\u00e1 m\u00e1s empleados en esas condiciones\u201d, afirm\u00f3.<\/p>\n<h6>Fuente: La Nueva Provincia<\/h6>\n","protected":false},"excerpt":{"rendered":"<p>El gremio pidi\u00f3 un ajuste anual del 35%. \u201cTodav\u00eda la propuesta del municipio es insuficiente\u00bb, dijo ayer el secretario general del Sindicato de Trabajadores Municipales, Miguel Ag\u00fcero. El municipio solicit\u00f3 ayer un nuevo cuarto intermedio hasta el lunes para terminar de analizar el porcentaje de aumento que ofrecer\u00e1 a los empleados de la comuna en<\/p>\n","protected":false},"author":1,"featured_media":0,"comment_status":"closed","ping_status":"closed","sticky":false,"template":"","format":"standard","meta":{"footnotes":""},"categories":[7],"tags":[12],"class_list":["post-3221","post","type-post","status-publish","format-standard","hentry","category-informe-sindical","tag-buenos-aires"],"_links":{"self":[{"href":"http:\/\/argentinamunicipal.com.ar\/argentina\/wp-json\/wp\/v2\/posts\/3221","targetHints":{"allow":["GET"]}}],"collection":[{"href":"http:\/\/argentinamunicipal.com.ar\/argentina\/wp-json\/wp\/v2\/posts"}],"about":[{"href":"http:\/\/argentinamunicipal.com.ar\/argentina\/wp-json\/wp\/v2\/types\/post"}],"author":[{"embeddable":true,"href":"http:\/\/argentinamunicipal.com.ar\/argentina\/wp-json\/wp\/v2\/users\/1"}],"replies":[{"embeddable":true,"href":"http:\/\/argentinamunicipal.com.ar\/argentina\/wp-json\/wp\/v2\/comments?post=3221"}],"version-history":[{"count":0,"href":"http:\/\/argentinamunicipal.com.ar\/argentina\/wp-json\/wp\/v2\/posts\/3221\/revisions"}],"wp:attachment":[{"href":"http:\/\/argentinamunicipal.com.ar\/argentina\/wp-json\/wp\/v2\/media?parent=3221"}],"wp:term":[{"taxonomy":"category","embeddable":true,"href":"http:\/\/argentinamunicipal.com.ar\/argentina\/wp-json\/wp\/v2\/categories?post=3221"},{"taxonomy":"post_tag","embeddable":true,"href":"http:\/\/argentinamunicipal.com.ar\/argentina\/wp-json\/wp\/v2\/tags?post=3221"}],"curies":[{"name":"wp","href":"https:\/\/api.w.org\/{rel}","templated":true}]}}