{"id":32220,"date":"2015-06-30T10:52:19","date_gmt":"2015-06-30T13:52:19","guid":{"rendered":"http:\/\/argentinamunicipal.com.ar\/argentina\/?p=32220"},"modified":"2015-06-30T10:52:19","modified_gmt":"2015-06-30T13:52:19","slug":"capitan-bermudez-exige-datos-y-medidas-por-el-alto-indice-de-cancer","status":"publish","type":"post","link":"http:\/\/argentinamunicipal.com.ar\/argentina\/capitan-bermudez-exige-datos-y-medidas-por-el-alto-indice-de-cancer\/","title":{"rendered":"Capit\u00e1n Berm\u00fadez exige datos y medidas por el alto \u00edndice de c\u00e1ncer"},"content":{"rendered":"<div id=\"attachment_32221\" style=\"width: 631px\" class=\"wp-caption aligncenter\"><a href=\"http:\/\/argentinamunicipal.com.ar\/argentina\/wp-content\/uploads\/2015\/06\/06-30-LR1601.jpg_88717827.jpg\"><img loading=\"lazy\" decoding=\"async\" aria-describedby=\"caption-attachment-32221\" class=\"size-full wp-image-32221\" src=\"http:\/\/argentinamunicipal.com.ar\/argentina\/wp-content\/uploads\/2015\/06\/06-30-LR1601.jpg_88717827.jpg\" alt=\"Da\u00f1ino. Cada vez m\u00e1s se relaciona la incidencia negativa de productos fitosanitarios y la fumigaci\u00f3n en la salud humana.\" width=\"621\" height=\"465\" srcset=\"http:\/\/argentinamunicipal.com.ar\/argentina\/wp-content\/uploads\/2015\/06\/06-30-LR1601.jpg_88717827.jpg 621w, http:\/\/argentinamunicipal.com.ar\/argentina\/wp-content\/uploads\/2015\/06\/06-30-LR1601.jpg_88717827-300x225.jpg 300w\" sizes=\"auto, (max-width: 621px) 100vw, 621px\" \/><\/a><p id=\"caption-attachment-32221\" class=\"wp-caption-text\">Da\u00f1ino. Cada vez m\u00e1s se relaciona la incidencia negativa de productos fitosanitarios y la fumigaci\u00f3n en la salud humana.<\/p><\/div>\n<p>Vecinos presentar\u00e1n un petitorio a la Intendencia y tambi\u00e9n a los ministerios de Salud provincial y nacional.\u00a0La mortalidad supera en forma preocupante a la media nacional.<\/p>\n<p>Un grupo de vecinos de Capit\u00e1n Berm\u00fadez, con el apoyo de entidades ecologistas, entregar\u00e1n en d\u00edas al intendente, Mario Montizanti, y al Ministerio de Salud provincial y nacional, un petitorio con firmas para pedir informaci\u00f3n y medidas en cuanto a los \u00edndices de enfermedades oncol\u00f3gicas y afecciones respiratorias en la regi\u00f3n del cord\u00f3n industrial, en virtud de la creciente cantidad de casos de c\u00e1ncer en la ciudad y cuyo nivel de mortalidad supera en forma alarmante a la media nacional.<\/p>\n<p>Esta semana se cerrar\u00e1 la recolecci\u00f3n de firmas para acompa\u00f1ar esta iniciativa, que tiene por objetivo saber con certeza \u00absobre los \u00edndices de enfermedades oncol\u00f3gicas y afecciones respiratorias en Capit\u00e1n Berm\u00fadez; en torno a las medidas tomadas para identificar y modificar factores ambientales que puedan estar asociados a esta situaci\u00f3n y acerca de las medidas preventivas tendientes a identificar pacientes de alto riesgo de las enfermedades oncol\u00f3gicas de mayor prevalencia\u00bb, reza el petitorio.<\/p>\n<p>En alerta. \u00abLos vecinos de Capit\u00e1n Berm\u00fadez estamos profundamente preocupados y en alerta frente a la creciente cantidad de casos de c\u00e1ncer en nuestra ciudad. Esta grave situaci\u00f3n, en parte, ha sido corroborada por los estudios presentados por el Ministerio de Salud de la provincia, los cuales indican que la tasa de mortalidad de c\u00e1ncer colorectal en esta ciudad est\u00e1 cerca del doble de la media nacional\u00bb, encabeza el documento, que se estima estar\u00e1 acompa\u00f1ado por m\u00e1s de mil r\u00fabricas de bermudenses.<\/p>\n<p>El reclamo de los autoconvocados es acompa\u00f1ado por el Taller Ecologista y la organizaci\u00f3n local Semillas del Futuro, entre otras entidades acompladas a la campa\u00f1a que surgi\u00f3 hace pocos a\u00f1os, cuando se dieron a conocer una serie de informes emitidos desde el Ministerio de Salud provincial, a partir de un pedido, a mediados de 2008, cuando un grupo de vecinos de Capit\u00e1n Berm\u00fadez le plantearon a la cartera \u00absu preocupaci\u00f3n ante la muerte por leucemia de dos menores en edad escolar y su potencial asociaci\u00f3n con la contaminaci\u00f3n ambiental de la regi\u00f3n\u00bb, se recuerda en la introducci\u00f3n del documento de la situaci\u00f3n de morbilidad entre 2005 y 2009, y de mortalidad entre 2007 y 2009 en Baigorria, Ibarlucea, San Lorenzo, Berm\u00fadez, Puerto San Mart\u00edn, Beltr\u00e1n, Ricardone y Timb\u00faes.<\/p>\n<p>Las ciudades m\u00e1s afectadas. Seg\u00fan el texto, San Lorenzo y Capit\u00e1n Berm\u00fadez revelan la presencia de ciertos tumores a un nivel por encima de la media nacional, y hasta duplican su cantidad. A tres a\u00f1os de publicado el informe provincial, los vecinos contin\u00faan en alerta y por eso se lanz\u00f3 la campa\u00f1a para juntar firmas y reforzar as\u00ed el reclamo al gobierno local. \u00abNuestra intenci\u00f3n era juntar mil firmas en la ciudad, pero creo que ya las superamos y por eso esta semana ya vamos a cerrar las planillas, que enviaremos no solamente a la Intendencia, sino tambi\u00e9n al Ministerio de Salud de la provincia y de la Naci\u00f3n\u00bb, indic\u00f3 a La Capital Enzo Di Crosta, uno de los bermudenses que encabeza esta cruzada.<\/p>\n<p>\u00abLo que pretendemos es saber si el intendente Montizanti est\u00e1 manejando esta informaci\u00f3n y si va tomar medidas. El 9 de enero le pedimos una entrevista para tratar el tema, pero jam\u00e1s nos contest\u00f3 y mientras tanto, el c\u00e1ncer, principalmente colorectal y leucemia, avanzan, y no distinguen entre edades. Reci\u00e9n me enter\u00e9 que hay dos casos m\u00e1s, de chicos que juegan al f\u00fatbol que est\u00e1n enfermos. Esta situaci\u00f3n es comparable a la de Monte Ma\u00edz y a otros lugares donde el mayor flagelo son las fumigaciones, como Entre R\u00edos y ac\u00e1 mismo en Santa Fe. Uno presupone que la causa de tantos casos son las industrias, las papeleras, las cerealeras, los qu\u00edmicos y pesticidas que se utilizan\u00bb, remat\u00f3 el vecino.<\/p>\n<h6>Fuente: La Capital, Rosario<\/h6>\n","protected":false},"excerpt":{"rendered":"<p>Vecinos presentar\u00e1n un petitorio a la Intendencia y tambi\u00e9n a los ministerios de Salud provincial y nacional.\u00a0La mortalidad supera en forma preocupante a la media nacional. Un grupo de vecinos de Capit\u00e1n Berm\u00fadez, con el apoyo de entidades ecologistas, entregar\u00e1n en d\u00edas al intendente, Mario Montizanti, y al Ministerio de Salud provincial y nacional, un<\/p>\n","protected":false},"author":2,"featured_media":32221,"comment_status":"closed","ping_status":"closed","sticky":false,"template":"","format":"standard","meta":{"footnotes":""},"categories":[2],"tags":[10],"class_list":["post-32220","post","type-post","status-publish","format-standard","has-post-thumbnail","hentry","category-informe-municipal","tag-santa-fe"],"_links":{"self":[{"href":"http:\/\/argentinamunicipal.com.ar\/argentina\/wp-json\/wp\/v2\/posts\/32220","targetHints":{"allow":["GET"]}}],"collection":[{"href":"http:\/\/argentinamunicipal.com.ar\/argentina\/wp-json\/wp\/v2\/posts"}],"about":[{"href":"http:\/\/argentinamunicipal.com.ar\/argentina\/wp-json\/wp\/v2\/types\/post"}],"author":[{"embeddable":true,"href":"http:\/\/argentinamunicipal.com.ar\/argentina\/wp-json\/wp\/v2\/users\/2"}],"replies":[{"embeddable":true,"href":"http:\/\/argentinamunicipal.com.ar\/argentina\/wp-json\/wp\/v2\/comments?post=32220"}],"version-history":[{"count":0,"href":"http:\/\/argentinamunicipal.com.ar\/argentina\/wp-json\/wp\/v2\/posts\/32220\/revisions"}],"wp:featuredmedia":[{"embeddable":true,"href":"http:\/\/argentinamunicipal.com.ar\/argentina\/wp-json\/wp\/v2\/media\/32221"}],"wp:attachment":[{"href":"http:\/\/argentinamunicipal.com.ar\/argentina\/wp-json\/wp\/v2\/media?parent=32220"}],"wp:term":[{"taxonomy":"category","embeddable":true,"href":"http:\/\/argentinamunicipal.com.ar\/argentina\/wp-json\/wp\/v2\/categories?post=32220"},{"taxonomy":"post_tag","embeddable":true,"href":"http:\/\/argentinamunicipal.com.ar\/argentina\/wp-json\/wp\/v2\/tags?post=32220"}],"curies":[{"name":"wp","href":"https:\/\/api.w.org\/{rel}","templated":true}]}}