{"id":32234,"date":"2015-06-30T11:12:58","date_gmt":"2015-06-30T14:12:58","guid":{"rendered":"http:\/\/argentinamunicipal.com.ar\/argentina\/?p=32234"},"modified":"2015-06-30T11:12:58","modified_gmt":"2015-06-30T14:12:58","slug":"quieren-actualizar-el-codigo-de-edificacion-de-parana","status":"publish","type":"post","link":"http:\/\/argentinamunicipal.com.ar\/argentina\/quieren-actualizar-el-codigo-de-edificacion-de-parana\/","title":{"rendered":"Quieren actualizar el C\u00f3digo de Edificaci\u00f3n de Paran\u00e1"},"content":{"rendered":"<p><a href=\"http:\/\/argentinamunicipal.com.ar\/argentina\/wp-content\/uploads\/2015\/06\/Parana-1.jpg\"><img loading=\"lazy\" decoding=\"async\" class=\"aligncenter  wp-image-32235\" src=\"http:\/\/argentinamunicipal.com.ar\/argentina\/wp-content\/uploads\/2015\/06\/Parana-1.jpg\" alt=\"Parana-1\" width=\"602\" height=\"400\" srcset=\"http:\/\/argentinamunicipal.com.ar\/argentina\/wp-content\/uploads\/2015\/06\/Parana-1.jpg 747w, http:\/\/argentinamunicipal.com.ar\/argentina\/wp-content\/uploads\/2015\/06\/Parana-1-300x199.jpg 300w\" sizes=\"auto, (max-width: 602px) 100vw, 602px\" \/><\/a><br \/>\nEl presidente del Concejo Deliberante de Paran\u00e1 es autor de una iniciativa mediante la cual propone actualizar el C\u00f3digo de Edificaci\u00f3n local, que cuenta con un reglamento que data de la d\u00e9cada de los a\u00f1os 60.<\/p>\n<p>En los fundamentos de la iniciativa, que tomar\u00e1 estado parlamentario en la sesi\u00f3n ordinaria que el cuerpo legislativo celebrar\u00e1 este martes 30 de junio, a partir de las diez, Gast\u00f3n Grand se\u00f1ala que constituye una \u00abherramienta de control del municipio respecto de la obra edilicia\u00bb.<\/p>\n<p>El proyecto se elabor\u00f3 previa consulta con entidades intermedias como el Instituto Provincial de la Discapacidad, C\u00e1mara de la Construcci\u00f3n, Colegios de Arquitectos, Ingenieros Civiles, Maestros Mayores de Obra, Ingenieros Especialistas y Bomberos Zapadores, a quienes se requiri\u00f3 la revisi\u00f3n del C\u00f3digo y el aporte particular de cada uno de ellos.<\/p>\n<p><strong>Agricultura Urbana<\/strong><\/p>\n<p>Tambi\u00e9n ingresar\u00e1 un proyecto de ordenanza que contempla la creaci\u00f3n del Programa de \u00abAgricultura Urbana\u00bb. El proyecto tiene por finalidad recuperar espacios p\u00fablicos con fines sociales a trav\u00e9s de su aprovechamiento socio-productivo, promoviendo huertas comunitarias de producci\u00f3n, as\u00ed como la constituci\u00f3n de Cooperativas de Huerteros que permitan a quienes participan del Programa un ingreso sostenido. La iniciativa tambi\u00e9n es autor\u00eda del titular de la legislatura paranaense, Gast\u00f3n Grand.<\/p>\n<p><strong>Comercializaci\u00f3n de Residuos S\u00f3lidos Urbanos<\/strong><\/p>\n<p>En la sesi\u00f3n ingresar\u00e1 a consideraci\u00f3n del cuerpo deliberativo paranaense un proyecto elevado por el Departamento Ejecutivo Municipal y que cuenta con dictamen favorable de la Comisi\u00f3n de Legislaci\u00f3n, mediante el cual se autoriza al D.E.M. a la comercializaci\u00f3n en forma directa, de los residuos s\u00f3lidos urbanos generados por la Planta de Clasificaci\u00f3n y Tratamiento de Residuos \u00abManuel Belgrano\u00bb.<\/p>\n<p>El producido de dicha venta ser\u00e1 destinado a solventar las actividades de la Planta de Residuos y de las prestaciones que realiza la Cooperativa de Trabajo Nueva Vida Limitada, integrada por recuperadores informales de la basura.<\/p>\n<h6>Fuente: El Once<\/h6>\n","protected":false},"excerpt":{"rendered":"<p>El presidente del Concejo Deliberante de Paran\u00e1 es autor de una iniciativa mediante la cual propone actualizar el C\u00f3digo de Edificaci\u00f3n local, que cuenta con un reglamento que data de la d\u00e9cada de los a\u00f1os 60. En los fundamentos de la iniciativa, que tomar\u00e1 estado parlamentario en la sesi\u00f3n ordinaria que el cuerpo legislativo celebrar\u00e1<\/p>\n","protected":false},"author":2,"featured_media":32235,"comment_status":"closed","ping_status":"closed","sticky":false,"template":"","format":"standard","meta":{"footnotes":""},"categories":[2],"tags":[17],"class_list":["post-32234","post","type-post","status-publish","format-standard","has-post-thumbnail","hentry","category-informe-municipal","tag-entre-rios"],"_links":{"self":[{"href":"http:\/\/argentinamunicipal.com.ar\/argentina\/wp-json\/wp\/v2\/posts\/32234","targetHints":{"allow":["GET"]}}],"collection":[{"href":"http:\/\/argentinamunicipal.com.ar\/argentina\/wp-json\/wp\/v2\/posts"}],"about":[{"href":"http:\/\/argentinamunicipal.com.ar\/argentina\/wp-json\/wp\/v2\/types\/post"}],"author":[{"embeddable":true,"href":"http:\/\/argentinamunicipal.com.ar\/argentina\/wp-json\/wp\/v2\/users\/2"}],"replies":[{"embeddable":true,"href":"http:\/\/argentinamunicipal.com.ar\/argentina\/wp-json\/wp\/v2\/comments?post=32234"}],"version-history":[{"count":0,"href":"http:\/\/argentinamunicipal.com.ar\/argentina\/wp-json\/wp\/v2\/posts\/32234\/revisions"}],"wp:featuredmedia":[{"embeddable":true,"href":"http:\/\/argentinamunicipal.com.ar\/argentina\/wp-json\/wp\/v2\/media\/32235"}],"wp:attachment":[{"href":"http:\/\/argentinamunicipal.com.ar\/argentina\/wp-json\/wp\/v2\/media?parent=32234"}],"wp:term":[{"taxonomy":"category","embeddable":true,"href":"http:\/\/argentinamunicipal.com.ar\/argentina\/wp-json\/wp\/v2\/categories?post=32234"},{"taxonomy":"post_tag","embeddable":true,"href":"http:\/\/argentinamunicipal.com.ar\/argentina\/wp-json\/wp\/v2\/tags?post=32234"}],"curies":[{"name":"wp","href":"https:\/\/api.w.org\/{rel}","templated":true}]}}