{"id":32297,"date":"2015-07-01T08:41:39","date_gmt":"2015-07-01T11:41:39","guid":{"rendered":"http:\/\/argentinamunicipal.com.ar\/argentina\/?p=32297"},"modified":"2015-07-01T08:41:39","modified_gmt":"2015-07-01T11:41:39","slug":"el-concejo-deliberante-de-parana-dio-luz-verde-a-la-comercializacion-de-los-residuos-solidos-urbanos","status":"publish","type":"post","link":"http:\/\/argentinamunicipal.com.ar\/argentina\/el-concejo-deliberante-de-parana-dio-luz-verde-a-la-comercializacion-de-los-residuos-solidos-urbanos\/","title":{"rendered":"El Concejo Deliberante de Paran\u00e1 dio luz verde a la comercializaci\u00f3n de los residuos s\u00f3lidos urbanos"},"content":{"rendered":"<p><a href=\"http:\/\/argentinamunicipal.com.ar\/argentina\/wp-content\/uploads\/2015\/07\/apfdigital_254798_tapa_3062015_123734.jpg\"><img loading=\"lazy\" decoding=\"async\" class=\"aligncenter  wp-image-32298\" src=\"http:\/\/argentinamunicipal.com.ar\/argentina\/wp-content\/uploads\/2015\/07\/apfdigital_254798_tapa_3062015_123734.jpg\" alt=\"apfdigital_254798_tapa_3062015_123734\" width=\"672\" height=\"446\" srcset=\"http:\/\/argentinamunicipal.com.ar\/argentina\/wp-content\/uploads\/2015\/07\/apfdigital_254798_tapa_3062015_123734.jpg 1072w, http:\/\/argentinamunicipal.com.ar\/argentina\/wp-content\/uploads\/2015\/07\/apfdigital_254798_tapa_3062015_123734-300x199.jpg 300w, http:\/\/argentinamunicipal.com.ar\/argentina\/wp-content\/uploads\/2015\/07\/apfdigital_254798_tapa_3062015_123734-1024x680.jpg 1024w\" sizes=\"auto, (max-width: 672px) 100vw, 672px\" \/><\/a><\/p>\n<p>El Poder Legislativo local sesion\u00f3 este martes y aprob\u00f3 un proyecto de ordenanza remitido por el Ejecutivo que autoriza la comercializaci\u00f3n de los residuos s\u00f3lidos urbanos generados en la Planta de Reciclado \u2022 Adem\u00e1s, ingres\u00f3 al recinto una iniciativa que propone actualizar el C\u00f3digo de Edificaci\u00f3n \u2022 El proyecto de los concejales opositores, pidiendo que se devuelvan los terrenos cedidos para la construcci\u00f3n del estadio \u00fanico volvi\u00f3 a comisi\u00f3n<\/p>\n<p>El Concejo Deliberante de Paran\u00e1 sesion\u00f3 este martes y aprob\u00f3 un proyecto del Ejecutivo que autoriza a proceder a la comercializaci\u00f3n de los residuos s\u00f3lidos urbanos. En tanto el proyecto de ordenanza presentado por el presidente del cuerpo, Gast\u00f3n Grand, que propone modificaciones en el c\u00f3digo de edificaci\u00f3n urbano, pas\u00f3 a las comisiones de Obras y Servicios P\u00fablicos y Legislaci\u00f3n.<\/p>\n<p><strong>Iniciativas aprobadas<\/strong><\/p>\n<p>Tuvieron aceptaci\u00f3n de los concejales el proyecto de ordenanza de la concejala Graciela Ber\u00f3n (Bloque Eva Per\u00f3n), creando el programa \u201cPeque\u00f1os\/as legisladores\u201d. Se trata de un espacio de participaci\u00f3n y debate de los ni\u00f1os y ni\u00f1as de nivel inicial y primario de las instituciones educativas de la ciudad.<\/p>\n<p>Otro proyecto que se aprob\u00f3 fue uno presentado por Cristina Sosa (FPV), declarando de inter\u00e9s \u201csocial y cultural\u201d la muestra fotogr\u00e1fica \u201cUn Fresco Abrazo de Agua\u201d, del artista paranaense Gustavo Cabral.<\/p>\n<p>Tambi\u00e9n tuvo aprobaci\u00f3n la declaraci\u00f3n de \u201cinter\u00e9s cultural\u201d del sitio web \u201cchusmeacultura\u00bb, desarrollado y promovido por la Casa de Entre R\u00edos en Buenos Aires.<\/p>\n<p>Por iniciativa de Enrique R\u00edos (FPV), se aprob\u00f3 colocar en la antesala del recinto una placa conmemorativa del Bicentenario del Congreso de Oriente, realizado el 29 de junio de 1815 en el arroyo \u201cLa China\u201d, hoy Concepci\u00f3n del Uruguay.<\/p>\n<p><strong>Proyectos a archivo<\/strong><\/p>\n<p>Con la puesta en vigencia en el 2015 del nuevo reglamento que regula el espacio legislativo, las propuestas de los concejales pueden estar 60 d\u00edas en comisi\u00f3n, si no prosperan, vuelven al pleno y ah\u00ed se decirle si se aprueban, se archivan, o se dan 30 d\u00edas m\u00e1s de pr\u00f3rroga en comisiones. Ese es el paso que se cumpli\u00f3 este martes con varios expedientes.<\/p>\n<p>Entre estos expedientes pendientes de resoluci\u00f3n, se encontraba la iniciativa de los concejales opositores Marcelo Haddad (PS) y Miguel Rettore (UCR- Irigoyenista) para que se derogue la ordenanza que ced\u00eda terrenos municipales a la provincia para la construcci\u00f3n del Estadio \u00danico, con cargo de devoluci\u00f3n si esa obra no se realizaba, (47 hect\u00e1reas de terrenos donde funcionaba el Vivero y la Escuela Granja Municipal).<\/p>\n<p>Este proyecto estaba dentro de los que no se hab\u00eda tratado por 60 d\u00edas y el cuerpo decidi\u00f3 pasarlo por 30 d\u00edas a m\u00e1s a comisi\u00f3n, para que haga de nuevo el camino legislativo. No tuvieron la misma suerte otras dos iniciativas de los mismos legisladores, ya que pasaron a archivo directamente. Se trata de la prohibici\u00f3n de las Carrera de Galgos y de espect\u00e1culos p\u00fablicos circenses con animales, pudo saber esta Agencia.<\/p>\n<h6>Fuente: APF Digital<\/h6>\n","protected":false},"excerpt":{"rendered":"<p>El Poder Legislativo local sesion\u00f3 este martes y aprob\u00f3 un proyecto de ordenanza remitido por el Ejecutivo que autoriza la comercializaci\u00f3n de los residuos s\u00f3lidos urbanos generados en la Planta de Reciclado \u2022 Adem\u00e1s, ingres\u00f3 al recinto una iniciativa que propone actualizar el C\u00f3digo de Edificaci\u00f3n \u2022 El proyecto de los concejales opositores, pidiendo que<\/p>\n","protected":false},"author":2,"featured_media":32298,"comment_status":"closed","ping_status":"closed","sticky":false,"template":"","format":"standard","meta":{"footnotes":""},"categories":[2],"tags":[17],"class_list":["post-32297","post","type-post","status-publish","format-standard","has-post-thumbnail","hentry","category-informe-municipal","tag-entre-rios"],"_links":{"self":[{"href":"http:\/\/argentinamunicipal.com.ar\/argentina\/wp-json\/wp\/v2\/posts\/32297","targetHints":{"allow":["GET"]}}],"collection":[{"href":"http:\/\/argentinamunicipal.com.ar\/argentina\/wp-json\/wp\/v2\/posts"}],"about":[{"href":"http:\/\/argentinamunicipal.com.ar\/argentina\/wp-json\/wp\/v2\/types\/post"}],"author":[{"embeddable":true,"href":"http:\/\/argentinamunicipal.com.ar\/argentina\/wp-json\/wp\/v2\/users\/2"}],"replies":[{"embeddable":true,"href":"http:\/\/argentinamunicipal.com.ar\/argentina\/wp-json\/wp\/v2\/comments?post=32297"}],"version-history":[{"count":0,"href":"http:\/\/argentinamunicipal.com.ar\/argentina\/wp-json\/wp\/v2\/posts\/32297\/revisions"}],"wp:featuredmedia":[{"embeddable":true,"href":"http:\/\/argentinamunicipal.com.ar\/argentina\/wp-json\/wp\/v2\/media\/32298"}],"wp:attachment":[{"href":"http:\/\/argentinamunicipal.com.ar\/argentina\/wp-json\/wp\/v2\/media?parent=32297"}],"wp:term":[{"taxonomy":"category","embeddable":true,"href":"http:\/\/argentinamunicipal.com.ar\/argentina\/wp-json\/wp\/v2\/categories?post=32297"},{"taxonomy":"post_tag","embeddable":true,"href":"http:\/\/argentinamunicipal.com.ar\/argentina\/wp-json\/wp\/v2\/tags?post=32297"}],"curies":[{"name":"wp","href":"https:\/\/api.w.org\/{rel}","templated":true}]}}