{"id":32322,"date":"2015-07-01T09:03:16","date_gmt":"2015-07-01T12:03:16","guid":{"rendered":"http:\/\/argentinamunicipal.com.ar\/argentina\/?p=32322"},"modified":"2015-07-01T09:03:16","modified_gmt":"2015-07-01T12:03:16","slug":"se-viene-un-superdomingo-electoral-se-vota-en-capital-federal-la-rioja-cordoba-la-pampa-y-corrientes","status":"publish","type":"post","link":"http:\/\/argentinamunicipal.com.ar\/argentina\/se-viene-un-superdomingo-electoral-se-vota-en-capital-federal-la-rioja-cordoba-la-pampa-y-corrientes\/","title":{"rendered":"Se viene un superdomingo electoral: se vota en Capital Federal, La Rioja, C\u00f3rdoba, La Pampa y Corrientes"},"content":{"rendered":"<p><a href=\"http:\/\/argentinamunicipal.com.ar\/argentina\/wp-content\/uploads\/2015\/07\/calendarfio-electoral-2015.jpg\"><img loading=\"lazy\" decoding=\"async\" class=\"aligncenter  wp-image-32323\" src=\"http:\/\/argentinamunicipal.com.ar\/argentina\/wp-content\/uploads\/2015\/07\/calendarfio-electoral-2015.jpg\" alt=\"calendarfio-electoral-2015\" width=\"639\" height=\"317\" srcset=\"http:\/\/argentinamunicipal.com.ar\/argentina\/wp-content\/uploads\/2015\/07\/calendarfio-electoral-2015.jpg 700w, http:\/\/argentinamunicipal.com.ar\/argentina\/wp-content\/uploads\/2015\/07\/calendarfio-electoral-2015-300x149.jpg 300w\" sizes=\"auto, (max-width: 639px) 100vw, 639px\" \/><\/a><br \/>\nLa ciudad de Buenos Aires, C\u00f3rdoba y La Rioja definir\u00e1n este fin de semana sus autoridades en elecciones generales. La Pampa celebrar\u00e1 sus PASO de cara a los comicios del 25 de octubre pr\u00f3ximo y Corrientes, que no elige gobernador este a\u00f1o, tendr\u00e1 elecciones Legislativas.<\/p>\n<p>El triunfo de Rosana Bertone en el balotaje de Tierra del Fuego fue la antesala del superdomingo que se viene con cinco comicios en simult\u00e1neo que incluyen dos de los principales distritos electorales del pa\u00eds.<\/p>\n<p>El pr\u00f3ximo domingo porte\u00f1os, cordobeses, pampeanos, riojanos y correntinos est\u00e1n convocados a expresarse en las urnas en el marco del cargado calendario electoral que atraviesa el pa\u00eds y que tendr\u00e1 su punto m\u00e1s destacado el 25 de octubre pr\u00f3ximo cuando celebren las elecciones presidenciales.<\/p>\n<p><strong>Aqu\u00ed, el detalle de los comicios que se vienen:<\/strong><\/p>\n<p>Ciudad de Buenos Aires: M\u00e1s de 2,5 millones de porte\u00f1os concurrir\u00e1n este domingo a las urnas por segunda vez en el a\u00f1o para definir en elecciones generales jefe de gobierno de la ciudad de Buenos Aires, vicejefe, 30 legisladores porte\u00f1os y 105 representantes de las 15 comunas en las que est\u00e1 dividida la ciudad.<\/p>\n<p>Tras las PASO celebradas el 26 de abril pasado y a partir de todos los sondeos de intenci\u00f3n de voto, el actual jefe de Gabinete porte\u00f1o y candidato del PRO Horacio Rodr\u00edguez Larreta aparece como el favorito para ganar las elecciones del pr\u00f3ximo domingo aunque no podr\u00eda alcanzar el piso del 50% que le permitir\u00eda evitar una segunda vuelta electoral. M\u00e1s atr\u00e1s aparecen el ex ministro de Econom\u00eda de la Naci\u00f3n y candidato de ECO, Mart\u00edn Lousteau y el presidente de Aerol\u00edneas Argentinas y candidato del Frente para la Victoria, Mariano Recalde que se disputan el segundo lugar en el casi seguro balotaje porte\u00f1o.<\/p>\n<p>Tambi\u00e9n superaron las PASO y competir\u00e1n en las elecciones generales de la ciudad Luis Zamora de Autodeterminaci\u00f3n y Libertad y Myriam Bregman del Frente de Izquierda y los Trabajadores.<\/p>\n<p>Adem\u00e1s por primera vez los porte\u00f1os sufragar\u00e1n por medio de la Boleta \u00danica Electr\u00f3nica que se prev\u00e9 permitir\u00e1 conocer en pocas horas, luego de cerrado el comicio, el resultado de la elecci\u00f3n.<\/p>\n<p>C\u00f3rdoba: La provincia mediterr\u00e1nea no tiene PASO y disputar\u00e1 este domingo sus elecciones generales en las que se definir\u00e1n los nombres del nuevo gobernador y vice as\u00ed como tambi\u00e9n que fuerzas pol\u00edticas se quedan con 70 bancas de la Legislatura provincial.<\/p>\n<p>Siete candidatos intentar\u00e1n suceder a Jos\u00e9 Manuel De la Sota al frente del Ejecutivo cordob\u00e9s. El gobernador y precandidato presidencial por UNA impulsa la candidatura del ex mandatario provincial, Juan Schiaretti que lleva a Mart\u00edn Llaryora como compa\u00f1ero de f\u00f3rmula. Schiaretti aparece primero con comodidad en los sondeos de intenci\u00f3n de voto.<\/p>\n<p>M\u00e1s atr\u00e1s se encuentra la f\u00f3rmula que impulsa el acuerdo UCR-PRO y que integran Oscar Aguad (UCR) y el ex \u00e1rbitro de f\u00fatbol, H\u00e9ctor Baldassi (PRO). El frente Juntos por C\u00f3rdoba cuenta adem\u00e1s con el respaldo de Luis Juez a pesar del hist\u00f3rico enfrentamiento que el senador mantiene con Aguad y su f\u00e9rreo rechazo al macrismo.<\/p>\n<p>El kirchnerismo pelear\u00e1 la gobernaci\u00f3n con el intendente de Villa Mar\u00eda, Eduardo Accastello en f\u00f3rmula con el humorista Cacho Buenaventura.<\/p>\n<p>La ex legisladora Liliana Olivero competir\u00e1 en la boleta del Frente de Izquierda y los Trabajadores, el legislador socialista Roberto Birri lo har\u00e1 por el Frente Progresista y Popular, el docente universitario Ra\u00fal G\u00f3mez ser\u00e1 el candidato del MST-Nueva Izquierda mientras que el Nuevo MAS lleva en su lista a Eduardo Mulhall.<\/p>\n<p>La Rioja: Definir\u00e1 este domingo los nombres de su pr\u00f3ximo gobernador, vice y 18 diputados provinciales. En total seis candidatos se disputan la gobernaci\u00f3n. El Frente para la Victoria lleva a Sergio Casas como candidato mientras que Fuerza C\u00edvica Riojana postula al radical Julio Mart\u00ednez que cuenta con el apoyo de la alianza UCR-PRO.<\/p>\n<p>El Frente de Organizaci\u00f3n Popular competir\u00e1 con Fernando G\u00f3mez, el Frente Grande con Silvio Torres, el Partido Comunista lleva a Beatriz Mart\u00ednez como candidata mientras que la Izquierda para una Opci\u00f3n Socialista postula a Horacio Pav\u00f3n.<\/p>\n<p>La Pampa: Celebra sus PASO para definir los candidatos que competir\u00e1n el 25 de octubre por la gobernaci\u00f3n y 30 bancas en la Legislatura provincial. El acuerdo que cerraron a nivel nacional la UCR y el PRO no tendr\u00e1 su correlato en La Pampa donde competir\u00e1n por separado. La UCR lleva a Francisco Torroba como precandidato mientras que el macrismo har\u00e1 lo propio con el ex futbolista Carlos McAllister.<\/p>\n<p>Fabi\u00e1n Bruna, con el apoyo del kirchnerismo y Carlos Verna, respaldado por el peronismo disidente disputar\u00e1n la interna del PJ Pampeano.<\/p>\n<p>Corrientes: La provincia litorale\u00f1a no elige gobernador este a\u00f1o y celebrar\u00e1 el pr\u00f3ximo domingo elecciones Legislativas en las que se definir\u00e1 el destino de cinco bancas en el Senado provincial y 15 en la C\u00e1mara de Diputados local<\/p>\n<h6>Fuente: Uno, Mendoza<\/h6>\n","protected":false},"excerpt":{"rendered":"<p>La ciudad de Buenos Aires, C\u00f3rdoba y La Rioja definir\u00e1n este fin de semana sus autoridades en elecciones generales. La Pampa celebrar\u00e1 sus PASO de cara a los comicios del 25 de octubre pr\u00f3ximo y Corrientes, que no elige gobernador este a\u00f1o, tendr\u00e1 elecciones Legislativas. El triunfo de Rosana Bertone en el balotaje de Tierra<\/p>\n","protected":false},"author":2,"featured_media":32323,"comment_status":"closed","ping_status":"closed","sticky":false,"template":"","format":"standard","meta":{"footnotes":""},"categories":[4],"tags":[21],"class_list":["post-32322","post","type-post","status-publish","format-standard","has-post-thumbnail","hentry","category-informe-politico","tag-argentina"],"_links":{"self":[{"href":"http:\/\/argentinamunicipal.com.ar\/argentina\/wp-json\/wp\/v2\/posts\/32322","targetHints":{"allow":["GET"]}}],"collection":[{"href":"http:\/\/argentinamunicipal.com.ar\/argentina\/wp-json\/wp\/v2\/posts"}],"about":[{"href":"http:\/\/argentinamunicipal.com.ar\/argentina\/wp-json\/wp\/v2\/types\/post"}],"author":[{"embeddable":true,"href":"http:\/\/argentinamunicipal.com.ar\/argentina\/wp-json\/wp\/v2\/users\/2"}],"replies":[{"embeddable":true,"href":"http:\/\/argentinamunicipal.com.ar\/argentina\/wp-json\/wp\/v2\/comments?post=32322"}],"version-history":[{"count":0,"href":"http:\/\/argentinamunicipal.com.ar\/argentina\/wp-json\/wp\/v2\/posts\/32322\/revisions"}],"wp:featuredmedia":[{"embeddable":true,"href":"http:\/\/argentinamunicipal.com.ar\/argentina\/wp-json\/wp\/v2\/media\/32323"}],"wp:attachment":[{"href":"http:\/\/argentinamunicipal.com.ar\/argentina\/wp-json\/wp\/v2\/media?parent=32322"}],"wp:term":[{"taxonomy":"category","embeddable":true,"href":"http:\/\/argentinamunicipal.com.ar\/argentina\/wp-json\/wp\/v2\/categories?post=32322"},{"taxonomy":"post_tag","embeddable":true,"href":"http:\/\/argentinamunicipal.com.ar\/argentina\/wp-json\/wp\/v2\/tags?post=32322"}],"curies":[{"name":"wp","href":"https:\/\/api.w.org\/{rel}","templated":true}]}}