{"id":32348,"date":"2015-07-02T08:56:10","date_gmt":"2015-07-02T11:56:10","guid":{"rendered":"http:\/\/argentinamunicipal.com.ar\/argentina\/?p=32348"},"modified":"2015-07-02T08:56:10","modified_gmt":"2015-07-02T11:56:10","slug":"huertas-urbanas-en-solares-escuelas-y-vecinales-de-santa-fe","status":"publish","type":"post","link":"http:\/\/argentinamunicipal.com.ar\/argentina\/huertas-urbanas-en-solares-escuelas-y-vecinales-de-santa-fe\/","title":{"rendered":"Huertas Urbanas en solares, escuelas y vecinales de Santa Fe"},"content":{"rendered":"<p><a href=\"http:\/\/argentinamunicipal.com.ar\/argentina\/wp-content\/uploads\/2015\/07\/huertas-urbanas2.jpg\"><img loading=\"lazy\" decoding=\"async\" class=\"aligncenter  wp-image-32349\" src=\"http:\/\/argentinamunicipal.com.ar\/argentina\/wp-content\/uploads\/2015\/07\/huertas-urbanas2.jpg\" alt=\"huertas urbanas2\" width=\"668\" height=\"445\" srcset=\"http:\/\/argentinamunicipal.com.ar\/argentina\/wp-content\/uploads\/2015\/07\/huertas-urbanas2.jpg 960w, http:\/\/argentinamunicipal.com.ar\/argentina\/wp-content\/uploads\/2015\/07\/huertas-urbanas2-300x200.jpg 300w\" sizes=\"auto, (max-width: 668px) 100vw, 668px\" \/><\/a><br \/>\nEste jueves, en el CIC de Facundo Zuvir\u00eda al 8000, se detallar\u00e1 el programa de actividades para lo que resta del a\u00f1o y se repartir\u00e1n semillas y plantas arom\u00e1ticas a diversas instituciones y vecinos.<\/p>\n<p>Con la presencia del intendente Jos\u00e9 Corral, este jueves a las 10 se presentar\u00e1 una nueva edici\u00f3n del Programa Huertas Urbanas, que el Gobierno de la Ciudad impulsa junto al INTA. La actividad se realizar\u00e1 en el CIC de Facundo Zuvir\u00eda al 8000, y durante el acto se presentar\u00e1n las propuestas de la creaci\u00f3n de huertas en los diferentes Solares, instituciones educativas y vecinales de la ciudad. Asimismo, se comenzar\u00e1 con la creaci\u00f3n de una huerta en el lugar, que luego quedar\u00e1 al cuidado de los alumnos del Jard\u00edn Municipal que funciona en ese espacio.<\/p>\n<p>Adem\u00e1s, se entregar\u00e1n kits con variedades de semillas (acelga, lechuga, chaucha, achicoria, espinaca, perejil) y plantas arom\u00e1ticas (tomillo, or\u00e9gano, romero, albahaca, salvia), germinadores, material bibliogr\u00e1fico y plantines.<\/p>\n<p><strong>C\u00f3mo surge la experiencia<\/strong><\/p>\n<p>El programa Huertas Urbanas comenz\u00f3 en enero de 2009, con la convocatoria a vecinos de los diferentes barrios de la ciudad para que las familias de escasos recursos se capaciten y produzcan sus alimentos de forma org\u00e1nica y sin el agregado de fertilizantes ni agroqu\u00edmicos inorg\u00e1nicos, como as\u00ed tambi\u00e9n abriendo la posibilidad de comercializar los excedentes.<\/p>\n<p>A partir de 2011 se comenz\u00f3 a trabajar con los solares de diferentes barrios, como l Abasto, La Boca, Barranquitas, Juventud del Norte, Las Lomas, Loyola, San Agust\u00edn, San Pantale\u00f3n, Varadero Sarsotti, Villa Hip\u00f3dromo, Villa Teresa, Los Troncos y Colastin\u00e9 Norte.<\/p>\n<p>Vale destacar, que la mayor\u00eda de las huertas son familiares y de autoconsumo, pero hay familias que logran un excedente de producci\u00f3n, y comercializan al p\u00fablico en diferentes ferias.<\/p>\n<p>Adem\u00e1s, el a\u00f1o pasado se introdujo la propuesta de realizar huertas urbanas en instituciones que abordan la tem\u00e1tica discapacidad. Con una continua formaci\u00f3n te\u00f3rica y pr\u00e1ctica a ni\u00f1os, j\u00f3venes y adultos la experiencia ya se implement\u00f3 en 27 espacios de la ciudad.<\/p>\n<h6>Fuente: Sin Mordaza<\/h6>\n","protected":false},"excerpt":{"rendered":"<p>Este jueves, en el CIC de Facundo Zuvir\u00eda al 8000, se detallar\u00e1 el programa de actividades para lo que resta del a\u00f1o y se repartir\u00e1n semillas y plantas arom\u00e1ticas a diversas instituciones y vecinos. Con la presencia del intendente Jos\u00e9 Corral, este jueves a las 10 se presentar\u00e1 una nueva edici\u00f3n del Programa Huertas Urbanas,<\/p>\n","protected":false},"author":2,"featured_media":32349,"comment_status":"closed","ping_status":"closed","sticky":false,"template":"","format":"standard","meta":{"footnotes":""},"categories":[2],"tags":[10],"class_list":["post-32348","post","type-post","status-publish","format-standard","has-post-thumbnail","hentry","category-informe-municipal","tag-santa-fe"],"_links":{"self":[{"href":"http:\/\/argentinamunicipal.com.ar\/argentina\/wp-json\/wp\/v2\/posts\/32348","targetHints":{"allow":["GET"]}}],"collection":[{"href":"http:\/\/argentinamunicipal.com.ar\/argentina\/wp-json\/wp\/v2\/posts"}],"about":[{"href":"http:\/\/argentinamunicipal.com.ar\/argentina\/wp-json\/wp\/v2\/types\/post"}],"author":[{"embeddable":true,"href":"http:\/\/argentinamunicipal.com.ar\/argentina\/wp-json\/wp\/v2\/users\/2"}],"replies":[{"embeddable":true,"href":"http:\/\/argentinamunicipal.com.ar\/argentina\/wp-json\/wp\/v2\/comments?post=32348"}],"version-history":[{"count":0,"href":"http:\/\/argentinamunicipal.com.ar\/argentina\/wp-json\/wp\/v2\/posts\/32348\/revisions"}],"wp:featuredmedia":[{"embeddable":true,"href":"http:\/\/argentinamunicipal.com.ar\/argentina\/wp-json\/wp\/v2\/media\/32349"}],"wp:attachment":[{"href":"http:\/\/argentinamunicipal.com.ar\/argentina\/wp-json\/wp\/v2\/media?parent=32348"}],"wp:term":[{"taxonomy":"category","embeddable":true,"href":"http:\/\/argentinamunicipal.com.ar\/argentina\/wp-json\/wp\/v2\/categories?post=32348"},{"taxonomy":"post_tag","embeddable":true,"href":"http:\/\/argentinamunicipal.com.ar\/argentina\/wp-json\/wp\/v2\/tags?post=32348"}],"curies":[{"name":"wp","href":"https:\/\/api.w.org\/{rel}","templated":true}]}}