{"id":3238,"date":"2014-03-09T09:11:36","date_gmt":"2014-03-09T12:11:36","guid":{"rendered":"http:\/\/argentinamunicipal.com.ar\/argentina\/?p=3238"},"modified":"2014-03-08T11:12:27","modified_gmt":"2014-03-08T14:12:27","slug":"la-hoya-cerro-su-temporada-de-verano-2014-con-un-incremento-del-100-en-la-cantidad-de-visitantes","status":"publish","type":"post","link":"http:\/\/argentinamunicipal.com.ar\/argentina\/la-hoya-cerro-su-temporada-de-verano-2014-con-un-incremento-del-100-en-la-cantidad-de-visitantes\/","title":{"rendered":"La Hoya cerr\u00f3 su temporada de verano 2014 con un incremento del 100% en la cantidad de visitantes"},"content":{"rendered":"<p><a href=\"http:\/\/argentinamunicipal.com.ar\/argentina\/wp-content\/uploads\/2014\/03\/la-hoya-verano4.jpg\"><img loading=\"lazy\" decoding=\"async\" class=\"aligncenter size-full wp-image-3240\" alt=\"la-hoya-verano4\" src=\"http:\/\/argentinamunicipal.com.ar\/argentina\/wp-content\/uploads\/2014\/03\/la-hoya-verano4.jpg\" width=\"1175\" height=\"784\" srcset=\"http:\/\/argentinamunicipal.com.ar\/argentina\/wp-content\/uploads\/2014\/03\/la-hoya-verano4.jpg 1175w, http:\/\/argentinamunicipal.com.ar\/argentina\/wp-content\/uploads\/2014\/03\/la-hoya-verano4-300x200.jpg 300w, http:\/\/argentinamunicipal.com.ar\/argentina\/wp-content\/uploads\/2014\/03\/la-hoya-verano4-1024x683.jpg 1024w\" sizes=\"auto, (max-width: 1175px) 100vw, 1175px\" \/><\/a><\/p>\n<p>El martes 4 de marzo fue el \u00faltimo d\u00eda que el cerro estuvo abierto al p\u00fablico. Ahora se aboca de lleno a la preparaci\u00f3n de la temporada de invierno.<\/p>\n<p>La Secretar\u00eda de Turismo del Chubut y CORFO coinciden en se\u00f1alar que la temporada de verano en La Hoya ha superado las expectativas, con buena afluencia de p\u00fablico y brindando una alternativa m\u00e1s al turista que eligi\u00f3 la Cordillera chubutense en este verano.<\/p>\n<p>Al respecto, el secretario de Turismo y \u00c1reas Protegidas del Chubut, Carlos Zonza Nigro, destac\u00f3 que \u00abestamos satisfechos con los n\u00fameros de visitantes que arroj\u00f3 el producto de La Hoya en verano\u201d, subrayando que \u201cdurante la temporada de verano del a\u00f1o 2014 se duplic\u00f3 la cantidad de visitantes en relaci\u00f3n a la del 2013\u201d.<\/p>\n<p>En este sentido, Zonza Nigro explic\u00f3 que \u201cfue una opci\u00f3n m\u00e1s a la que apostamos para dar otra alternativa al turista, teniendo en cuenta que este verano se cerraron algunas actividades en el Parque Nacional Los Alerces\u00bb y se\u00f1al\u00f3 que \u00abahora nos queda prepararnos para el invierno, en nuestro caso apostando a la difusi\u00f3n y promoci\u00f3n del destino, con fuerte presencia en ferias en Brasil y los medios de comunicaci\u00f3n\u00bb.<\/p>\n<h3>Diversas opciones para los turistas<\/h3>\n<p>Por su parte, Gonzalo Guere\u00f1a, gerente del CAM La Hoya, indic\u00f3: \u00abEmpezamos el 4 de enero con la temporada y termin\u00f3 el 4 de marzo\u00bb y afirm\u00f3 que \u00abenero fue un mes sorpresivo, logramos que la monta\u00f1a en verano fuera visitada por mucha gente, contemplando no solamente el hermoso paisaje desde la monta\u00f1a, sino que tambi\u00e9n tuvimos nevadas en enero que nos generaron un r\u00e9cord hist\u00f3rico con personas haciendo trekking y subiendo en la aerosilla\u201d.<\/p>\n<p>\u201cAdem\u00e1s logramos trabajar de manera exitosa con los concesionarios, tanto el Club Slalom como Andino prestaron servicios al igual que una agencia que realiz\u00f3 la actividad de arco y flecha\u00bb, dijo Guere\u00f1a.<\/p>\n<p>El gerente del CAM La Hoya sostuvo que \u00abdurante esta temporada recibimos mayor cantidad de turistas que la temporada anterior\u00bb, oportunidad en la que resalt\u00f3 que \u201cse duplic\u00f3 la cantidad de visitas en comparaci\u00f3n a la temporada de verano del a\u00f1o 2013\u201d.<\/p>\n<h3>Temporada de invierno<\/h3>\n<p>En alusi\u00f3n a los preparativos para la temporada de nieve, Guere\u00f1a explic\u00f3 que se han iniciado los trabajos de mantenimiento e infraestructura necesarios.<\/p>\n<p>Al respecto indic\u00f3 que \u00abse est\u00e1 trabajando con la Administraci\u00f3n de Vialidad Provincial en las pistas, en el corrimiento de suelo para hacer gaviones y paraavalanchas\u201d, mientras que adem\u00e1s \u201cse est\u00e1 realizando el mantenimiento t\u00e9cnico en los medios de elevaci\u00f3n, que es lo m\u00e1s importante\u00bb y destac\u00f3 que en el ingreso al cerro ya hay 5 kil\u00f3metros asfaltados.<\/p>\n<p>\u00abLa temporada de invierno del a\u00f1o pasado fue buena. Superamos los 37 mil pases vendidos. Comparativamente tuvimos un crecimiento y esperamos lo mismo para este a\u00f1o\u00bb, afirm\u00f3 Guere\u00f1a.<\/p>\n<p>Este a\u00f1o La Hoya cumple 40 a\u00f1os de funcionamiento comercial, \u00abes una buena oportunidad para hacer difusi\u00f3n a partir del evento y darnos a conocer, estamos trabajando en conjunto con Turismo para potenciar estos 40 a\u00f1os\u00bb.<\/p>\n<h6>Fuente: Diario El Oeste<\/h6>\n","protected":false},"excerpt":{"rendered":"<p>El martes 4 de marzo fue el \u00faltimo d\u00eda que el cerro estuvo abierto al p\u00fablico. Ahora se aboca de lleno a la preparaci\u00f3n de la temporada de invierno. La Secretar\u00eda de Turismo del Chubut y CORFO coinciden en se\u00f1alar que la temporada de verano en La Hoya ha superado las expectativas, con buena afluencia<\/p>\n","protected":false},"author":2,"featured_media":3240,"comment_status":"closed","ping_status":"closed","sticky":false,"template":"","format":"standard","meta":{"footnotes":""},"categories":[2],"tags":[14],"class_list":["post-3238","post","type-post","status-publish","format-standard","has-post-thumbnail","hentry","category-informe-municipal","tag-chubut"],"_links":{"self":[{"href":"http:\/\/argentinamunicipal.com.ar\/argentina\/wp-json\/wp\/v2\/posts\/3238","targetHints":{"allow":["GET"]}}],"collection":[{"href":"http:\/\/argentinamunicipal.com.ar\/argentina\/wp-json\/wp\/v2\/posts"}],"about":[{"href":"http:\/\/argentinamunicipal.com.ar\/argentina\/wp-json\/wp\/v2\/types\/post"}],"author":[{"embeddable":true,"href":"http:\/\/argentinamunicipal.com.ar\/argentina\/wp-json\/wp\/v2\/users\/2"}],"replies":[{"embeddable":true,"href":"http:\/\/argentinamunicipal.com.ar\/argentina\/wp-json\/wp\/v2\/comments?post=3238"}],"version-history":[{"count":0,"href":"http:\/\/argentinamunicipal.com.ar\/argentina\/wp-json\/wp\/v2\/posts\/3238\/revisions"}],"wp:featuredmedia":[{"embeddable":true,"href":"http:\/\/argentinamunicipal.com.ar\/argentina\/wp-json\/wp\/v2\/media\/3240"}],"wp:attachment":[{"href":"http:\/\/argentinamunicipal.com.ar\/argentina\/wp-json\/wp\/v2\/media?parent=3238"}],"wp:term":[{"taxonomy":"category","embeddable":true,"href":"http:\/\/argentinamunicipal.com.ar\/argentina\/wp-json\/wp\/v2\/categories?post=3238"},{"taxonomy":"post_tag","embeddable":true,"href":"http:\/\/argentinamunicipal.com.ar\/argentina\/wp-json\/wp\/v2\/tags?post=3238"}],"curies":[{"name":"wp","href":"https:\/\/api.w.org\/{rel}","templated":true}]}}