{"id":32444,"date":"2015-07-03T09:24:10","date_gmt":"2015-07-03T12:24:10","guid":{"rendered":"http:\/\/argentinamunicipal.com.ar\/argentina\/?p=32444"},"modified":"2015-07-03T09:24:10","modified_gmt":"2015-07-03T12:24:10","slug":"el-20-del-padron-electoral-va-a-las-urnas-en-cinco-distritos","status":"publish","type":"post","link":"http:\/\/argentinamunicipal.com.ar\/argentina\/el-20-del-padron-electoral-va-a-las-urnas-en-cinco-distritos\/","title":{"rendered":"El 20% del padr\u00f3n electoral va a las urnas en cinco distritos"},"content":{"rendered":"<p><a href=\"http:\/\/argentinamunicipal.com.ar\/argentina\/wp-content\/uploads\/2015\/07\/0008304490.jpg\"><img loading=\"lazy\" decoding=\"async\" class=\"aligncenter size-full wp-image-32445\" src=\"http:\/\/argentinamunicipal.com.ar\/argentina\/wp-content\/uploads\/2015\/07\/0008304490.jpg\" alt=\"0008304490\" width=\"678\" height=\"451\" srcset=\"http:\/\/argentinamunicipal.com.ar\/argentina\/wp-content\/uploads\/2015\/07\/0008304490.jpg 678w, http:\/\/argentinamunicipal.com.ar\/argentina\/wp-content\/uploads\/2015\/07\/0008304490-300x200.jpg 300w\" sizes=\"auto, (max-width: 678px) 100vw, 678px\" \/><\/a><\/p>\n<p>La novedad consiste en que en la Capital, para la elecci\u00f3n de jefe de Gobierno, debutar\u00e1 el pol\u00e9mico voto electr\u00f3nico.<br \/>\nSeg\u00fan datos de la C\u00e1mara Nacional Electoral, este domingo votar\u00e1 el 20% del padr\u00f3n, lo que equivale a casi 6,7 millones de argentinos.<\/p>\n<p>En la Ciudad de Buenos Aires, m\u00e1s de 2,5 millones de ciudadanos concurrir\u00e1n a las urnas por segunda vez para definir qui\u00e9n ser\u00e1 el sucesor de Mauricio Macri al frente del gobierno porte\u00f1o, se elegir\u00e1n adem\u00e1s 30 legisladores y 105 representantes de las 15 comunas en las que est\u00e1 dividida el distrito.<\/p>\n<p>En la provincia de C\u00f3rdoba, donde no se realizan las PASO, se definir\u00e1 el domingo el sucesor de Jos\u00e9 Manuel de la Sota y 70 bancas de la Legislatura provincial.<\/p>\n<p>Siete candidatos intentar\u00e1n llegar al Ejecutivo mediterr\u00e1neo: el intendente de Villa Mar\u00eda, Eduardo Accastello, en f\u00f3rmula con el humorista Cacho Buenaventura competir\u00e1n por el kirchnerismo con C\u00f3rdoba Podemos; el oficialista Juan Schiaretti que lleva a Mart\u00edn Llaryora como compa\u00f1ero de f\u00f3rmula por Uni\u00f3n Por C\u00f3rdoba; y la dupla que impulsa el acuerdo UCR-PRO y que integran Oscar Aguad (UCR) y el ex \u00e1rbitro de f\u00fatbol, H\u00e9ctor Baldassi (PRO) del frente Juntos por C\u00f3rdoba.<\/p>\n<p>En La Rioja se definir\u00e1 el sucesor de Luis Beder Herrera y se elegir\u00e1n 18 diputados provinciales.<\/p>\n<p>En total seis candidatos se disputan la gobernaci\u00f3n: el Frente para la Victoria lleva a Sergio Casas como candidato; la Fuerza C\u00edvica Riojana postula al radical Julio Mart\u00ednez que cuenta con el apoyo de la alianza UCR-PRO; el Frente de Organizaci\u00f3n Popular competir\u00e1 con Fernando G\u00f3mez; el Frente Grande con Silvio Torres; el Partido Comunista lleva a Beatriz Mart\u00ednez; mientras que la Izquierda para una Opci\u00f3n Socialista postula a Horacio Pav\u00f3n.<\/p>\n<p>En La Pampa, en tanto, se realizar\u00e1n primarias para definir los candidatos que competir\u00e1n el 25 de octubre por la gobernaci\u00f3n y 30 bancas en la Legislatura provincial.<\/p>\n<p>En este distrito la UCR y el PRO lograron un acuerdo y de esta forma ir\u00e1n por separado: el radicalismo con Francisco Torroba como precandidato, mientras que el macrismo lleva al exfutbolista Carlos McAllister. Finalmente, Corrientes, que como la provincia de Santiago del Estero no elige gobernador este a\u00f1o, el domingo celebrar\u00e1 elecciones Legislativas en las que se definir\u00e1 el destino de cinco bancas en el Senado provincial y 15 en la C\u00e1mara de Diputados local.<\/p>\n<p><strong>Taiana impulsa al Parlasur<\/strong><\/p>\n<p>El excanciller y primer candidato al Parlasur por el Frente para la Victoria, Jorge Taiana, encabez\u00f3 ayer una reuni\u00f3n de trabajo con los integrantes de la boleta oficialista por el distrito \u00fanico para analizar los reglamentos y normativas que establecen el funcionamiento del \u00f3rgano legislativo regional, y discutir una agenda de propuestas. El encuentro se llev\u00f3 a cabo en el Centro Internacional de Estudios Pol\u00edticos de la Universidad Nacional de San Mart\u00edn (CIEP &#8211; Unsam), que dirige Taiana. El actual legislador porte\u00f1o se\u00f1al\u00f3: \u00abEl principal desaf\u00edo que tendremos los parlamentarios del Mercosur es darle un nuevo impulso al proceso de integraci\u00f3n, ayudar a remover la falta de informaci\u00f3n y los obst\u00e1culos y favorecer el conocimiento entre los pueblos\u00bb.<\/p>\n<p>El excanciller consider\u00f3 que \u00abno hay posibilidad de avanzar en la integraci\u00f3n si no hay un buen conocimiento entre lo que se quiere integrar\u00bb.<\/p>\n<p>Por su parte, el ministro de Defensa y segundo candidato al Parlasur, Agust\u00edn Rossi, indic\u00f3 que su tarea particular va a estar ligada a promover \u00abla utilizaci\u00f3n consciente y responsables de los recursos naturales\u00bb, en continuidad con su trabajo en el Ministerio de Defensa.<\/p>\n<p>\u00abPersonalmente, voy a poner el esfuerzo sobre un tema en el que vengo trabajando como ministro de Defensa como es la cuesti\u00f3n de la preservaci\u00f3n de los recursos naturales en Am\u00e9rica Latina\u00bb, se\u00f1al\u00f3.<\/p>\n<h6>Fuente: El Tribuno, Salta<\/h6>\n","protected":false},"excerpt":{"rendered":"<p>La novedad consiste en que en la Capital, para la elecci\u00f3n de jefe de Gobierno, debutar\u00e1 el pol\u00e9mico voto electr\u00f3nico. Seg\u00fan datos de la C\u00e1mara Nacional Electoral, este domingo votar\u00e1 el 20% del padr\u00f3n, lo que equivale a casi 6,7 millones de argentinos. En la Ciudad de Buenos Aires, m\u00e1s de 2,5 millones de ciudadanos<\/p>\n","protected":false},"author":2,"featured_media":32445,"comment_status":"closed","ping_status":"closed","sticky":false,"template":"","format":"standard","meta":{"footnotes":""},"categories":[4],"tags":[21],"class_list":["post-32444","post","type-post","status-publish","format-standard","has-post-thumbnail","hentry","category-informe-politico","tag-argentina"],"_links":{"self":[{"href":"http:\/\/argentinamunicipal.com.ar\/argentina\/wp-json\/wp\/v2\/posts\/32444","targetHints":{"allow":["GET"]}}],"collection":[{"href":"http:\/\/argentinamunicipal.com.ar\/argentina\/wp-json\/wp\/v2\/posts"}],"about":[{"href":"http:\/\/argentinamunicipal.com.ar\/argentina\/wp-json\/wp\/v2\/types\/post"}],"author":[{"embeddable":true,"href":"http:\/\/argentinamunicipal.com.ar\/argentina\/wp-json\/wp\/v2\/users\/2"}],"replies":[{"embeddable":true,"href":"http:\/\/argentinamunicipal.com.ar\/argentina\/wp-json\/wp\/v2\/comments?post=32444"}],"version-history":[{"count":0,"href":"http:\/\/argentinamunicipal.com.ar\/argentina\/wp-json\/wp\/v2\/posts\/32444\/revisions"}],"wp:featuredmedia":[{"embeddable":true,"href":"http:\/\/argentinamunicipal.com.ar\/argentina\/wp-json\/wp\/v2\/media\/32445"}],"wp:attachment":[{"href":"http:\/\/argentinamunicipal.com.ar\/argentina\/wp-json\/wp\/v2\/media?parent=32444"}],"wp:term":[{"taxonomy":"category","embeddable":true,"href":"http:\/\/argentinamunicipal.com.ar\/argentina\/wp-json\/wp\/v2\/categories?post=32444"},{"taxonomy":"post_tag","embeddable":true,"href":"http:\/\/argentinamunicipal.com.ar\/argentina\/wp-json\/wp\/v2\/tags?post=32444"}],"curies":[{"name":"wp","href":"https:\/\/api.w.org\/{rel}","templated":true}]}}