{"id":32495,"date":"2015-07-04T10:02:06","date_gmt":"2015-07-04T13:02:06","guid":{"rendered":"http:\/\/argentinamunicipal.com.ar\/argentina\/?p=32495"},"modified":"2015-07-04T10:02:06","modified_gmt":"2015-07-04T13:02:06","slug":"en-rosario-convirtieron-cinco-minibasurales-en-espacios-publicos","status":"publish","type":"post","link":"http:\/\/argentinamunicipal.com.ar\/argentina\/en-rosario-convirtieron-cinco-minibasurales-en-espacios-publicos\/","title":{"rendered":"En Rosario convirtieron cinco minibasurales en espacios p\u00fablicos"},"content":{"rendered":"<div id=\"attachment_32496\" style=\"width: 631px\" class=\"wp-caption aligncenter\"><a href=\"http:\/\/argentinamunicipal.com.ar\/argentina\/wp-content\/uploads\/2015\/07\/07-04-c601.jpg_88717827.jpg\"><img loading=\"lazy\" decoding=\"async\" aria-describedby=\"caption-attachment-32496\" class=\"size-full wp-image-32496\" src=\"http:\/\/argentinamunicipal.com.ar\/argentina\/wp-content\/uploads\/2015\/07\/07-04-c601.jpg_88717827.jpg\" alt=\"Antes y despu\u00e9s. La transformaci\u00f3n del predio de Irigoyen y Cosqu\u00edn\" width=\"621\" height=\"465\" srcset=\"http:\/\/argentinamunicipal.com.ar\/argentina\/wp-content\/uploads\/2015\/07\/07-04-c601.jpg_88717827.jpg 621w, http:\/\/argentinamunicipal.com.ar\/argentina\/wp-content\/uploads\/2015\/07\/07-04-c601.jpg_88717827-300x225.jpg 300w\" sizes=\"auto, (max-width: 621px) 100vw, 621px\" \/><\/a><p id=\"caption-attachment-32496\" class=\"wp-caption-text\">Antes y despu\u00e9s. La transformaci\u00f3n del predio de Irigoyen y Cosqu\u00edn<\/p><\/div>\n<p>En las acciones de limpieza y de ejecuci\u00f3n del proyecto tambi\u00e9n participan cooperativas de trabajo y la bloquera municipal, que proporciona los materiales de cemento.<\/p>\n<p>En los \u00faltimos tres meses y en el marco de un trabajo sostenido, el municipio logr\u00f3 reconvertir cinco minibasurales en plazas o espacios p\u00fablicos.<\/p>\n<p>En ese lapso se intervino para desmantelar 21 minibasurales, seg\u00fan actividades programadas por la Direcci\u00f3n General de Higiene Urbana, y de ese total, cinco se convirtieron en predios para el esparcimiento en los barrios Tablada, La Cer\u00e1mica, Industrial, Ludue\u00f1a y Parque Casas.<\/p>\n<p>Adem\u00e1s de lo que implican estas tareas de limpieza de residuos para la calidad de vida de los vecinos, las intervenciones suman nuevos lugares de esparcimiento que se incorporan a los parques y plazas que ya son parte de la ciudad.<\/p>\n<p>El proceso de erradicaci\u00f3n de minibasurales se realiza en varias etapas y requiere de la colaboraci\u00f3n de instituciones del barrio y el compromiso de los vecinos.<\/p>\n<p>En las acciones de limpieza y de ejecuci\u00f3n del proyecto tambi\u00e9n participan cooperativas de trabajo y la bloquera municipal, que proporciona los materiales de cemento.<\/p>\n<p>Luego de identificar el lugar afectado, se realiza un relevamiento del estado de situaci\u00f3n que incluye: c\u00e1lculo de materiales a retirar, mapeo esquem\u00e1tico del \u00e1rea y registro fotogr\u00e1fico. Despu\u00e9s se elabora el plan de acci\u00f3n con cronograma de actividades como limpieza, nivelaci\u00f3n del terreno, colocaci\u00f3n de petriles, parquizaci\u00f3n, colocaci\u00f3n de bancos, mesas y juegos.<\/p>\n<p>Las tareas est\u00e1n acompa\u00f1adas de charlas e informaci\u00f3n destinadas a vecinos e instituciones de la zona.<\/p>\n<p>Entre los espacios intervenidos que se convirtieron en plazas figura el predio de G\u00fciraldes y Schmild (colectora), barrio Tablada.<\/p>\n<p>Una vez finalizado el proyecto, junto a los alumnos de 4\u00ba grado de la escuela particular N\u00ba 1238 Santa Mar\u00eda Dominga Mazzarello se realiz\u00f3 una jornada de intervenci\u00f3n del espacio y los chicos pintaron los pretiles provistos.<\/p>\n<p>Tambi\u00e9n se realizaron charlas destinadas a alumnos y docentes sobre higiene urbana y el programa Separe.<\/p>\n<p>Otro predio est\u00e1 en Irigoyen y Cosqu\u00edn, barrio Cer\u00e1mica. El compromiso y el objetivo de los vecinos fue crear un lugar para los chicos.<\/p>\n<p>Para ello, adem\u00e1s de los juegos provistos por la Municipalidad, se realiz\u00f3 un mural y se sembraron semillas de c\u00e9sped para generar un espacio verde de apropiaci\u00f3n barrial.<\/p>\n<p>En barrio Industrial, el predio recuperado est\u00e1 en Gorriti y Vera Pintado.<\/p>\n<p>Los vecinos se comprometieron a crear un lugar para poder disfrutar del aire libre en familia.<\/p>\n<p>Para lograr ese objetivo, adem\u00e1s de colocar en el lugar juegos provistos por la Municipalidad, realizaron un mural.<\/p>\n<p>En los dem\u00e1s espacios, uno ubicado en Manuel Garc\u00eda y Larrechea (Parque Casas), y el otro en Matienzo entre Gorriti y Bielsa (Ludue\u00f1a), se realizaron tareas seg\u00fan las pautas y procedimientos generales, con la consiguiente recuperaci\u00f3n de los espacios intervenidos.<\/p>\n<p>As\u00ed, con el esfuerzo de los vecinos se recuperaron estos predios.<\/p>\n<h6>Fuente: La Capital, Rosario<\/h6>\n","protected":false},"excerpt":{"rendered":"<p>En las acciones de limpieza y de ejecuci\u00f3n del proyecto tambi\u00e9n participan cooperativas de trabajo y la bloquera municipal, que proporciona los materiales de cemento. En los \u00faltimos tres meses y en el marco de un trabajo sostenido, el municipio logr\u00f3 reconvertir cinco minibasurales en plazas o espacios p\u00fablicos. En ese lapso se intervino para<\/p>\n","protected":false},"author":2,"featured_media":32496,"comment_status":"closed","ping_status":"closed","sticky":false,"template":"","format":"standard","meta":{"footnotes":""},"categories":[2],"tags":[10],"class_list":["post-32495","post","type-post","status-publish","format-standard","has-post-thumbnail","hentry","category-informe-municipal","tag-santa-fe"],"_links":{"self":[{"href":"http:\/\/argentinamunicipal.com.ar\/argentina\/wp-json\/wp\/v2\/posts\/32495","targetHints":{"allow":["GET"]}}],"collection":[{"href":"http:\/\/argentinamunicipal.com.ar\/argentina\/wp-json\/wp\/v2\/posts"}],"about":[{"href":"http:\/\/argentinamunicipal.com.ar\/argentina\/wp-json\/wp\/v2\/types\/post"}],"author":[{"embeddable":true,"href":"http:\/\/argentinamunicipal.com.ar\/argentina\/wp-json\/wp\/v2\/users\/2"}],"replies":[{"embeddable":true,"href":"http:\/\/argentinamunicipal.com.ar\/argentina\/wp-json\/wp\/v2\/comments?post=32495"}],"version-history":[{"count":0,"href":"http:\/\/argentinamunicipal.com.ar\/argentina\/wp-json\/wp\/v2\/posts\/32495\/revisions"}],"wp:featuredmedia":[{"embeddable":true,"href":"http:\/\/argentinamunicipal.com.ar\/argentina\/wp-json\/wp\/v2\/media\/32496"}],"wp:attachment":[{"href":"http:\/\/argentinamunicipal.com.ar\/argentina\/wp-json\/wp\/v2\/media?parent=32495"}],"wp:term":[{"taxonomy":"category","embeddable":true,"href":"http:\/\/argentinamunicipal.com.ar\/argentina\/wp-json\/wp\/v2\/categories?post=32495"},{"taxonomy":"post_tag","embeddable":true,"href":"http:\/\/argentinamunicipal.com.ar\/argentina\/wp-json\/wp\/v2\/tags?post=32495"}],"curies":[{"name":"wp","href":"https:\/\/api.w.org\/{rel}","templated":true}]}}