{"id":32517,"date":"2015-07-04T10:25:03","date_gmt":"2015-07-04T13:25:03","guid":{"rendered":"http:\/\/argentinamunicipal.com.ar\/argentina\/?p=32517"},"modified":"2015-07-04T10:25:03","modified_gmt":"2015-07-04T13:25:03","slug":"se-realizara-la-1o-jornada-de-estadisticas-municipales-en-parana","status":"publish","type":"post","link":"http:\/\/argentinamunicipal.com.ar\/argentina\/se-realizara-la-1o-jornada-de-estadisticas-municipales-en-parana\/","title":{"rendered":"Se realizar\u00e1 la 1\u00ba Jornada de Estad\u00edsticas Municipales en Paran\u00e1"},"content":{"rendered":"<p><a href=\"http:\/\/argentinamunicipal.com.ar\/argentina\/wp-content\/uploads\/2015\/07\/apfdigital_254997_tapa_372015_173642.jpg\"><img loading=\"lazy\" decoding=\"async\" class=\"aligncenter  wp-image-32518\" src=\"http:\/\/argentinamunicipal.com.ar\/argentina\/wp-content\/uploads\/2015\/07\/apfdigital_254997_tapa_372015_173642.jpg\" alt=\"apfdigital_254997_tapa_372015_173642\" width=\"682\" height=\"395\" srcset=\"http:\/\/argentinamunicipal.com.ar\/argentina\/wp-content\/uploads\/2015\/07\/apfdigital_254997_tapa_372015_173642.jpg 749w, http:\/\/argentinamunicipal.com.ar\/argentina\/wp-content\/uploads\/2015\/07\/apfdigital_254997_tapa_372015_173642-300x174.jpg 300w\" sizes=\"auto, (max-width: 682px) 100vw, 682px\" \/><\/a><\/p>\n<p>Se desarrollar\u00e1 el 15 de julio en la ciudad de Paran\u00e1 y tiene como fin \u201crevalorizar y promover la importancia estrat\u00e9gica de las estad\u00edsticas a nivel de gobiernos locales\u201d, se inform\u00f3 a APFDigital<\/p>\n<p>La jornada tendr\u00e1 lugar el 15 de julio y se llevar\u00e1 a cabo en el centro de Convenciones La Vieja Usina (Gregoria Matorras de San Mart\u00edn 861).<\/p>\n<p>Una de las metas de la jornada es \u201cfortalecer la capacidad de las administraciones locales en la producci\u00f3n de informaci\u00f3n estad\u00edstica sobre los procesos poblacionales, econ\u00f3micos, sociales y culturales a escala local, como insumo para el dise\u00f1o y puesta en marcha de pol\u00edticas p\u00fablicas activas\u201d.<\/p>\n<p>Entre los objetivos espec\u00edficos del encuentro se encuentra la necesidad de \u201cconstruir un esquema de producci\u00f3n de estad\u00edsticas municipales, articulando interinstitucionalmente al Indec (Instituto Nacional de Estad\u00edstica y Censos), a la Direcci\u00f3n General de Estad\u00edstica y Censos de Entre R\u00edos (DEC) y a los municipios.<\/p>\n<p>Tambi\u00e9n se buscar\u00e1 \u201cbrindar asistencia t\u00e9cnica para elaborar estad\u00edsticas a nivel municipal a partir de los registros administrativos del municipio, fortaleciendo la utilizaci\u00f3n de la informaci\u00f3n disponible de Censos y Encuestas\u201d y se \u201ccapacitar\u00e1 a los equipos municipales en la construcci\u00f3n de indicadores sociodemogr\u00e1ficos y econ\u00f3micos que permitan dar cuenta de la situaci\u00f3n del municipio en diversas \u00e1reas de gesti\u00f3n.<\/p>\n<h6>Fuente: APF Digital<\/h6>\n","protected":false},"excerpt":{"rendered":"<p>Se desarrollar\u00e1 el 15 de julio en la ciudad de Paran\u00e1 y tiene como fin \u201crevalorizar y promover la importancia estrat\u00e9gica de las estad\u00edsticas a nivel de gobiernos locales\u201d, se inform\u00f3 a APFDigital La jornada tendr\u00e1 lugar el 15 de julio y se llevar\u00e1 a cabo en el centro de Convenciones La Vieja Usina (Gregoria<\/p>\n","protected":false},"author":2,"featured_media":32518,"comment_status":"closed","ping_status":"closed","sticky":false,"template":"","format":"standard","meta":{"footnotes":""},"categories":[2],"tags":[17],"class_list":["post-32517","post","type-post","status-publish","format-standard","has-post-thumbnail","hentry","category-informe-municipal","tag-entre-rios"],"_links":{"self":[{"href":"http:\/\/argentinamunicipal.com.ar\/argentina\/wp-json\/wp\/v2\/posts\/32517","targetHints":{"allow":["GET"]}}],"collection":[{"href":"http:\/\/argentinamunicipal.com.ar\/argentina\/wp-json\/wp\/v2\/posts"}],"about":[{"href":"http:\/\/argentinamunicipal.com.ar\/argentina\/wp-json\/wp\/v2\/types\/post"}],"author":[{"embeddable":true,"href":"http:\/\/argentinamunicipal.com.ar\/argentina\/wp-json\/wp\/v2\/users\/2"}],"replies":[{"embeddable":true,"href":"http:\/\/argentinamunicipal.com.ar\/argentina\/wp-json\/wp\/v2\/comments?post=32517"}],"version-history":[{"count":0,"href":"http:\/\/argentinamunicipal.com.ar\/argentina\/wp-json\/wp\/v2\/posts\/32517\/revisions"}],"wp:featuredmedia":[{"embeddable":true,"href":"http:\/\/argentinamunicipal.com.ar\/argentina\/wp-json\/wp\/v2\/media\/32518"}],"wp:attachment":[{"href":"http:\/\/argentinamunicipal.com.ar\/argentina\/wp-json\/wp\/v2\/media?parent=32517"}],"wp:term":[{"taxonomy":"category","embeddable":true,"href":"http:\/\/argentinamunicipal.com.ar\/argentina\/wp-json\/wp\/v2\/categories?post=32517"},{"taxonomy":"post_tag","embeddable":true,"href":"http:\/\/argentinamunicipal.com.ar\/argentina\/wp-json\/wp\/v2\/tags?post=32517"}],"curies":[{"name":"wp","href":"https:\/\/api.w.org\/{rel}","templated":true}]}}