{"id":32577,"date":"2015-07-06T09:19:58","date_gmt":"2015-07-06T12:19:58","guid":{"rendered":"http:\/\/argentinamunicipal.com.ar\/argentina\/?p=32577"},"modified":"2015-07-06T09:19:58","modified_gmt":"2015-07-06T12:19:58","slug":"confirman-inedito-referendum-por-una-farmacia-en-villa-allende","status":"publish","type":"post","link":"http:\/\/argentinamunicipal.com.ar\/argentina\/confirman-inedito-referendum-por-una-farmacia-en-villa-allende\/","title":{"rendered":"Confirman in\u00e9dito refer\u00e9ndum por una farmacia en Villa Allende"},"content":{"rendered":"<div id=\"attachment_32578\" style=\"width: 652px\" class=\"wp-caption aligncenter\"><a href=\"http:\/\/argentinamunicipal.com.ar\/argentina\/wp-content\/uploads\/2015\/07\/Farmacia.jpg\"><img loading=\"lazy\" decoding=\"async\" aria-describedby=\"caption-attachment-32578\" class=\"size-full wp-image-32578\" src=\"http:\/\/argentinamunicipal.com.ar\/argentina\/wp-content\/uploads\/2015\/07\/Farmacia.jpg\" alt=\"Cuestionado. Un local que gener\u00f3 una pol\u00e9mica en la ciudad de Villa Allende\" width=\"642\" height=\"366\" srcset=\"http:\/\/argentinamunicipal.com.ar\/argentina\/wp-content\/uploads\/2015\/07\/Farmacia.jpg 642w, http:\/\/argentinamunicipal.com.ar\/argentina\/wp-content\/uploads\/2015\/07\/Farmacia-300x171.jpg 300w\" sizes=\"auto, (max-width: 642px) 100vw, 642px\" \/><\/a><p id=\"caption-attachment-32578\" class=\"wp-caption-text\">Cuestionado. Un local que gener\u00f3 una pol\u00e9mica en la ciudad de Villa Allende<\/p><\/div>\n<p>El 26 de julio, junto a la elecci\u00f3n de intendente, los vecinos deber\u00e1n votar por S\u00ed o No a una ordenanza que regula a esos locales comerciales. Es un caso sin antecedentes.<\/p>\n<p>La Junta Elec\u00adtoral de Villa Allende confirm\u00f3 que el domingo 26 de julio, fecha en que se elegir\u00e1 intendente en esta ciudad, los vecinos deber\u00e1n votar tambi\u00e9n, en forma parale\u00adla, en un refer\u00e9ndum para resolver si se radica o no una farmacia. El hecho es in\u00e9dito para un municipio cordob\u00e9s pero adem\u00e1s ha llamado la atenci\u00f3n el uso de un mecanismo excepcional para un asunto que, visto de afuera, parece menor.<\/p>\n<p>En rigor, se someter\u00e1 a votaci\u00f3n \u2013por S\u00ed o por No\u2013 la vigencia de dos ordenanzas recientemente modificadas que habilitan la instalaci\u00f3n de una farmacia del gremio de empleados de comercio Agec.<\/p>\n<p>El conflicto se gener\u00f3 a partir de la modificaci\u00f3n de una ordenanza de 2005 que prohib\u00eda la instalaci\u00f3n de ese tipo de negocios a menos de 300 metros \u2028de otros ya existentes. En mayo pasado, los ediles votaron que se permita exceptuar de esa restricci\u00f3n a las farmacias sin\u00addicales, mientras vendan productos exclusivamente a sus afiliados y est\u00e9n instaladas en predios propios del gremio.<\/p>\n<p>A pesar de que el texto mo\u00addificado aclara que la puerta \u2028de ingreso no debe dar a la \u2028calle y que deber\u00e1n exhibir \u2028un cartel de gran visibilidad donde se \u00adexplicite que s\u00f3lo \u00adprestar\u00e1 \u00adatenci\u00f3n a los afiliados, la de\u00adcisi\u00f3n levant\u00f3 una \u00adintensa \u00adcontroversia.<\/p>\n<p>La iniciativa de someter la cuesti\u00f3n al voto popular fue promovida por los titulares de las 23 farmacias que funcionan en Villa Allende, que reclaman la derogaci\u00f3n de esa ordenanza, que autorizaba la apertura de este local.<\/p>\n<p>El intendente H\u00e9ctor Colombo (PJ) hab\u00eda vetado esa modificaci\u00f3n a la ordenanza, pero los ediles, con dos tercios de los votos, la ratificaron y qued\u00f3 vigente. En ese marco, el Ejecutivo hizo lugar al pedido del Colegio de Farmac\u00e9uticos, avalado con la cantidad de firmas que exige la ley, para someter un caso a consulta popular.<\/p>\n<p>Desde la intendencia se ha justificado la convocatoria para saldar la discusi\u00f3n y porque se han cumplido los requisitos fijados por la ley provincial para estos casos.<\/p>\n<p>El caso, de todos modos, ha generado asombro sobre todo fuera de esta ciudad. No por el uso de un mecanismo de democracia semidirecta, de muy escasa utilizaci\u00f3n aunque la ley lo habilita, sino porque se haya apelado a esa v\u00eda apara un tema que aparece como menor, frente a otros de mucha mayor gravitaci\u00f3n para una comunidad en su conjunto.<\/p>\n<p>Ahora, en esa discusi\u00f3n entre farmac\u00e9uticos, concejales y gremio, deber\u00e1n terciar los vecinos en las urnas.<\/p>\n<p>En los pr\u00f3ximos d\u00edas la Junta Electoral local definir\u00e1 el texto de la pregunta del refe\u00adr\u00e9ndum que figurar\u00e1 en la \u00adboleta junto al S\u00ed o No como \u00adrespuesta.<\/p>\n<h6>Fuente: La Voz del Interior<\/h6>\n","protected":false},"excerpt":{"rendered":"<p>El 26 de julio, junto a la elecci\u00f3n de intendente, los vecinos deber\u00e1n votar por S\u00ed o No a una ordenanza que regula a esos locales comerciales. Es un caso sin antecedentes. La Junta Elec\u00adtoral de Villa Allende confirm\u00f3 que el domingo 26 de julio, fecha en que se elegir\u00e1 intendente en esta ciudad, los<\/p>\n","protected":false},"author":2,"featured_media":32578,"comment_status":"closed","ping_status":"closed","sticky":false,"template":"","format":"standard","meta":{"footnotes":""},"categories":[2],"tags":[3],"class_list":["post-32577","post","type-post","status-publish","format-standard","has-post-thumbnail","hentry","category-informe-municipal","tag-cordoba"],"_links":{"self":[{"href":"http:\/\/argentinamunicipal.com.ar\/argentina\/wp-json\/wp\/v2\/posts\/32577","targetHints":{"allow":["GET"]}}],"collection":[{"href":"http:\/\/argentinamunicipal.com.ar\/argentina\/wp-json\/wp\/v2\/posts"}],"about":[{"href":"http:\/\/argentinamunicipal.com.ar\/argentina\/wp-json\/wp\/v2\/types\/post"}],"author":[{"embeddable":true,"href":"http:\/\/argentinamunicipal.com.ar\/argentina\/wp-json\/wp\/v2\/users\/2"}],"replies":[{"embeddable":true,"href":"http:\/\/argentinamunicipal.com.ar\/argentina\/wp-json\/wp\/v2\/comments?post=32577"}],"version-history":[{"count":0,"href":"http:\/\/argentinamunicipal.com.ar\/argentina\/wp-json\/wp\/v2\/posts\/32577\/revisions"}],"wp:featuredmedia":[{"embeddable":true,"href":"http:\/\/argentinamunicipal.com.ar\/argentina\/wp-json\/wp\/v2\/media\/32578"}],"wp:attachment":[{"href":"http:\/\/argentinamunicipal.com.ar\/argentina\/wp-json\/wp\/v2\/media?parent=32577"}],"wp:term":[{"taxonomy":"category","embeddable":true,"href":"http:\/\/argentinamunicipal.com.ar\/argentina\/wp-json\/wp\/v2\/categories?post=32577"},{"taxonomy":"post_tag","embeddable":true,"href":"http:\/\/argentinamunicipal.com.ar\/argentina\/wp-json\/wp\/v2\/tags?post=32577"}],"curies":[{"name":"wp","href":"https:\/\/api.w.org\/{rel}","templated":true}]}}