{"id":32580,"date":"2015-07-06T09:26:31","date_gmt":"2015-07-06T12:26:31","guid":{"rendered":"http:\/\/argentinamunicipal.com.ar\/argentina\/?p=32580"},"modified":"2015-07-06T09:26:31","modified_gmt":"2015-07-06T12:26:31","slug":"ambicioso-proyecto-para-construir-un-anexo-de-la-casa-de-gobierno-de-santa-fe","status":"publish","type":"post","link":"http:\/\/argentinamunicipal.com.ar\/argentina\/ambicioso-proyecto-para-construir-un-anexo-de-la-casa-de-gobierno-de-santa-fe\/","title":{"rendered":"Ambicioso proyecto para construir un anexo de la Casa de Gobierno de Santa Fe"},"content":{"rendered":"<div id=\"attachment_32581\" style=\"width: 580px\" class=\"wp-caption aligncenter\"><a href=\"http:\/\/argentinamunicipal.com.ar\/argentina\/wp-content\/uploads\/2015\/07\/10_A_DSC_8105_fmt.jpeg\"><img loading=\"lazy\" decoding=\"async\" aria-describedby=\"caption-attachment-32581\" class=\"size-full wp-image-32581\" src=\"http:\/\/argentinamunicipal.com.ar\/argentina\/wp-content\/uploads\/2015\/07\/10_A_DSC_8105_fmt.jpeg\" alt=\"Maqueta. Por ahora, el proyecto se expone en el hall de la Casa Gris.\" width=\"570\" height=\"373\" srcset=\"http:\/\/argentinamunicipal.com.ar\/argentina\/wp-content\/uploads\/2015\/07\/10_A_DSC_8105_fmt.jpeg 570w, http:\/\/argentinamunicipal.com.ar\/argentina\/wp-content\/uploads\/2015\/07\/10_A_DSC_8105_fmt-300x196.jpeg 300w\" sizes=\"auto, (max-width: 570px) 100vw, 570px\" \/><\/a><p id=\"caption-attachment-32581\" class=\"wp-caption-text\">Maqueta. Por ahora, el proyecto se expone en el hall de la Casa Gris.<\/p><\/div>\n<p>Alojar\u00e1 10 Ministerios. Tendr\u00e1 un helipuerto y una calle techada con paneles fotovoltaicos que alimentar\u00e1n al edificio con energ\u00eda renovable. La inversi\u00f3n est\u00e1 estimada en $ 73.500.000.<\/p>\n<p>A poco de que se cumplan 100 a\u00f1os de la llegada de Manuel Menchaca, el primer gobernador de la provincia de Santa Fe que instal\u00f3 su despacho en la Casa Gris, se propone un ambicioso proyecto para ampliar el edificio con la construcci\u00f3n de un anexo vidriado en la parte de atr\u00e1s.<\/p>\n<p>Tal como cont\u00f3 El Litoral hace un mes, la maqueta con la propuesta que ide\u00f3 el arquitecto Erwin Zwiener desde el Ministerio de Obras P\u00fablicas se luce en el hall central de Casa de Gobierno. Plantea una estructura de cinco pisos, con capacidad para alojar 10 Ministerios en cada una de las cabeceras (cinco de cada lado), propiciando que los funcionarios concentren su actividad m\u00e1s cerca del gobernador y no est\u00e9n dispersos en oficinas alejadas de la sede central, optimizando la interacci\u00f3n. Cada piso tendr\u00e1 lugar para ubicar 90 puestos de trabajo.<\/p>\n<p>La nueva estructura avanzar\u00e1 sobre el resto de la manzana (la mitad sur, eterna inconclusa), hoy ocupada con cocheras, edificaciones precarias y las casillas donde funciona la Direcci\u00f3n de Vivienda. Integrada por unos 300 empleados, esta repartici\u00f3n se trasladar\u00e1 en el segundo semestre del a\u00f1o al edificio que ocupaba la Afip hasta hace unos a\u00f1os, en San Luis al 3100.<\/p>\n<p>\u201cSe me ocurri\u00f3 ponerle una espalda al edificio actual, que qued\u00f3 inconcluso cuando se construy\u00f3 entre 1908 y 1915; y pens\u00e9 que pod\u00eda tapar ese sector con algo muy neutro que no le quitara protagonismo al edificio hist\u00f3rico\u201d, cont\u00f3 Zwiener a El Litoral al explicar el proyecto.<\/p>\n<p>La idea comenz\u00f3 a gestarse en la gesti\u00f3n de Hermes Binner pero el proyecto se termin\u00f3 de definir en la actual y qued\u00f3 listo para ser licitado con un presupuesto estimado en $ 73.500.000. Seg\u00fan adelant\u00f3 oportunamente Julio Schneider, el ministro de Obras P\u00fablicas, con los trabajos previstos para este a\u00f1o \u201cva a quedar liberada la manzana del contrafrente de la Casa Gobierno por calle Amen\u00e1bar, generando una suerte de plaza seca\u201d. Ser\u00e1 entonces la gesti\u00f3n de Miguel Lifschitz la que, quiz\u00e1s, ponga en marcha la construcci\u00f3n.<\/p>\n<div id=\"attachment_32582\" style=\"width: 288px\" class=\"wp-caption alignleft\"><a href=\"http:\/\/argentinamunicipal.com.ar\/argentina\/wp-content\/uploads\/2015\/07\/10_B_ELVIDRIADO001_fmt.jpeg\"><img loading=\"lazy\" decoding=\"async\" aria-describedby=\"caption-attachment-32582\" class=\"size-full wp-image-32582\" src=\"http:\/\/argentinamunicipal.com.ar\/argentina\/wp-content\/uploads\/2015\/07\/10_B_ELVIDRIADO001_fmt.jpeg\" alt=\"Integraci\u00f3n. El nuevo edificio ser\u00e1 vidriado y se conectar\u00e1 con el nuevo por la calle techada, en la planta baja y por puentes que unir\u00e1n distintos pisos.\" width=\"278\" height=\"214\" \/><\/a><p id=\"caption-attachment-32582\" class=\"wp-caption-text\">Integraci\u00f3n. El nuevo edificio ser\u00e1 vidriado y se conectar\u00e1 con el nuevo por la calle techada, en la planta baja y por puentes que unir\u00e1n distintos pisos.<\/p><\/div>\n<p><strong>Detalles arquitect\u00f3nicos<\/strong><\/p>\n<p>La estructura edilicia tendr\u00e1 110 metros de largo y 14 de ancho y se asentar\u00e1 sobre dos paralelep\u00edpedos de hormig\u00f3n armado que en sus extremos albergar\u00e1n sectores de control\u00a0policial y monitoreo, al oeste; y una subestaci\u00f3n transformadora de la EPE, grupos electr\u00f3genos y sala de m\u00e1quinas, al este.<\/p>\n<p>Estar\u00e1 separado de la actual Casa Gris por una calle techada de 15 metros de ancho, que conectar\u00e1 las calles San Jer\u00f3nimo y San Mart\u00edn al mismo nivel que el edificio actual. La particularidad es que arriba, y en toda su extensi\u00f3n, tendr\u00e1 paneles solares fotovoltaicos que otorgar\u00e1n el doble beneficio de dar sombra a la calle y captar energ\u00eda renovable para proveer las nuevas instalaciones.<\/p>\n<p>Los dos edificios, el centenario y el actual, estar\u00e1n vinculados entre s\u00ed: en la planta baja, a trav\u00e9s de esta calle interior, y en la planta alta, por dos puentes. En el subsuelo funcionar\u00e1 el estacionamiento con capacidad para 130 veh\u00edculos. Y la estrella de la azotea ser\u00e1 un helipuerto, con sus rampas de acceso, \u201cnecesario para facilitar los traslados del gobernador y su equipo que hoy tienen que atravesar zonas complicadas para llegar a tomar el helic\u00f3ptero\u201d, cont\u00f3 Zwiener.<\/p>\n<p><strong>Plaza p\u00fablica<\/strong><\/p>\n<p>Recostada hacia el sur, sobre calle Amen\u00e1bar, se generar\u00e1 un nuevo espacio verde para la ciudad, que cobijar\u00e1 los \u00e1rboles que actualmente conviven con la Direcci\u00f3n de Vivienda. Entre el edificio y la plaza, habr\u00e1 una fuente, casi tan larga como el edificio. Estar\u00e1 ubicada sobre un sistema de tanques de retenci\u00f3n de l\u00edquidos y retardadores pluviales con capacidad para 100 mil litros de agua, que pueden alimentar la fuente y reutilizarse para regar la plaza. \u201cLa fuente se propone como un espejo de agua que divida la plaza del edificio\u201d, sintetiz\u00f3 el arquitecto.<\/p>\n<p>Integrada al Paseo de las Tres Culturas, ubicado en frente, y al Parque Gral. Manuel Belgrano, este nuevo espacio ampliar\u00e1 el pulm\u00f3n verde que ya tiene el sur de la ciudad.<\/p>\n<p><strong>73.531.097,28\u00a0pesos<\/strong><\/p>\n<p>es el presupuesto estimado para concretar esta obra.<\/p>\n<p><strong>720\u00a0d\u00edas<\/strong><\/p>\n<p>es el plazo de ejecuci\u00f3n proyectado.<\/p>\n<p><strong>Vestigios de la Jirafa<\/strong><\/p>\n<p>A medida que se ejecutaba la obra de construcci\u00f3n de Casa de Gobierno, entre 1908 y 1915, los planos originales fueron sufriendo cambios. Es as\u00ed que se tom\u00f3 la decisi\u00f3n de demoler la \u2018Jirafa\u2018 (la torre que adornaba el edificio de la Jefatura de Polic\u00eda que hab\u00eda sido mandada a construir en 1903 por el gobernador Rodolfo Freyre), para que el frente de la Casa de Gobierno mantuviera una armon\u00eda arquitect\u00f3nica.<\/p>\n<p>Vestigios de esa torre a\u00fan subsisten. Por eso, para este nuevo proyecto de ampliaci\u00f3n, debi\u00f3 intervenir la Comisi\u00f3n Municipal de Defensa del Patrimonio Cultural. Si bien considera \u201cpertinente el proyecto presentado\u201d, sugiere \u201cse considere el modo de compatibilizar la nueva edificaci\u00f3n con este fragmento de valor hist\u00f3rico, que debe ser conservado as\u00ed como los calabozos subterr\u00e1neos existentes en el sector\u201d. Funda esta sugerencia en \u201cel valor del fragmento arquitect\u00f3nico de la antigua Jirafa, y la historicidad de las protestas motivadas por su demolici\u00f3n\u201d.<\/p>\n<p>El arquitecto Erwin Zwiener asegur\u00f3 que se conservar\u00e1n ornamentos de la Jirafa y los calabozos, que podr\u00e1n apreciarse desde la calle techada.<\/p>\n<p><strong>El dato<\/strong><\/p>\n<p><strong>A Los Sin Techo<\/strong><\/p>\n<p>La decisi\u00f3n del Poder Ejecutivo es donar las casillas de Viviendas que se retiren, al Movimiento Los Sin Techo. Pero para que eso sea posible es imprescindible dar un paso administrativo y sancionar la ley, que el gobierno ya envi\u00f3 a la Legislatura pidiendo autorizaci\u00f3n. El mensaje fue enviado, pero hasta el momento no recibi\u00f3 tratamiento en ninguna de las dos c\u00e1maras. Las casillas fueron fabricadas por el t\u00e9cnico constructor Francisco Crespi hace m\u00e1s de 50 a\u00f1os y son de viruta de madera mineralizada con cemento porlantd. Son at\u00e9rmicas y resistentes. Primero funcion\u00f3 all\u00ed el Consejo de Educaci\u00f3n, que despu\u00e9s se traslad\u00f3 al Centro C\u00edvico. Esta estructura fue ocupada entonces por la Direcci\u00f3n de Vivienda, la cual con el inicio de los planes Fonavi, fue necesitando cada vez m\u00e1s personal.<\/p>\n<h6>Fuente: El Litoral, Santa Fe<\/h6>\n","protected":false},"excerpt":{"rendered":"<p>Alojar\u00e1 10 Ministerios. Tendr\u00e1 un helipuerto y una calle techada con paneles fotovoltaicos que alimentar\u00e1n al edificio con energ\u00eda renovable. La inversi\u00f3n est\u00e1 estimada en $ 73.500.000. A poco de que se cumplan 100 a\u00f1os de la llegada de Manuel Menchaca, el primer gobernador de la provincia de Santa Fe que instal\u00f3 su despacho en<\/p>\n","protected":false},"author":2,"featured_media":32582,"comment_status":"closed","ping_status":"closed","sticky":false,"template":"","format":"standard","meta":{"footnotes":""},"categories":[2],"tags":[10],"class_list":["post-32580","post","type-post","status-publish","format-standard","has-post-thumbnail","hentry","category-informe-municipal","tag-santa-fe"],"_links":{"self":[{"href":"http:\/\/argentinamunicipal.com.ar\/argentina\/wp-json\/wp\/v2\/posts\/32580","targetHints":{"allow":["GET"]}}],"collection":[{"href":"http:\/\/argentinamunicipal.com.ar\/argentina\/wp-json\/wp\/v2\/posts"}],"about":[{"href":"http:\/\/argentinamunicipal.com.ar\/argentina\/wp-json\/wp\/v2\/types\/post"}],"author":[{"embeddable":true,"href":"http:\/\/argentinamunicipal.com.ar\/argentina\/wp-json\/wp\/v2\/users\/2"}],"replies":[{"embeddable":true,"href":"http:\/\/argentinamunicipal.com.ar\/argentina\/wp-json\/wp\/v2\/comments?post=32580"}],"version-history":[{"count":0,"href":"http:\/\/argentinamunicipal.com.ar\/argentina\/wp-json\/wp\/v2\/posts\/32580\/revisions"}],"wp:featuredmedia":[{"embeddable":true,"href":"http:\/\/argentinamunicipal.com.ar\/argentina\/wp-json\/wp\/v2\/media\/32582"}],"wp:attachment":[{"href":"http:\/\/argentinamunicipal.com.ar\/argentina\/wp-json\/wp\/v2\/media?parent=32580"}],"wp:term":[{"taxonomy":"category","embeddable":true,"href":"http:\/\/argentinamunicipal.com.ar\/argentina\/wp-json\/wp\/v2\/categories?post=32580"},{"taxonomy":"post_tag","embeddable":true,"href":"http:\/\/argentinamunicipal.com.ar\/argentina\/wp-json\/wp\/v2\/tags?post=32580"}],"curies":[{"name":"wp","href":"https:\/\/api.w.org\/{rel}","templated":true}]}}