{"id":32624,"date":"2015-07-06T10:13:03","date_gmt":"2015-07-06T13:13:03","guid":{"rendered":"http:\/\/argentinamunicipal.com.ar\/argentina\/?p=32624"},"modified":"2015-07-06T10:13:03","modified_gmt":"2015-07-06T13:13:03","slug":"se-empieza-a-pensar-el-cordon-verde-de-los-alrededores-de-santa-fe-como-circuito-turistico","status":"publish","type":"post","link":"http:\/\/argentinamunicipal.com.ar\/argentina\/se-empieza-a-pensar-el-cordon-verde-de-los-alrededores-de-santa-fe-como-circuito-turistico\/","title":{"rendered":"Se empieza a pensar el cord\u00f3n verde de los alrededores de Santa Fe como circuito tur\u00edstico"},"content":{"rendered":"<div id=\"attachment_32625\" style=\"width: 681px\" class=\"wp-caption aligncenter\"><a href=\"http:\/\/argentinamunicipal.com.ar\/argentina\/wp-content\/uploads\/2015\/07\/frutillas.jpg_973718260.jpg\"><img loading=\"lazy\" decoding=\"async\" aria-describedby=\"caption-attachment-32625\" class=\" wp-image-32625\" src=\"http:\/\/argentinamunicipal.com.ar\/argentina\/wp-content\/uploads\/2015\/07\/frutillas.jpg_973718260.jpg\" alt=\"Potencial. Las huertas del \u00e1rea metropolitana se pueden convertir en un atractivo m\u00e1s para turistas.\" width=\"671\" height=\"468\" srcset=\"http:\/\/argentinamunicipal.com.ar\/argentina\/wp-content\/uploads\/2015\/07\/frutillas.jpg_973718260.jpg 789w, http:\/\/argentinamunicipal.com.ar\/argentina\/wp-content\/uploads\/2015\/07\/frutillas.jpg_973718260-300x209.jpg 300w\" sizes=\"auto, (max-width: 671px) 100vw, 671px\" \/><\/a><p id=\"caption-attachment-32625\" class=\"wp-caption-text\">Potencial. Las huertas del \u00e1rea metropolitana se pueden convertir en un atractivo m\u00e1s para turistas.<\/p><\/div>\n<p>Turismo con valor agregado. La iniciativa surgi\u00f3 a partir del Congreso Argentino de Horticultura que se realizar\u00e1 el a\u00f1o que viene en Santa Fe. La Secretar\u00eda de Turismo de la provincia destac\u00f3 el inter\u00e9s de los productores<\/p>\n<p>En 2016, la ciudad de Santa Fe ser\u00e1 sede del Congreso Argentino de Horticultura, y la Secretar\u00eda de Turismo de la provincia se encuentra preparando el material para la presentaci\u00f3n de la ciudad en el congreso de este a\u00f1o en Bah\u00eda Blanca. En ese marco, y tomando experiencias de otros lugares de la provincia, se pens\u00f3 comenzar a trabajar articuladamente para convertir el cord\u00f3n verde de la zona de Monte Vera en un corredor tur\u00edstico.<\/p>\n<p>As\u00ed surgi\u00f3 la idea y la posibilidad concreta de agregar un elemento de valor m\u00e1s al potencial tur\u00edstico de la regi\u00f3n. La intenci\u00f3n de la secretar\u00eda es empezar, de forma conjunta con el Inta (est\u00e1 en permanente contacto con la producci\u00f3n de la zona), los productores, la Universidad Nacional del Litoral, y la Municipalidad de Santa Fe, a darle forma al proyecto.<\/p>\n<p>En di\u00e1logo con Diario UNO, el director provincial de Turismo, Javier Dellam\u00f3nica, se\u00f1al\u00f3 que lo que resta ahora es \u201carmar el rompecabezas a nivel regional\u201d, y que ya existen en Santa Fe muchas propuestas de estas caracter\u00edsticas. Dio como ejemplos el corredor de la ruta 1, donde est\u00e1 muy desarrollado el turismo de fin de semana y de temporada, y se realizan visitas concretas a viveros; Cayast\u00e1, Helvecia y Santa Rosa de Calchines, con la producci\u00f3n de zanahorias; o la zona de San Javier ligada a la producci\u00f3n arrocera.<\/p>\n<p>Adem\u00e1s, agreg\u00f3 que en las huertas comunitarias del cord\u00f3n de Rosario se est\u00e1 trabajando a trav\u00e9s del Inta, como una cuesti\u00f3n de inclusi\u00f3n social, pero a la vez para el recorrido tur\u00edstico con salidas gastron\u00f3micas con productos de la huerta de primera calidad.<\/p>\n<p>\u201cA partir de all\u00ed se gener\u00f3 una movida donde se trabaja activamente. Entonces, si uno empieza a armar ese rompecabezas se da cuenta de que hay una diversidad muy importante\u201d, sostuvo el funcionario y agreg\u00f3 que el gran desaf\u00edo est\u00e1 en poder articular con todos los centros de informes de la provincia, todo lo que existe en materia productiva y de posibilidad de visitas.<\/p>\n<p><strong>Mostrar Santa Fe<\/strong><\/p>\n<p>Entre el 5 y el 8 de octubre, la ciudad mostrar\u00e1 todo lo que tiene para ofrecer a los visitantes en el Congreso de Horticultura de Bah\u00eda Blanca y no se har\u00e1 solamente hincapi\u00e9 en lo productivo, sino tambi\u00e9n en los otros atractivos ya instalados como el r\u00edo, la naturaleza, la cerveza, los alfajores y el Puente Colgante, por nombrar algunos.<\/p>\n<p>\u201cEl a\u00f1o que viene, cuando este congreso se realice en la ciudad traer\u00e1 a muchas personas y dar\u00e1 la posibilidad de hacer visitas a los cordones productivos de la ruta 1, o Monte Vera y, a su vez, los otros atractivos como el r\u00edo, el pescado, los alfajores, o la cerveza. Lo bueno de esto es que comenzamos a identificar que hay cuestiones productivas que en el pasado no se ve\u00edan como un valor tur\u00edstico y hoy s\u00ed. Entonces, de la mano de un congreso de estas caracter\u00edsticas se puede pensar a Santa Fe desde lo tur\u00edstico incluyendo otra mirada\u201d, relat\u00f3 el director de Turismo.<\/p>\n<p>Con esta propuesta el productor se siente parte directa, porque tiene que abrir su huerta para que la gente lo visite y adem\u00e1s ver qu\u00e9 otros productos puede ofrecer. \u201cHay lugares en donde la gente visita una determinada plantaci\u00f3n y se lleva un producto elaborado\u201d, ejemplific\u00f3 y a\u00f1adi\u00f3: \u201cComo en San Pedro, donde la gente puede parar en las plantaciones de naranjas y recorrerlas, pero a su vez puede llevarse el jugo, la mermelada, etc\u00e9tera. Entonces empezamos a ver valores que indudablemente empiezan a ser parte hasta de la econom\u00eda de las peque\u00f1as familias\u201d.<\/p>\n<p><strong>El gran desaf\u00edo<\/strong><\/p>\n<p>El proceso de mostrar Santa Fe para el congreso del a\u00f1o pr\u00f3ximo est\u00e1 sirviendo para hablar con los productores locales y comentarles la idea del circuito tur\u00edstico, y seg\u00fan destac\u00f3 Dellam\u00f3nica, hay inter\u00e9s pero tambi\u00e9n se trata de lograr un cambio cultural.<\/p>\n<p>En este sentido, coment\u00f3 que el desaf\u00edo est\u00e1 en ver t\u00e9cnicamente c\u00f3mo se hace el trabajo con los productores interesados, y despu\u00e9s brindarles preparaci\u00f3n como gu\u00edas tur\u00edsticos. A su vez, transmitir esta informaci\u00f3n a los centros de informes de Santa Fe, ya que este tipo de turismo requiere otra organizaci\u00f3n. \u201cAc\u00e1 tiene que haber una persona que te abra la tranquera, que te reciba y que te muestre y cuente qu\u00e9 es lo que se produce y tambi\u00e9n generar las condiciones para que pueda vender esos productos\u201d, puntualiz\u00f3.<\/p>\n<h6>Fuente: Uno, Santa Fe<\/h6>\n","protected":false},"excerpt":{"rendered":"<p>Turismo con valor agregado. La iniciativa surgi\u00f3 a partir del Congreso Argentino de Horticultura que se realizar\u00e1 el a\u00f1o que viene en Santa Fe. La Secretar\u00eda de Turismo de la provincia destac\u00f3 el inter\u00e9s de los productores En 2016, la ciudad de Santa Fe ser\u00e1 sede del Congreso Argentino de Horticultura, y la Secretar\u00eda de<\/p>\n","protected":false},"author":2,"featured_media":32625,"comment_status":"closed","ping_status":"closed","sticky":false,"template":"","format":"standard","meta":{"footnotes":""},"categories":[2],"tags":[10],"class_list":["post-32624","post","type-post","status-publish","format-standard","has-post-thumbnail","hentry","category-informe-municipal","tag-santa-fe"],"_links":{"self":[{"href":"http:\/\/argentinamunicipal.com.ar\/argentina\/wp-json\/wp\/v2\/posts\/32624","targetHints":{"allow":["GET"]}}],"collection":[{"href":"http:\/\/argentinamunicipal.com.ar\/argentina\/wp-json\/wp\/v2\/posts"}],"about":[{"href":"http:\/\/argentinamunicipal.com.ar\/argentina\/wp-json\/wp\/v2\/types\/post"}],"author":[{"embeddable":true,"href":"http:\/\/argentinamunicipal.com.ar\/argentina\/wp-json\/wp\/v2\/users\/2"}],"replies":[{"embeddable":true,"href":"http:\/\/argentinamunicipal.com.ar\/argentina\/wp-json\/wp\/v2\/comments?post=32624"}],"version-history":[{"count":0,"href":"http:\/\/argentinamunicipal.com.ar\/argentina\/wp-json\/wp\/v2\/posts\/32624\/revisions"}],"wp:featuredmedia":[{"embeddable":true,"href":"http:\/\/argentinamunicipal.com.ar\/argentina\/wp-json\/wp\/v2\/media\/32625"}],"wp:attachment":[{"href":"http:\/\/argentinamunicipal.com.ar\/argentina\/wp-json\/wp\/v2\/media?parent=32624"}],"wp:term":[{"taxonomy":"category","embeddable":true,"href":"http:\/\/argentinamunicipal.com.ar\/argentina\/wp-json\/wp\/v2\/categories?post=32624"},{"taxonomy":"post_tag","embeddable":true,"href":"http:\/\/argentinamunicipal.com.ar\/argentina\/wp-json\/wp\/v2\/tags?post=32624"}],"curies":[{"name":"wp","href":"https:\/\/api.w.org\/{rel}","templated":true}]}}