{"id":32634,"date":"2015-07-06T10:25:30","date_gmt":"2015-07-06T13:25:30","guid":{"rendered":"http:\/\/argentinamunicipal.com.ar\/argentina\/?p=32634"},"modified":"2015-07-06T10:25:30","modified_gmt":"2015-07-06T13:25:30","slug":"la-industria-textil-marplatense-abastece-el-60-del-consumo-de-todo-el-pais-en-productos-lanares","status":"publish","type":"post","link":"http:\/\/argentinamunicipal.com.ar\/argentina\/la-industria-textil-marplatense-abastece-el-60-del-consumo-de-todo-el-pais-en-productos-lanares\/","title":{"rendered":"La industria textil marplatense abastece el 60% del consumo de todo el pa\u00eds en productos lanares"},"content":{"rendered":"<p><a href=\"http:\/\/argentinamunicipal.com.ar\/argentina\/wp-content\/uploads\/2015\/07\/maxresdefault.jpg\"><img loading=\"lazy\" decoding=\"async\" class=\"aligncenter  wp-image-32635\" src=\"http:\/\/argentinamunicipal.com.ar\/argentina\/wp-content\/uploads\/2015\/07\/maxresdefault.jpg\" alt=\"maxresdefault\" width=\"690\" height=\"388\" srcset=\"http:\/\/argentinamunicipal.com.ar\/argentina\/wp-content\/uploads\/2015\/07\/maxresdefault.jpg 1280w, http:\/\/argentinamunicipal.com.ar\/argentina\/wp-content\/uploads\/2015\/07\/maxresdefault-300x169.jpg 300w, http:\/\/argentinamunicipal.com.ar\/argentina\/wp-content\/uploads\/2015\/07\/maxresdefault-1024x576.jpg 1024w\" sizes=\"auto, (max-width: 690px) 100vw, 690px\" \/><\/a><br \/>\nLa industria textil marplatense abastece el 60 por ciento de productos de punto de lana que se consume en el mercado local, afirm\u00f3 la titular de la entidad que nuclea a las empresas del sector instaladas en la Ciudad Feliz y zonas aleda\u00f1as, Mar\u00eda Liberati.<\/p>\n<p>Liberati, en di\u00e1logo con T\u00e9lam, afirm\u00f3 que en Mar del Plata \u00abtenemos una gran cantidad de f\u00e1bricas que forman parte de este gran polo textil que es muy importante dentro de nuestro pa\u00eds, donde se confeccionan muchas colecciones de punto de marcas nacionales y algunas internacionales\u00bb.<\/p>\n<p>\u00abMuchos de los productos de lana que se venden en San Carlos de Bariloche salen de las fabricas marplatenses\u00bb, remarc\u00f3 la empresaria, al tiempo que se\u00f1al\u00f3 que \u00abdesde esta ciudad se vende por mayor a todo el pa\u00eds, desde la Quiaca hasta Ushuaia\u00bb.<\/p>\n<p>Frente a la temporada invernal y al inminente inicio del receso vacacional de mitad de a\u00f1o, Liberati dijo: \u00aben un principio fuimos un poco castigados porque el clima nos nos ayud\u00f3, debido al que el invierno se hizo esperar. Pero llegan en pocos d\u00edas las vacaciones de invierno y desde esta ciudad estamos preparados y esperanzados en que se hagan buenas ventas\u00bb.<\/p>\n<p>\u00abLos colores de este invierno son los grises, negros, marrones, colores tierra, mientras se prepara en las f\u00e1bricas en esta \u00e9poca del a\u00f1o la colecci\u00f3n primavera-verano que llegar\u00e1 con blanco combinado con camel, coral, fucsia y rojos\u00bb, adelant\u00f3.<\/p>\n<p>\u00abAunque Mar del Plata no sea el destino tur\u00edstico preferido en esta \u00e9poca del a\u00f1o, \u00faltimamente las vacaciones de invierno son muy buenas ya que la gente que viene es generalmente de Capital Federal, Gran Buenos Aires y el interior bonaerense y siempre que llegan a Mar del Plata compran su\u00e9ters y camperas del gran polo textil existente en nuestra ciudad\u00bb, relat\u00f3.<\/p>\n<p>En los que se refiere al sector textil, Liberati manifest\u00f3 que \u00abvenimos de tiempos dif\u00edciles, lo que hacemos es mantenernos y tratar de no perder lugares como tambi\u00e9n trabajar y colaborar para que no se diluyan los puestos de trabajo y siempre haciendo acciones para poder promover la venta y el tejido de Mar del Plata\u00bb.<\/p>\n<p>Con respecto a cursos y capacitaciones, la empresaria record\u00f3 que \u00abhace dos meses se abri\u00f3 la Escuela de Capacitaci\u00f3n Textil la que se encuentra ubicada en la calle Dorrego al 2800\u00bb que estaba cerrada desde el 2011.<\/p>\n<p>\u00abNosotros ponemos las maquinarias, el edificio y los insumos y el municipio colabora con el sueldo de los instructores\u00bb, dijo.<\/p>\n<p>\u00abHemos arrancado muy bien y ya las primeras alumnas que han comenzado con esta capacitaci\u00f3n han realizado sus primeros trabajos y quieren que sean donados para el d\u00eda del ni\u00f1o en barrios de bajos recursos y en comedores barriales\u00bb, agreg\u00f3.<\/p>\n<p>Liberati enfatiz\u00f3 que \u00abmuchas de las personas que se est\u00e1n capacitando ya han encontrado trabajos formales, lo que me llena de orgullo por haber sido alumna de esa escuela hace unos 30 a\u00f1os atr\u00e1s\u00bb.<\/p>\n<p>Con respecto a los cupos, horarios y tipo de capacitaci\u00f3n que se brinda en la misma, remarc\u00f3 \u00abm\u00e1s de 700 personas se han anotado en los cursos, pero estos son reducidos para que puedan capacitarse correctamente ya que no puede haber mas de 2 o 3 alumnos por maquina\u00bb.<\/p>\n<p>\u00abEn este momento estamos con 4 cursos de 20 alumnos cada uno con una duraci\u00f3n de 4 meses\u00bb, dijo.<\/p>\n<p>\u00abSi llegamos a conseguir los fondos necesarios o recursos para poder aumentar la cantidad de d\u00edas (porque en estos momentos estamos dict\u00e1ndolos solo martes y jueves), vamos a poder funcionar de lunes a viernes y muchos de los aspirantes podr\u00e1n capacitarse y formarse con profesionales del tejido de punto de reconocida trascendencia local\u00bb, subray\u00f3.<\/p>\n<p>Consultada sobre la cantidad de personas y f\u00e1bricas existentes, Mar\u00eda Liberati dijo \u00abcon el INTI realizaremos muy pronto un relevamiento para conocer cu\u00e1ntas personas son las que trabajan en las diferentes f\u00e1bricas textiles de la ciudad, ya que consideramos que es un dato muy importante que nos servir\u00e1 para crecer y proyectarnos hacia un futuro a\u00fan mejor\u00bb.<\/p>\n<p>Para finalizar la presidenta de la Industria Textil marplatense no dud\u00f3 en resaltar que \u00abMar del Plata no solo ha mejorado su performance en tema de la maquinaria textil- que siempre nos caracteriz\u00f3- y por la excelente mano de obra, sino tambi\u00e9n el dise\u00f1o donde en los \u00faltimos tiempos salen profesionales muy buenos y en algunos casos ya dirigidos al tejido de punto que es muy diferente al de tela plana\u00bb.<\/p>\n<h6>Fuente: T\u00e9lam<\/h6>\n","protected":false},"excerpt":{"rendered":"<p>La industria textil marplatense abastece el 60 por ciento de productos de punto de lana que se consume en el mercado local, afirm\u00f3 la titular de la entidad que nuclea a las empresas del sector instaladas en la Ciudad Feliz y zonas aleda\u00f1as, Mar\u00eda Liberati. Liberati, en di\u00e1logo con T\u00e9lam, afirm\u00f3 que en Mar del<\/p>\n","protected":false},"author":2,"featured_media":32635,"comment_status":"closed","ping_status":"closed","sticky":false,"template":"","format":"standard","meta":{"footnotes":""},"categories":[8],"tags":[21],"class_list":["post-32634","post","type-post","status-publish","format-standard","has-post-thumbnail","hentry","category-informe-nacional","tag-argentina"],"_links":{"self":[{"href":"http:\/\/argentinamunicipal.com.ar\/argentina\/wp-json\/wp\/v2\/posts\/32634","targetHints":{"allow":["GET"]}}],"collection":[{"href":"http:\/\/argentinamunicipal.com.ar\/argentina\/wp-json\/wp\/v2\/posts"}],"about":[{"href":"http:\/\/argentinamunicipal.com.ar\/argentina\/wp-json\/wp\/v2\/types\/post"}],"author":[{"embeddable":true,"href":"http:\/\/argentinamunicipal.com.ar\/argentina\/wp-json\/wp\/v2\/users\/2"}],"replies":[{"embeddable":true,"href":"http:\/\/argentinamunicipal.com.ar\/argentina\/wp-json\/wp\/v2\/comments?post=32634"}],"version-history":[{"count":0,"href":"http:\/\/argentinamunicipal.com.ar\/argentina\/wp-json\/wp\/v2\/posts\/32634\/revisions"}],"wp:featuredmedia":[{"embeddable":true,"href":"http:\/\/argentinamunicipal.com.ar\/argentina\/wp-json\/wp\/v2\/media\/32635"}],"wp:attachment":[{"href":"http:\/\/argentinamunicipal.com.ar\/argentina\/wp-json\/wp\/v2\/media?parent=32634"}],"wp:term":[{"taxonomy":"category","embeddable":true,"href":"http:\/\/argentinamunicipal.com.ar\/argentina\/wp-json\/wp\/v2\/categories?post=32634"},{"taxonomy":"post_tag","embeddable":true,"href":"http:\/\/argentinamunicipal.com.ar\/argentina\/wp-json\/wp\/v2\/tags?post=32634"}],"curies":[{"name":"wp","href":"https:\/\/api.w.org\/{rel}","templated":true}]}}