{"id":32643,"date":"2015-07-08T07:38:23","date_gmt":"2015-07-08T10:38:23","guid":{"rendered":"http:\/\/argentinamunicipal.com.ar\/argentina\/?p=32643"},"modified":"2015-07-06T10:48:12","modified_gmt":"2015-07-06T13:48:12","slug":"fiesta-nacional-del-poncho-catamarca-del-9-al-19-de-julio","status":"publish","type":"post","link":"http:\/\/argentinamunicipal.com.ar\/argentina\/fiesta-nacional-del-poncho-catamarca-del-9-al-19-de-julio\/","title":{"rendered":"Fiesta Nacional del Poncho, Catamarca del 9 al 19 de julio"},"content":{"rendered":"<p><a href=\"http:\/\/argentinamunicipal.com.ar\/argentina\/wp-content\/uploads\/2015\/07\/Flyer-Poncho-frente-12.jpg\"><img loading=\"lazy\" decoding=\"async\" class=\"aligncenter  wp-image-32644\" src=\"http:\/\/argentinamunicipal.com.ar\/argentina\/wp-content\/uploads\/2015\/07\/Flyer-Poncho-frente-12.jpg\" alt=\"Flyer-Poncho-frente-12\" width=\"644\" height=\"366\" srcset=\"http:\/\/argentinamunicipal.com.ar\/argentina\/wp-content\/uploads\/2015\/07\/Flyer-Poncho-frente-12.jpg 1558w, http:\/\/argentinamunicipal.com.ar\/argentina\/wp-content\/uploads\/2015\/07\/Flyer-Poncho-frente-12-300x170.jpg 300w, http:\/\/argentinamunicipal.com.ar\/argentina\/wp-content\/uploads\/2015\/07\/Flyer-Poncho-frente-12-1024x582.jpg 1024w\" sizes=\"auto, (max-width: 644px) 100vw, 644px\" \/><\/a><br \/>\nLa Fiesta del poncho de Catamarca cobija en cada edici\u00f3n la mirada asombrada de los visitantes a la muestra, conmovidos por la diversidad y la belleza de las artesan\u00edas locales, nacionales e internacionales.<\/p>\n<p>La ciudad capital, San Fernando del Valle es la orgullosa anfitriona convocando a los hacedores de esta riqueza cultural que da identidad a nuestro pueblo. El poncho es el representante inalterable de Catamarca y de sus artesanos.<\/p>\n<p>En el contexto de las principales caracter\u00edsticas de la fiesta, se destaca la muestra artesanal que cuenta con la presencia de artesanos de todo el pa\u00eds que ofrecen sus trabajos plenos de calidad. El festival folkl\u00f3rico se convierte en un espacio de encuentro donde el canto y la danza deleitan a los visitantes, convirti\u00e9ndolos en part\u00edcipes de una fiesta que nunca olvidar\u00e1n.<\/p>\n<p>En el a\u00f1o 2007 se inaugura El Predio Ferial Catamarca donde se realiza el evento, que, adem\u00e1s, ser\u00e1 \u00fatil para organizar otros acontecimientos de car\u00e1cter social, cultural y econ\u00f3mico y pol\u00edtico.<\/p>\n<p>Todos los a\u00f1os en el mes de Julio, San Fernando del Valle de Catamarca, se convierte en el escenario de la Fiesta Nacional e Internacional del Poncho que atrae a miles de turistas del Norte Argentino y del pa\u00eds en general, siendo una opci\u00f3n muy recomendada para disfrutarla en familia.<\/p>\n<p>La Fiesta del Poncho es la m\u00e1xima expresi\u00f3n de la Cultura Popular Catamarque\u00f1a\u00a0donde diversas actividades como la danza, el canto y las artesan\u00edas se convierten \u00a0en part\u00edcipes de una fiesta dif\u00edcil de \u00a0olvidar.<\/p>\n<p><strong>La cartelera completa del festival del Poncho 2015<\/strong><\/p>\n<p>Ser\u00e1n m\u00e1s de 150 propuestas art\u00edsticas para disfrutar en once noches del festival mayor de los catamarque\u00f1os. Entr\u00e1 y conoc\u00e9 la cartelera completa.<\/p>\n<p>LOS TEKIS ESTAR\u00c1N EL VIERNES 17.<br \/>\nM\u00e1s de 150 propuestas art\u00edsticas forman parte de la programaci\u00f3n que ofrecer\u00e1 en su edici\u00f3n 2015 el escenario mayor de la Fiesta Nacional e Internacional del Poncho.<\/p>\n<p>Tras un intenso trabajo de organizaci\u00f3n y programaci\u00f3n, desde la Secretar\u00eda de Cultura de Catamarca se dio a conocer la cartelera completa de artistas que desfilar\u00e1n por el escenario Jorge \u00abNegro\u201d Herrera a lo largo de las 11 noches de festival, que se extender\u00e1 del 9 al 19 de julio, arrancando todos los d\u00edas a las 19 hs.<\/p>\n<p>La apertura de la fiesta ser\u00e1 el jueves 9 de julio a las 19 hs en el sal\u00f3n mayor de espect\u00e1culo del Predio Ferial Catamarca que, desde el a\u00f1o pasado, lleva el nombre de Atuto \u00abMercau\u201d Soria.<\/p>\n<p>All\u00ed se realizar\u00e1 el acto protocolar encabezado por la gobernadora, Luc\u00eda Corpacci, las secretarias de Cultura, Patricia Saseta y de Turismo, Natalia Ponferrada \u2013a cargo de la organizaci\u00f3n de la fiesta- y autoridades provinciales y municipales.<\/p>\n<p>La parte protocolar de la inaugural empalmar\u00e1 directamente con la art\u00edstica, que cerrar\u00e1 con la presencia de Nocheros.<\/p>\n<p>\u00abHemos trabajado duro para ofrecer una cartelera art\u00edstica de calidad, atractiva y popular. Como ha sido un sello de esta gesti\u00f3n, les damos un lugar de preeminencia a los artistas de Catamarca, algo que no pasa en muchos festivales. Basta ver la cartelera para advertir que el 80% de los artistas que la integran son de Catamarca\u201d, resalt\u00f3 la secretaria de Cultura.<\/p>\n<p>Las entradas para las distintas noches de festival, con excepci\u00f3n de la primera \u2013que es gratuita contra entrega de entradas- ya est\u00e1n a la venta en el Cine Teatro Catamarca y v\u00eda internet, a trav\u00e9s de Autoentrada.com y en TiendaNaranja.com.<\/p>\n<p><strong>JUEVES 9<\/strong><\/p>\n<p>1. Acto protocolar<\/p>\n<p>2. Cuadro de Apertura<\/p>\n<p>3. Ballet Semblanzas<\/p>\n<p>4. Nicol\u00e1s Romero<\/p>\n<p>5. Coronaci\u00f3n de la Reina<\/p>\n<p>6. NOCHEROS<\/p>\n<p>Entrada gratuita, se retiran ese mismo d\u00eda del espect\u00e1culo en el Predio Ferial en horario a confirmar<\/p>\n<p><strong>VIERNES 10<\/strong><\/p>\n<p>1. Delegaci\u00f3n Santa Mar\u00eda<\/p>\n<p>2. Ballet Esp\u00edritu Gaucho<\/p>\n<p>3. Tom\u00e1s y Gimena<\/p>\n<p>4. Jomaray<\/p>\n<p>5. D\u00fao Cantamarca<\/p>\n<p>6. La Troya<\/p>\n<p>7. Los Hechiceros<\/p>\n<p>8. Los Herederos del Alba<\/p>\n<p>9. Alberto Har\u00f3n<\/p>\n<p>10. Yuri Salguero<\/p>\n<p>11. N\u00e9stor Pacheco<\/p>\n<p>12. Itat\u00ed<\/p>\n<p>13. DIABLEROS JUJE\u00d1OS<\/p>\n<p>14. GUITARREROS<\/p>\n<p>15. NACHO Y DANIEL<\/p>\n<p>Entradas: Sector A: $ 90; Sector B: $ 80; Sector C: $ 70.<\/p>\n<p><strong>SABADO 11<\/strong><\/p>\n<p>1. Delegaci\u00f3n Las Juntas<\/p>\n<p>2. Ballet Fort\u00edn Sure\u00f1o<\/p>\n<p>3. Ballet Argentina<\/p>\n<p>4. Las Voces del Valle<\/p>\n<p>5. Hilos del Viento<\/p>\n<p>6. Emanuel Romero<\/p>\n<p>7. Diego Marioni<\/p>\n<p>8. Grupo Chelem\u00f3n<\/p>\n<p>9. Norma Halmall\u00e1n<\/p>\n<p>10. Rafael Toledo<\/p>\n<p>11. Raza M\u00eda<\/p>\n<p>12. Los Catamarque\u00f1os<\/p>\n<p>13. Bomba Contrera (Humor)<\/p>\n<p>14. SANDRA MIHANOVICH<\/p>\n<p>15. TONOLEC<\/p>\n<p>16. LA MOSCA<\/p>\n<p>Entradas: Sector A: $ 90; Sector B: $ 80; Sector C: $ 70<\/p>\n<p><strong>DOMINGO 12<\/strong><\/p>\n<p>1. Delegaci\u00f3n Antofagasta de la Sierra<\/p>\n<p>2. Ballet El Gaucho<\/p>\n<p>3. Ale Ocampo \u2013Andrea Cano (Compa\u00f1\u00eda Destino Tango)<\/p>\n<p>4. La Yeska<\/p>\n<p>5. Carlos Arr\u00e9guez<\/p>\n<p>6. Cielito y sus Mariachis<\/p>\n<p>7. Freddy Romero<\/p>\n<p>8. Catamarca 3<\/p>\n<p>9. Diego Sierralta<\/p>\n<p>10. Dalma Robles<\/p>\n<p>11. \u00abVit\u00edn\u201d Martoccia<\/p>\n<p>12. Las Guitarras del Oeste<\/p>\n<p>13. LOS CALDENES<\/p>\n<p>14. LA YUNTA<\/p>\n<p>15. SERGIO GALLEGUILLO<\/p>\n<p>Entradas: Sector A: $ 100; Sector B: $ 90; Sector C: $ 80<\/p>\n<p><strong>LUNES 13<\/strong><\/p>\n<p>1. Delegaci\u00f3n Pacl\u00edn<\/p>\n<p>2. Ballet Danzar Joven<\/p>\n<p>3. D\u00fao Esencia<\/p>\n<p>4. Ecos del Litoral<\/p>\n<p>5. Por Siempre Catamarca<\/p>\n<p>6. Alternativa<\/p>\n<p>7. Las Cuerdas M\u00e1gicas<\/p>\n<p>8. Ricardo \u00abTorito\u201d Arce<\/p>\n<p>9. Nena Herrera<\/p>\n<p>10. Cara Fea<\/p>\n<p>11. Mariel Valdez<\/p>\n<p>12. Los Quircos<\/p>\n<p>13. MARCELO TOLEDO<\/p>\n<p>14. SOLEDAD<\/p>\n<p>15. LOS CALIGARIS<\/p>\n<p>Entradas: Sector A: $ 90; Sector B: $ 80; Sector C: $ 70.<\/p>\n<p><strong>MARTES 14<\/strong><\/p>\n<p>1. Delegaci\u00f3n Tinogasta<\/p>\n<p>2. Ballet Huellas Norte\u00f1as<\/p>\n<p>3. Los de Saujil<\/p>\n<p>4. Carla Romero<\/p>\n<p>5. Embrujo<\/p>\n<p>6. Rolando Zaffe<\/p>\n<p>7. \u00c1ngel Acosta<\/p>\n<p>8. Los Chamameceros de San Pedro<\/p>\n<p>9. Mingo Aguirre (humor)<\/p>\n<p>10. Peque Bonardi<\/p>\n<p>11. LABRIEGOS<\/p>\n<p>12. Cololo Macedo<\/p>\n<p>13. MARIANA CAY\u00d3N<\/p>\n<p>14. LAS 4 CUERDAS<\/p>\n<p>15. CHAQUE\u00d1O PALAVECINO<\/p>\n<p>Entradas: Sector A: $ 100; Sector B: $ 90; Sector C: $ 80<\/p>\n<p><strong>MI\u00c9RCOLES 15<\/strong><\/p>\n<p>1. Delegaci\u00f3n Ambato<\/p>\n<p>2. Ballet Catamarca Danza<\/p>\n<p>3. Los Cantores del Huayra<\/p>\n<p>4. El Algarrobal<\/p>\n<p>5. Luz de Canto<\/p>\n<p>6. Gabriel M\u00e1s<\/p>\n<p>7. Hiperb\u00f3reos<\/p>\n<p>8. Noelia Tula<\/p>\n<p>9. Rodrigo Varela<\/p>\n<p>10. Carlos Tapia (humor)<\/p>\n<p>11. Americanta<\/p>\n<p>12. JUAN I\u00d1AKY<\/p>\n<p>13. IZQUIERDOS DE LA CUEVA<\/p>\n<p>14. AMBO\u00c9<\/p>\n<p>15. COTI<\/p>\n<p>Entradas: Sector A: $90; Sector B: $80; Sector C: $70<\/p>\n<p><strong>JUEVES 16<\/strong><\/p>\n<p>1. Delegaci\u00f3n Valle Viejo<\/p>\n<p>2. Ballet Atahualpa Yupanqui<\/p>\n<p>3. Ballet Ica\u00f1o<\/p>\n<p>4. D\u00fao Amistad<\/p>\n<p>5. El Rejunte<\/p>\n<p>6. Ale Avellaneda<\/p>\n<p>7. Gaby Sosa<\/p>\n<p>8. Castellano Tango<\/p>\n<p>9. Natalia Brizuela C\u00e9sar<\/p>\n<p>10. Los Mellizos<\/p>\n<p>11. La Vor\u00e1gine<\/p>\n<p>12. La Calera<\/p>\n<p>13. LA CALLEJERA<\/p>\n<p>14. VILMA PALMA<\/p>\n<p>15. LOS CAFRES<\/p>\n<p>Entradas: Sector A: $ 90; Sector B: $ 80; Sector C: $ 70.<\/p>\n<p><strong>VIERNES 17<\/strong><\/p>\n<p>1. Delegaci\u00f3n Pom\u00e1n<\/p>\n<p>2. Ballet Piriqui P\u00e9rez<\/p>\n<p>3. Almas Norte\u00f1as (cuarteto malambo) \u2013 Pajonal<\/p>\n<p>4. Aik\u00e9n<\/p>\n<p>5. Aldo Luna<\/p>\n<p>6. Las Doce cuerdas<\/p>\n<p>7. Jorge Luis Reales<\/p>\n<p>8. Fernanda Cruz<\/p>\n<p>9. Alico Espiloc\u00edn<\/p>\n<p>10. Federico Miranda<\/p>\n<p>11. Los Rieles<\/p>\n<p>12. Voces para el Canto<\/p>\n<p>13. CANTO LEG\u00dcERO<\/p>\n<p>14. MATACOS<\/p>\n<p>15. LOS TEKIS<\/p>\n<p>Entradas: Sector A: $ 100; Sector B: $ 90; Sector C: $ 80.<\/p>\n<p><strong>SABADO 18<\/strong><\/p>\n<p>1. Delegaci\u00f3n La Paz<\/p>\n<p>2. Ballet Compa\u00f1\u00eda Arte Nativo<\/p>\n<p>3. Diego Leiva \u2013 Ver\u00f3nica Galv\u00e1n (Pareja de Tango)<\/p>\n<p>4. Fernando Guilla<\/p>\n<p>5. Brisas del Chamam\u00e9<\/p>\n<p>6. Mauricio Cabrera<\/p>\n<p>7. El Vendaval<\/p>\n<p>8. Tom\u00e1s \u00c1lvarez<\/p>\n<p>9. El Chango Santiague\u00f1o<\/p>\n<p>10. Juan Ignacio Molina<\/p>\n<p>11. Los Viajeros<\/p>\n<p>12. Ale \u00c1yame (humor)<\/p>\n<p>13. FABRICIO RODRIGUEZ<\/p>\n<p>14. LOS SACHEROS<\/p>\n<p>15. JORGE ROJAS<\/p>\n<p>Entradas: Sector A: $ 100; Sector B: $ 90; Sector C: $ 80.<\/p>\n<p><strong>DOMINGO 19<\/strong><\/p>\n<p>1. Delegaci\u00f3n Capital<\/p>\n<p>2. Ballet El Montar\u00e1z<\/p>\n<p>3. Pascual Guiti\u00e9rrez<\/p>\n<p>4. Ra\u00edces<\/p>\n<p>5. Dudy Heredia<\/p>\n<p>6. Juanjo Genesir<\/p>\n<p>7. Atilio Suarez<\/p>\n<p>8. D\u00edaz de Tango<\/p>\n<p>9. Calu<\/p>\n<p>10. Hugo Nanni<\/p>\n<p>11. Florencia Paz<\/p>\n<p>12. Los Teucos<\/p>\n<p>13. Silvia Pacheco<\/p>\n<p>14. Emilio Morales<\/p>\n<p>15. CANTO 4<\/p>\n<p>16. LOS MANSEROS SANTIAGUE\u00d1OS<\/p>\n<p>Entradas: Sector A: $ 100; Sector B: $ 90; Sector C: $ 80<\/p>\n<h6>Fuente: El Ancasti<\/h6>\n","protected":false},"excerpt":{"rendered":"<p>La Fiesta del poncho de Catamarca cobija en cada edici\u00f3n la mirada asombrada de los visitantes a la muestra, conmovidos por la diversidad y la belleza de las artesan\u00edas locales, nacionales e internacionales. La ciudad capital, San Fernando del Valle es la orgullosa anfitriona convocando a los hacedores de esta riqueza cultural que da identidad<\/p>\n","protected":false},"author":2,"featured_media":32645,"comment_status":"closed","ping_status":"closed","sticky":false,"template":"","format":"standard","meta":{"footnotes":""},"categories":[47],"tags":[16],"class_list":["post-32643","post","type-post","status-publish","format-standard","has-post-thumbnail","hentry","category-fiestas","tag-catamarca"],"_links":{"self":[{"href":"http:\/\/argentinamunicipal.com.ar\/argentina\/wp-json\/wp\/v2\/posts\/32643","targetHints":{"allow":["GET"]}}],"collection":[{"href":"http:\/\/argentinamunicipal.com.ar\/argentina\/wp-json\/wp\/v2\/posts"}],"about":[{"href":"http:\/\/argentinamunicipal.com.ar\/argentina\/wp-json\/wp\/v2\/types\/post"}],"author":[{"embeddable":true,"href":"http:\/\/argentinamunicipal.com.ar\/argentina\/wp-json\/wp\/v2\/users\/2"}],"replies":[{"embeddable":true,"href":"http:\/\/argentinamunicipal.com.ar\/argentina\/wp-json\/wp\/v2\/comments?post=32643"}],"version-history":[{"count":0,"href":"http:\/\/argentinamunicipal.com.ar\/argentina\/wp-json\/wp\/v2\/posts\/32643\/revisions"}],"wp:featuredmedia":[{"embeddable":true,"href":"http:\/\/argentinamunicipal.com.ar\/argentina\/wp-json\/wp\/v2\/media\/32645"}],"wp:attachment":[{"href":"http:\/\/argentinamunicipal.com.ar\/argentina\/wp-json\/wp\/v2\/media?parent=32643"}],"wp:term":[{"taxonomy":"category","embeddable":true,"href":"http:\/\/argentinamunicipal.com.ar\/argentina\/wp-json\/wp\/v2\/categories?post=32643"},{"taxonomy":"post_tag","embeddable":true,"href":"http:\/\/argentinamunicipal.com.ar\/argentina\/wp-json\/wp\/v2\/tags?post=32643"}],"curies":[{"name":"wp","href":"https:\/\/api.w.org\/{rel}","templated":true}]}}