{"id":32663,"date":"2015-07-07T09:04:23","date_gmt":"2015-07-07T12:04:23","guid":{"rendered":"http:\/\/argentinamunicipal.com.ar\/argentina\/?p=32663"},"modified":"2015-07-07T09:04:23","modified_gmt":"2015-07-07T12:04:23","slug":"ya-se-entregaron-28-nuevas-viviendas-en-la-costanera-de-santa-fe","status":"publish","type":"post","link":"http:\/\/argentinamunicipal.com.ar\/argentina\/ya-se-entregaron-28-nuevas-viviendas-en-la-costanera-de-santa-fe\/","title":{"rendered":"Ya se entregaron 28 nuevas viviendas en la Costanera de Santa Fe"},"content":{"rendered":"<p><a href=\"http:\/\/argentinamunicipal.com.ar\/argentina\/wp-content\/uploads\/2015\/07\/viviendas-1.jpg_973718260.jpg\"><img loading=\"lazy\" decoding=\"async\" class=\"aligncenter  wp-image-32664\" src=\"http:\/\/argentinamunicipal.com.ar\/argentina\/wp-content\/uploads\/2015\/07\/viviendas-1.jpg_973718260.jpg\" alt=\"viviendas-1.jpg_973718260\" width=\"651\" height=\"454\" srcset=\"http:\/\/argentinamunicipal.com.ar\/argentina\/wp-content\/uploads\/2015\/07\/viviendas-1.jpg_973718260.jpg 789w, http:\/\/argentinamunicipal.com.ar\/argentina\/wp-content\/uploads\/2015\/07\/viviendas-1.jpg_973718260-300x209.jpg 300w\" sizes=\"auto, (max-width: 651px) 100vw, 651px\" \/><\/a><br \/>\nSe trata de m\u00f3dulos habitacionales construidos en el marco de un trabajo conjunto del Municipio con Provincia y Los Sin Techo. Son habitadas por familias que estaban ubicadas en construcciones precarias en la zona del reservorio.<\/p>\n<p>El intendente Jos\u00e9 Corral encabez\u00f3 esta tarde el acto de entrega de actas de adjudicaci\u00f3n de 28 viviendas a familias que viv\u00edan en construcciones precarias en la zona destinada a reservorio. Se trata de m\u00f3dulos habitacionales que fueron construidos frente a la Costanera de la Reserva urbana del Oeste, en el marco del convenio que llevan adelante el Gobierno de la Ciudad, la Provincia y el Movimiento Los Sin Techo.<\/p>\n<p>El acto se llev\u00f3 a cabo en la intersecci\u00f3n de la Costanera del Oeste y calle C\u00f3rdoba, donde adem\u00e1s del mandatario local, tambi\u00e9n se hizo presente el vicegobernador de la Provincia, Jorge Henn; la ministra de Desarrollo Social, M\u00f3nica Bifarello; el secretario de Estado de H\u00e1bitat, Gustavo Leone; la subsecretaria de H\u00e1bitat y Vivienda del Gobierno de la Ciudad; y el representante del Movimiento Los Sin Techo, Jos\u00e9 Luis Ambrosino.<\/p>\n<p><strong>Viviendas dignas<\/strong><br \/>\nLas casas est\u00e1n construidas en placas premoldeadas, sobre platea de hormig\u00f3n y cubierta de chapa, sobre un terreno de 10 por 20 metros con cota segura. Cuentan con un espacio multiuso, ba\u00f1o instalado y galer\u00eda; instalaciones de agua potable, energ\u00eda el\u00e9ctrica y alumbrado p\u00fablico. Si bien se trata de m\u00f3dulos habitacionales b\u00e1sicos, para el caso de las familias numerosas cuentan con una ampliaci\u00f3n.<\/p>\n<p>Las nuevas construcciones son fruto de un trabajo conjunto en el marco del Plan Abre, en el cual el Municipio tiene a su cargo la generaci\u00f3n de los lotes en zonas altas y seguras, junto la asistencia t\u00e9cnica y social; la Provincia brinda los materiales necesarios para la edificaci\u00f3n; y el Movimiento Los Sin Techo lleva adelante la construcci\u00f3n de las viviendas junto a las propias familias.<\/p>\n<p><strong>Familias reubicadas<\/strong><br \/>\nEn di\u00e1logo con la prensa, el intendente Jos\u00e9 Corral detall\u00f3 que en la tarde de hoy \u00abse entregaron 8 nuevas viviendas, pero en el total de esta etapa de urbanizaci\u00f3n son 28; y en este lugar donde se hace entrega de las casas es lo que se transformar\u00e1 en la Costanera de la Reserva, que es el l\u00edmite de la ciudad hacia el oeste\u00bb. Adem\u00e1s se\u00f1al\u00f3 que \u00abesta idea provoca que todo se encuentre a una altura conveniente, para que los desag\u00fces funcionen bien, y tambi\u00e9n nos permite reubicar a las familias que estaban en la zona del reservorio\u00bb. En ese sentido, cabe destacar que ya \u00abno quedan familias viviendo en ese lugar de riesgo\u00bb.<\/p>\n<p>Al referirse al avance en materia de h\u00e1bitat y vivienda, el Intendente se\u00f1al\u00f3: \u00abLa idea es que los vecinos tengan la titularidad de la tierra, en lotes que son nuevos, porque se han generado para estas reubicaciones. En pocos a\u00f1os vamos a ir urbanizando esta zona, que es una manera de vencer la vulnerabilidad que ten\u00edan estas familias desde el pasado y encarar la vida con otra perspectiva\u00bb.<\/p>\n<p><strong>Costanera<\/strong><br \/>\nPor otra parte, el mandatario local record\u00f3 que se est\u00e1n llevando a cabo las tareas para hacer una costanera desde calle Iturraspe hacia el sur: \u00abAh\u00ed tambi\u00e9n se van a reubicar las familias que est\u00e1n en el reservorio. Por estos d\u00edas estamos levantando las viviendas para permitir una mejor ubicaci\u00f3n a esas familias\u00bb.<\/p>\n<p>En la misma l\u00ednea, Jos\u00e9 Corral resalt\u00f3 que \u00aben la continuidad de esta costanera, pero m\u00e1s hacia el norte, vamos a reubicar las familias que est\u00e1n en el valle de inundaci\u00f3n del Salado, del otro lado de la defensa\u00bb.<\/p>\n<p><strong>Entre todos<\/strong><br \/>\nA su turno, el secretario de Estado de H\u00e1bitat del Gobierno provincial, Gustavo Leone, tambi\u00e9n se refiri\u00f3 al trabajo conjunto para mejorar la calidad de vida de los vecinos: \u00abEsto tiene que ver con un convenio entre el Gobierno de la Ciudad y el de la Provincia, donde el Municipio avanz\u00f3 con todo lo que tiene que ver con tierra y urbanizaci\u00f3n, Los Sin Techo poniendo la mano de obra y la Provincia el componente de los materiales de construcci\u00f3n y la asistencia t\u00e9cnica\u00bb.<\/p>\n<p>Mencion\u00f3 que \u00abno hace mucho tiempo en este lugar hab\u00eda viviendas en condiciones muy precarias sobre el reservorio, y ahora esta situaci\u00f3n ya est\u00e1 resuelta: cada una de estas familias ya tiene su soluci\u00f3n habitacional\u00bb.<\/p>\n<p><strong>Sin ranchos<\/strong><br \/>\n\u00abSanta Fe tiene que tener jardines de infantes, calles, iluminaci\u00f3n, cloacas, pero por sobre todas las cosas no tiene que tener ranchos. Santa Fe tiene que ser una ciudad ejemplo para el pa\u00eds por no tener ranchos\u00bb, remarc\u00f3 por su parte Jos\u00e9 Luis Ambrosino, coordinador del Movimiento Los Sin Techo, que expres\u00f3 as\u00ed el esp\u00edritu de seguir mejorando las condiciones de vida de cientos de vecinos santafesinos.<\/p>\n<p>Adem\u00e1s, Ambrosino destac\u00f3 que \u00abeste es un programa muy ambicioso, donde \u00e9sto que se ve es la finalizaci\u00f3n de la primera etapa, de las primeras 100 casitas, y ahora ya empezamos a construir las tres primeras en Villa Oculta. Son casitas chicas, elementales, pero de alta dignidad para esta gente que siempre vivi\u00f3 en ranchos y en lugares inh\u00f3spitos\u00bb.<\/p>\n<p><strong>El cambio<\/strong><br \/>\nRomina, una de las habitantes de las nuevas casas, se\u00f1al\u00f3 que para ella \u00abes un cambio enorme poder vivir donde ahora lo hago: antes pas\u00e1bamos mucho fr\u00edo con mis hijos y llov\u00eda adentro del ranchito\u00bb.<\/p>\n<p>La precaria vivienda estaba sobre el reservorio, pero hoy Romina se encuentra en un lugar habitable y seguro. Al dialogar con la prensa, la joven expres\u00f3 su agradecimiento a Los Sin Techo y a los gobiernos de la Ciudad y Provincia, y adem\u00e1s destac\u00f3 que \u00abcada vecino puso su granito de arena para poder tener lo que hoy tenemos\u00bb. Y en ese sentido agreg\u00f3: \u00abEn la casita tenemos agua, pileta en el ba\u00f1o -que nunca hab\u00edamos tenido-, machimbre, cer\u00e1mica, est\u00e1 muy completa\u00bb, agradeci\u00f3.<\/p>\n<h6>Fuente: Sin Mordaza<\/h6>\n","protected":false},"excerpt":{"rendered":"<p>Se trata de m\u00f3dulos habitacionales construidos en el marco de un trabajo conjunto del Municipio con Provincia y Los Sin Techo. Son habitadas por familias que estaban ubicadas en construcciones precarias en la zona del reservorio. El intendente Jos\u00e9 Corral encabez\u00f3 esta tarde el acto de entrega de actas de adjudicaci\u00f3n de 28 viviendas a<\/p>\n","protected":false},"author":2,"featured_media":32664,"comment_status":"closed","ping_status":"closed","sticky":false,"template":"","format":"standard","meta":{"footnotes":""},"categories":[2],"tags":[10],"class_list":["post-32663","post","type-post","status-publish","format-standard","has-post-thumbnail","hentry","category-informe-municipal","tag-santa-fe"],"_links":{"self":[{"href":"http:\/\/argentinamunicipal.com.ar\/argentina\/wp-json\/wp\/v2\/posts\/32663","targetHints":{"allow":["GET"]}}],"collection":[{"href":"http:\/\/argentinamunicipal.com.ar\/argentina\/wp-json\/wp\/v2\/posts"}],"about":[{"href":"http:\/\/argentinamunicipal.com.ar\/argentina\/wp-json\/wp\/v2\/types\/post"}],"author":[{"embeddable":true,"href":"http:\/\/argentinamunicipal.com.ar\/argentina\/wp-json\/wp\/v2\/users\/2"}],"replies":[{"embeddable":true,"href":"http:\/\/argentinamunicipal.com.ar\/argentina\/wp-json\/wp\/v2\/comments?post=32663"}],"version-history":[{"count":0,"href":"http:\/\/argentinamunicipal.com.ar\/argentina\/wp-json\/wp\/v2\/posts\/32663\/revisions"}],"wp:featuredmedia":[{"embeddable":true,"href":"http:\/\/argentinamunicipal.com.ar\/argentina\/wp-json\/wp\/v2\/media\/32664"}],"wp:attachment":[{"href":"http:\/\/argentinamunicipal.com.ar\/argentina\/wp-json\/wp\/v2\/media?parent=32663"}],"wp:term":[{"taxonomy":"category","embeddable":true,"href":"http:\/\/argentinamunicipal.com.ar\/argentina\/wp-json\/wp\/v2\/categories?post=32663"},{"taxonomy":"post_tag","embeddable":true,"href":"http:\/\/argentinamunicipal.com.ar\/argentina\/wp-json\/wp\/v2\/tags?post=32663"}],"curies":[{"name":"wp","href":"https:\/\/api.w.org\/{rel}","templated":true}]}}