{"id":32714,"date":"2015-07-07T09:56:07","date_gmt":"2015-07-07T12:56:07","guid":{"rendered":"http:\/\/argentinamunicipal.com.ar\/argentina\/?p=32714"},"modified":"2015-07-07T09:56:07","modified_gmt":"2015-07-07T12:56:07","slug":"el-padron-nacional-supera-los-32-millones-de-votantes","status":"publish","type":"post","link":"http:\/\/argentinamunicipal.com.ar\/argentina\/el-padron-nacional-supera-los-32-millones-de-votantes\/","title":{"rendered":"El padr\u00f3n nacional supera los 32 millones de votantes"},"content":{"rendered":"<p><a href=\"http:\/\/argentinamunicipal.com.ar\/argentina\/wp-content\/uploads\/2015\/07\/Corrientes-peatonal-quedara-Fernando-Orden_CLAIMA20141128_0319_27.jpg\"><img loading=\"lazy\" decoding=\"async\" class=\"aligncenter size-full wp-image-32715\" src=\"http:\/\/argentinamunicipal.com.ar\/argentina\/wp-content\/uploads\/2015\/07\/Corrientes-peatonal-quedara-Fernando-Orden_CLAIMA20141128_0319_27.jpg\" alt=\"Corrientes-peatonal-quedara-Fernando-Orden_CLAIMA20141128_0319_27\" width=\"600\" height=\"338\" srcset=\"http:\/\/argentinamunicipal.com.ar\/argentina\/wp-content\/uploads\/2015\/07\/Corrientes-peatonal-quedara-Fernando-Orden_CLAIMA20141128_0319_27.jpg 600w, http:\/\/argentinamunicipal.com.ar\/argentina\/wp-content\/uploads\/2015\/07\/Corrientes-peatonal-quedara-Fernando-Orden_CLAIMA20141128_0319_27-300x169.jpg 300w\" sizes=\"auto, (max-width: 600px) 100vw, 600px\" \/><\/a><\/p>\n<p>La C\u00e1mara Nacional Electoral inform\u00f3 que 32.064.323 son los electores habilitados para participar de las elecciones nacionales de 2015, previstas para el 9 de agosto y 25 de octubre. Y el 29 de noviembre, de ser necesario el balotaje para elegir presidente.<\/p>\n<p>El informe difundido incluye electores correspondientes al cierre de los listados y el porcentaje de electores por distrito con respecto al total del pa\u00eds.<\/p>\n<p>El trabajo permite verificar la importancia cuantitativa del distrito bonaerense, que tiene una incidencia del 37,01 por ciento sobre el total del pa\u00eds. Le siguen C\u00f3rdoba y Santa Fe, con 8,68 y 8,36 por ciento, respectivamente, public\u00f3 Parlamentario. El distrito m\u00e1s peque\u00f1o es Tierra del Fuego, con 0,39 por ciento.<\/p>\n<p>En Entre R\u00edos son 1.030.519 los habilitados para votar, que representan al 3,21 por ciento del padr\u00f3n nacional.<\/p>\n<p>Cabe destacar que en los \u00faltimos comicios (los legislativos de 2013) el padr\u00f3n provincial ascend\u00eda a 979.546, por lo que ahora hay 50.973 m\u00e1s. Esto obedece a la posibilidad de sufragar que tienen los j\u00f3venes entre 16 y 18 a\u00f1os.<\/p>\n<p><strong>A continuaci\u00f3n, se detalla la cantidad de electores y los porcentajes por distrito respecto al total del pa\u00eds:<\/strong><\/p>\n<p>Buenos Aires: 11.867.979 (37,01 por ciento)<\/p>\n<p>Capital Federal: 2.549.050 (7,95 por ciento)<\/p>\n<p>Catamarca: 294.193 (0,92 por ciento)<\/p>\n<p>Chaco: 864.963 (2,70 por ciento)<\/p>\n<p>Chubut: 414.657 (1,29 por ciento)<\/p>\n<p>C\u00f3rdoba: 2.783.122 (8,68 por ciento)<\/p>\n<p>Corrientes: 810.575 (2,53 por ciento)<\/p>\n<p>Entre R\u00edos: 1.030.519 (3,21 por ciento)<\/p>\n<p>Formosa: 421.549 (1,31 por ciento)<\/p>\n<p>Jujuy: 510.732 (1,59 por ciento)<\/p>\n<p>La Pampa: 274.152 (0,86 por ciento)<\/p>\n<p>La Rioja: 269.047 (0,84 por ciento)<\/p>\n<p>Mendoza: 1.363.804 (4,25 por ciento)<\/p>\n<p>Misiones: 847.862 (2,64 por ciento)<\/p>\n<p>Neuqu\u00e9n: 496.141 (1,55 por ciento)<\/p>\n<p>R\u00edo Negro: 511.235 (1,59 por ciento)<\/p>\n<p>Salta: 953.898 (2,97 por ciento)<\/p>\n<p>San Juan: 536.349 (1,67 por ciento)<\/p>\n<p>San Luis: 358.615 (1,12 por ciento)<\/p>\n<p>Santa Cruz: 236.296 (0,74 por ciento)<\/p>\n<p>Santa Fe: 2.680.736 (8,36 por ciento)<\/p>\n<p>Santiago del Estero: 696.013 (2,17 por ciento)<\/p>\n<p>Tierra del Fuego: 126.232 (0,39 por ciento)<\/p>\n<p>Tucum\u00e1n: 1.166.604 (3,64 por ciento)<\/p>\n<p>Total: 32.064.323.<\/p>\n<h6>Fuente: El Once<\/h6>\n","protected":false},"excerpt":{"rendered":"<p>La C\u00e1mara Nacional Electoral inform\u00f3 que 32.064.323 son los electores habilitados para participar de las elecciones nacionales de 2015, previstas para el 9 de agosto y 25 de octubre. Y el 29 de noviembre, de ser necesario el balotaje para elegir presidente. El informe difundido incluye electores correspondientes al cierre de los listados y el<\/p>\n","protected":false},"author":2,"featured_media":32715,"comment_status":"closed","ping_status":"closed","sticky":false,"template":"","format":"standard","meta":{"footnotes":""},"categories":[8],"tags":[21],"class_list":["post-32714","post","type-post","status-publish","format-standard","has-post-thumbnail","hentry","category-informe-nacional","tag-argentina"],"_links":{"self":[{"href":"http:\/\/argentinamunicipal.com.ar\/argentina\/wp-json\/wp\/v2\/posts\/32714","targetHints":{"allow":["GET"]}}],"collection":[{"href":"http:\/\/argentinamunicipal.com.ar\/argentina\/wp-json\/wp\/v2\/posts"}],"about":[{"href":"http:\/\/argentinamunicipal.com.ar\/argentina\/wp-json\/wp\/v2\/types\/post"}],"author":[{"embeddable":true,"href":"http:\/\/argentinamunicipal.com.ar\/argentina\/wp-json\/wp\/v2\/users\/2"}],"replies":[{"embeddable":true,"href":"http:\/\/argentinamunicipal.com.ar\/argentina\/wp-json\/wp\/v2\/comments?post=32714"}],"version-history":[{"count":0,"href":"http:\/\/argentinamunicipal.com.ar\/argentina\/wp-json\/wp\/v2\/posts\/32714\/revisions"}],"wp:featuredmedia":[{"embeddable":true,"href":"http:\/\/argentinamunicipal.com.ar\/argentina\/wp-json\/wp\/v2\/media\/32715"}],"wp:attachment":[{"href":"http:\/\/argentinamunicipal.com.ar\/argentina\/wp-json\/wp\/v2\/media?parent=32714"}],"wp:term":[{"taxonomy":"category","embeddable":true,"href":"http:\/\/argentinamunicipal.com.ar\/argentina\/wp-json\/wp\/v2\/categories?post=32714"},{"taxonomy":"post_tag","embeddable":true,"href":"http:\/\/argentinamunicipal.com.ar\/argentina\/wp-json\/wp\/v2\/tags?post=32714"}],"curies":[{"name":"wp","href":"https:\/\/api.w.org\/{rel}","templated":true}]}}