{"id":32742,"date":"2015-07-08T09:10:50","date_gmt":"2015-07-08T12:10:50","guid":{"rendered":"http:\/\/argentinamunicipal.com.ar\/argentina\/?p=32742"},"modified":"2015-07-08T09:10:50","modified_gmt":"2015-07-08T12:10:50","slug":"se-construiran-188-nuevas-viviendas-en-juntas-de-gobierno-de-parana-campana","status":"publish","type":"post","link":"http:\/\/argentinamunicipal.com.ar\/argentina\/se-construiran-188-nuevas-viviendas-en-juntas-de-gobierno-de-parana-campana\/","title":{"rendered":"Se construir\u00e1n 188 nuevas viviendas en juntas de gobierno de Paran\u00e1 Campa\u00f1a"},"content":{"rendered":"<p><a href=\"http:\/\/argentinamunicipal.com.ar\/argentina\/wp-content\/uploads\/2015\/07\/261006-ENTREGA-VIVIENDAS-ALTO-COMEDERO-004-640x480.jpg\"><img loading=\"lazy\" decoding=\"async\" class=\"aligncenter size-full wp-image-32743\" src=\"http:\/\/argentinamunicipal.com.ar\/argentina\/wp-content\/uploads\/2015\/07\/261006-ENTREGA-VIVIENDAS-ALTO-COMEDERO-004-640x480.jpg\" alt=\"261006-ENTREGA-VIVIENDAS-ALTO-COMEDERO-004-640x480\" width=\"639\" height=\"479\" srcset=\"http:\/\/argentinamunicipal.com.ar\/argentina\/wp-content\/uploads\/2015\/07\/261006-ENTREGA-VIVIENDAS-ALTO-COMEDERO-004-640x480.jpg 639w, http:\/\/argentinamunicipal.com.ar\/argentina\/wp-content\/uploads\/2015\/07\/261006-ENTREGA-VIVIENDAS-ALTO-COMEDERO-004-640x480-300x225.jpg 300w\" sizes=\"auto, (max-width: 639px) 100vw, 639px\" \/><\/a><\/p>\n<p>El ministro de Gobierno, Ad\u00e1n Humberto Bahl, mantuvo una reuni\u00f3n de trabajo con el diputado provincial, Diego Lara, y el coordinador de juntas de dicho departamento, Diego Plassy, con el fin de avanzar en un proyecto que prev\u00e9 la construcci\u00f3n de 188 nuevas viviendas en diferentes juntas de gobierno del departamento de Paran\u00e1 Campa\u00f1a<\/p>\n<p>Luego del encuentro el diputado Lara precis\u00f3: \u201cFue una reuni\u00f3n de trabajo en la que abordamos cuestiones que tienen que ver con las diferentes realidades de las juntas de Paran\u00e1 Campa\u00f1a, teniendo en cuenta que es un departamento muy amplio y en el cual hay muchas comunidades por las que trabajar y avanzar en temas prioritarios para esa regi\u00f3n\u201d.<\/p>\n<p>Y aclar\u00f3: \u201cEn especial, avanzamos en un esquema de trabajo en base a un proyecto que prev\u00e9 la construcci\u00f3n de nuevas viviendas en juntas de gobierno de Paran\u00e1 Campa\u00f1a, en el marco del programa Federal de Vivienda y Mejoramiento del H\u00e1bitat de Pueblos Originarios y Rurales y que en la provincia est\u00e1 bajo la \u00f3rbita de la Unidad Ejecutora de Programas Especiales (UEPE), destinado a brindar soluciones concretas a peque\u00f1as comunidades\u201d.<\/p>\n<p><strong>Nuevas viviendas rurales<\/strong><\/p>\n<p>Por su parte Diego Plassy (quien adem\u00e1s es el actual presidente de la Junta de Gobierno de El Pingo) explic\u00f3: \u201cDe acuerdo a lo que hemos gestionado, se prev\u00e9 la construcci\u00f3n en un corto plazo, de 188 nuevas viviendas rurales, en alrededor de 20 juntas del departamento\u201d.<\/p>\n<p>En ese marco Plassy resalt\u00f3 la importancia de dicha inversi\u00f3n, \u201cporque m\u00e1s all\u00e1 de la inversi\u00f3n econ\u00f3mica, que conllevar\u00e1 dichas construcciones, significa tambi\u00e9n devolver la dignidad a muchas familias que a\u00fan no poseen una vivienda. Pero adem\u00e1s, de brindar la posibilidad de que esas personas sigan viviendo en su lugar de origen y no tengan que emigrar a una ciudad m\u00e1s grande\u201d.<\/p>\n<p>\u201cEs un desaf\u00edo enorme el que hemos asumido y lo haremos con mucho compromiso y responsabilidad, trabajando codo a codo junto al ministro Bahl, tal como lo venimos haciendo en todos estos a\u00f1os de gesti\u00f3n\u201d, dijo finalmente Plassy.<\/p>\n<h6>Fuente: APF Digital<\/h6>\n","protected":false},"excerpt":{"rendered":"<p>El ministro de Gobierno, Ad\u00e1n Humberto Bahl, mantuvo una reuni\u00f3n de trabajo con el diputado provincial, Diego Lara, y el coordinador de juntas de dicho departamento, Diego Plassy, con el fin de avanzar en un proyecto que prev\u00e9 la construcci\u00f3n de 188 nuevas viviendas en diferentes juntas de gobierno del departamento de Paran\u00e1 Campa\u00f1a Luego<\/p>\n","protected":false},"author":2,"featured_media":32743,"comment_status":"closed","ping_status":"closed","sticky":false,"template":"","format":"standard","meta":{"footnotes":""},"categories":[2],"tags":[17],"class_list":["post-32742","post","type-post","status-publish","format-standard","has-post-thumbnail","hentry","category-informe-municipal","tag-entre-rios"],"_links":{"self":[{"href":"http:\/\/argentinamunicipal.com.ar\/argentina\/wp-json\/wp\/v2\/posts\/32742","targetHints":{"allow":["GET"]}}],"collection":[{"href":"http:\/\/argentinamunicipal.com.ar\/argentina\/wp-json\/wp\/v2\/posts"}],"about":[{"href":"http:\/\/argentinamunicipal.com.ar\/argentina\/wp-json\/wp\/v2\/types\/post"}],"author":[{"embeddable":true,"href":"http:\/\/argentinamunicipal.com.ar\/argentina\/wp-json\/wp\/v2\/users\/2"}],"replies":[{"embeddable":true,"href":"http:\/\/argentinamunicipal.com.ar\/argentina\/wp-json\/wp\/v2\/comments?post=32742"}],"version-history":[{"count":0,"href":"http:\/\/argentinamunicipal.com.ar\/argentina\/wp-json\/wp\/v2\/posts\/32742\/revisions"}],"wp:featuredmedia":[{"embeddable":true,"href":"http:\/\/argentinamunicipal.com.ar\/argentina\/wp-json\/wp\/v2\/media\/32743"}],"wp:attachment":[{"href":"http:\/\/argentinamunicipal.com.ar\/argentina\/wp-json\/wp\/v2\/media?parent=32742"}],"wp:term":[{"taxonomy":"category","embeddable":true,"href":"http:\/\/argentinamunicipal.com.ar\/argentina\/wp-json\/wp\/v2\/categories?post=32742"},{"taxonomy":"post_tag","embeddable":true,"href":"http:\/\/argentinamunicipal.com.ar\/argentina\/wp-json\/wp\/v2\/tags?post=32742"}],"curies":[{"name":"wp","href":"https:\/\/api.w.org\/{rel}","templated":true}]}}