{"id":32796,"date":"2015-07-10T09:17:00","date_gmt":"2015-07-10T12:17:00","guid":{"rendered":"http:\/\/argentinamunicipal.com.ar\/argentina\/?p=32796"},"modified":"2015-07-10T09:17:00","modified_gmt":"2015-07-10T12:17:00","slug":"ediles-aprobaron-crear-una-zona-de-resguardo-ambiental-en-monte-maiz","status":"publish","type":"post","link":"http:\/\/argentinamunicipal.com.ar\/argentina\/ediles-aprobaron-crear-una-zona-de-resguardo-ambiental-en-monte-maiz\/","title":{"rendered":"Ediles aprobaron crear una \u201czona de resguardo ambiental\u201d en Monte Ma\u00edz"},"content":{"rendered":"<p><a href=\"http:\/\/argentinamunicipal.com.ar\/argentina\/wp-content\/uploads\/2015\/07\/pitch-2.jpg\"><img loading=\"lazy\" decoding=\"async\" class=\"aligncenter  wp-image-32797\" src=\"http:\/\/argentinamunicipal.com.ar\/argentina\/wp-content\/uploads\/2015\/07\/pitch-2.jpg\" alt=\"pitch-2\" width=\"661\" height=\"299\" srcset=\"http:\/\/argentinamunicipal.com.ar\/argentina\/wp-content\/uploads\/2015\/07\/pitch-2.jpg 1024w, http:\/\/argentinamunicipal.com.ar\/argentina\/wp-content\/uploads\/2015\/07\/pitch-2-300x136.jpg 300w\" sizes=\"auto, (max-width: 661px) 100vw, 661px\" \/><\/a><br \/>\nEn la sesi\u00f3n del Concejo Deliberante del martes se comenz\u00f3 a votar punto por punto la ordenanza propuesta por la Red de Prevenci\u00f3n Monte Ma\u00edz. A\u00fan resta tratar el pedido de reubicaci\u00f3n de los dep\u00f3sitos y locales de venta de agroqu\u00edmicos fuera del ejido municipal, as\u00ed como tambi\u00e9n el traslado de galpones y silos, y la prohibici\u00f3n de fumigar en las plazas.<\/p>\n<p>El Concejo Deliberante de Monte Ma\u00edz aprob\u00f3 en la noche del martes por unanimidad 6 de los 28 art\u00edculos del proyecto de Ordenanza presentado por la Red de Prevenci\u00f3n en abril pasado para regular el uso de agroqu\u00edmicos en esa localidad.<\/p>\n<p>El nutrido grupo de vecinos se hizo presente en la sesi\u00f3n bajo la premisa \u201cDefendamos la Salud, nuestra mayor riqueza\u201d, celebraron el avance de los ediles que, entre otras cuestiones, aprobaron la creaci\u00f3n de una zona de resguardo ambiental, y limit\u00f3 el \u00e1rea de fumigaciones.<\/p>\n<p>Al finalizar la sesi\u00f3n, los iniciadores del proyecto agradecieron a Medardo \u00c1vila V\u00e1zquez, Dar\u00edo \u00c1vila, Dami\u00e1n Marino y todo el equipo que trabaj\u00f3 en el Campamento Sanitario, que realiz\u00f3 en octubre pasado un estudio sanitario denominado \u201cInforme epidemiol\u00f3gico preliminar de encuesta familiar en Monte Ma\u00edz\u201d, que arroj\u00f3 que los casos de c\u00e1ncer en esa localidad triplican la media mundial.<\/p>\n<p>Desde esa organizaci\u00f3n, calificaron el hecho como \u201cun logro inmenso de un grupo de vecinos que reclaman desde hace tiempo por la influencia devastadora de los agroqu\u00edmicos sobre la salud humana\u201d.<\/p>\n<p>Si bien, el martes pr\u00f3ximo contin\u00faa la votaci\u00f3n art\u00edculo por art\u00edculo, entre los seis que fueron aprobados anoche se destaca la creaci\u00f3n de una \u201czona de resguardo ambiental\u201d conformada a partir del l\u00edmite exterior o m\u00e1s extremo de la planta urbana o n\u00facleos poblacionales de esta localidad y hasta un radio de 800 metros como m\u00e1ximo en algunos sectores y 500 metros como m\u00ednimo en otros\u201d.<\/p>\n<p>Cabe destacar que al Concejo Deliberante de esa ciudad hab\u00eda sido elevada una propuesta d\u00edas atr\u00e1s de Productores e Ingenieros Agr\u00f3nomos Sustentables de Monte Ma\u00edz, para que esa Zona Resguardo Ambiental se extendiera unos 100 metros, la cual no fue tenida en cuenta.<\/p>\n<p>Tambi\u00e9n se aprob\u00f3 el art\u00edculo 3 que proh\u00edbe dentro de la mencionada zona de resguardo, la utilizaci\u00f3n en toda forma, de cualquier tipo de producto qu\u00edmico o biol\u00f3gico de uso agropecuario destinado a la pulverizaci\u00f3n o a la fertilizaci\u00f3n agr\u00edcola y\/o forestal.<\/p>\n<p>El art\u00edculo 4, en tanto autoriza fuera de esa \u00e1rea y hasta el l\u00edmite de los 1.000 metros, la aplicaci\u00f3n terrestre, de productos qu\u00edmicos o biol\u00f3gicos de uso agropecuario de las clases toxicol\u00f3gicas III y IV. Y el 5, proh\u00edbe la aplicaci\u00f3n a\u00e9rea de cualquier tipo de producto qu\u00edmico o biol\u00f3gico de uso agropecuario destinado a la fumigaci\u00f3n o a la fertilizaci\u00f3n agr\u00edcola y\/o forestal, en un radio de 2.000 metros a partir de esa zona de resguardo ambiental.<\/p>\n<p><strong>Por unanimidad<\/strong><\/p>\n<p>Consultado sobre el tema, el presidente del Concejo Deliberante, Ignacio Silva, destac\u00f3 que la votaci\u00f3n de los primeros seis art\u00edculos haya sido por unanimidad, y seg\u00fan dijo a LA MA\u00d1ANA, aspira que lo mismo ocurra con el resto del articulado.<\/p>\n<p>\u201cEl tratamiento de la ordenanza continuar\u00e1 el pr\u00f3ximo martes. A\u00fan resta debatir y legislar sobre la circulaci\u00f3n de los \u201cmosquitos\u201d por la ciudad, el pedido de reubicaci\u00f3n de dep\u00f3sitos y locales de agroqu\u00edmicos del ejido municipal, el traslado de silos y galpones del centro, y la prohibici\u00f3n de fumigar las plazas y jardines. Se trata de puntos que deben ser debatidos y que lleva tiempo consensuar. Lo importante es que tratamos de aprobar los art\u00edculos por unanimidad, porque de esta forma la ordenanza adquiere otra fortaleza. Eso lleva tiempo y negociaci\u00f3n. No es algo f\u00e1cil\u201d, precis\u00f3.<\/p>\n<h6>Fuente: La Ma\u00f1ana de C\u00f3rdoba<\/h6>\n","protected":false},"excerpt":{"rendered":"<p>En la sesi\u00f3n del Concejo Deliberante del martes se comenz\u00f3 a votar punto por punto la ordenanza propuesta por la Red de Prevenci\u00f3n Monte Ma\u00edz. A\u00fan resta tratar el pedido de reubicaci\u00f3n de los dep\u00f3sitos y locales de venta de agroqu\u00edmicos fuera del ejido municipal, as\u00ed como tambi\u00e9n el traslado de galpones y silos, y<\/p>\n","protected":false},"author":2,"featured_media":32797,"comment_status":"closed","ping_status":"closed","sticky":false,"template":"","format":"standard","meta":{"footnotes":""},"categories":[2],"tags":[3],"class_list":["post-32796","post","type-post","status-publish","format-standard","has-post-thumbnail","hentry","category-informe-municipal","tag-cordoba"],"_links":{"self":[{"href":"http:\/\/argentinamunicipal.com.ar\/argentina\/wp-json\/wp\/v2\/posts\/32796","targetHints":{"allow":["GET"]}}],"collection":[{"href":"http:\/\/argentinamunicipal.com.ar\/argentina\/wp-json\/wp\/v2\/posts"}],"about":[{"href":"http:\/\/argentinamunicipal.com.ar\/argentina\/wp-json\/wp\/v2\/types\/post"}],"author":[{"embeddable":true,"href":"http:\/\/argentinamunicipal.com.ar\/argentina\/wp-json\/wp\/v2\/users\/2"}],"replies":[{"embeddable":true,"href":"http:\/\/argentinamunicipal.com.ar\/argentina\/wp-json\/wp\/v2\/comments?post=32796"}],"version-history":[{"count":0,"href":"http:\/\/argentinamunicipal.com.ar\/argentina\/wp-json\/wp\/v2\/posts\/32796\/revisions"}],"wp:featuredmedia":[{"embeddable":true,"href":"http:\/\/argentinamunicipal.com.ar\/argentina\/wp-json\/wp\/v2\/media\/32797"}],"wp:attachment":[{"href":"http:\/\/argentinamunicipal.com.ar\/argentina\/wp-json\/wp\/v2\/media?parent=32796"}],"wp:term":[{"taxonomy":"category","embeddable":true,"href":"http:\/\/argentinamunicipal.com.ar\/argentina\/wp-json\/wp\/v2\/categories?post=32796"},{"taxonomy":"post_tag","embeddable":true,"href":"http:\/\/argentinamunicipal.com.ar\/argentina\/wp-json\/wp\/v2\/tags?post=32796"}],"curies":[{"name":"wp","href":"https:\/\/api.w.org\/{rel}","templated":true}]}}