{"id":32805,"date":"2015-07-10T09:33:37","date_gmt":"2015-07-10T12:33:37","guid":{"rendered":"http:\/\/argentinamunicipal.com.ar\/argentina\/?p=32805"},"modified":"2015-07-10T09:33:37","modified_gmt":"2015-07-10T12:33:37","slug":"avanza-la-creacion-de-la-primera-cooperativa-de-trabajo-de-pueblo-belgrano","status":"publish","type":"post","link":"http:\/\/argentinamunicipal.com.ar\/argentina\/avanza-la-creacion-de-la-primera-cooperativa-de-trabajo-de-pueblo-belgrano\/","title":{"rendered":"Avanza la creaci\u00f3n de la primera cooperativa de trabajo de Pueblo Belgrano"},"content":{"rendered":"<p><a href=\"http:\/\/argentinamunicipal.com.ar\/argentina\/wp-content\/uploads\/2015\/07\/pueblo-belgrano.jpg\"><img loading=\"lazy\" decoding=\"async\" class=\"aligncenter size-full wp-image-32806\" src=\"http:\/\/argentinamunicipal.com.ar\/argentina\/wp-content\/uploads\/2015\/07\/pueblo-belgrano.jpg\" alt=\"pueblo-belgrano\" width=\"610\" height=\"407\" srcset=\"http:\/\/argentinamunicipal.com.ar\/argentina\/wp-content\/uploads\/2015\/07\/pueblo-belgrano.jpg 610w, http:\/\/argentinamunicipal.com.ar\/argentina\/wp-content\/uploads\/2015\/07\/pueblo-belgrano-300x200.jpg 300w\" sizes=\"auto, (max-width: 610px) 100vw, 610px\" \/><\/a><\/p>\n<p>El intendente de Pueblo General Belgrano, Jacinto Chesini, se reuni\u00f3 d\u00edas atr\u00e1s en Paran\u00e1 con el titular del Instituto de Promoci\u00f3n Cooperativa y Mutualidades de Entre R\u00edos para avanzar en la conformaci\u00f3n de la primera asociaci\u00f3n de trabajadores de la construcci\u00f3n de su localidad<\/p>\n<p>El presidente del instituto provincial de Cooperativas, Ricardo Etchemendy, recibi\u00f3 al intendente Jacinto Chesini para avanzar en las gestiones de conformaci\u00f3n de la primera cooperativa de trabajo de Pueblo Belgrano. \u201cDesde hace largo tiempo intento motivar a grupos de gente joven a que se interioricen en esta gran posibilidad de salida laboral que ofrece el Gobierno a trav\u00e9s del sistema de Cooperativas\u201d, manifest\u00f3 Chesini.<\/p>\n<p>Opin\u00f3 que \u201ces un recurso autentico y que vale la pena aprovechar las grandes posibilidades de beneficios que otorga para aquellos vecinos que se encuentran sin trabajo\u201d. Un grupo de m\u00e1s de seis trabajadores solicit\u00f3 el curso de capacitaci\u00f3n, el cual ya se realiz\u00f3 con mucho \u00e9xito. Por su parte, Etchemendy explic\u00f3 que una vez culminado ese paso, \u201clo que resta por realizar es la Asamblea Constitutiva donde redactan su Estatuto\u201d.<\/p>\n<p>En el encuentro, del que tambi\u00e9n participaron otras autoridades dentro del \u00e1rea, como ser la responsable de despacho de Cooperativas, Amanda Sof\u00eda Valenzuela, y el responsable Legal, Jos\u00e9 Barbagelata, culmin\u00f3 con el informe de viabilidad y otras disposiciones de la Ley Nacional 20.337 de Cooperativas.<\/p>\n<p>De esta forma, el intendente Chesini avanza a paso firme en conseguir la viabilidad para la conformaci\u00f3n del primer grupo de trabajo creado por cooperativas que estar\u00e1 destinado a la construcci\u00f3n, public\u00f3 El Argentino.<\/p>\n<h6>Fuente: APF Digital<\/h6>\n","protected":false},"excerpt":{"rendered":"<p>El intendente de Pueblo General Belgrano, Jacinto Chesini, se reuni\u00f3 d\u00edas atr\u00e1s en Paran\u00e1 con el titular del Instituto de Promoci\u00f3n Cooperativa y Mutualidades de Entre R\u00edos para avanzar en la conformaci\u00f3n de la primera asociaci\u00f3n de trabajadores de la construcci\u00f3n de su localidad El presidente del instituto provincial de Cooperativas, Ricardo Etchemendy, recibi\u00f3 al<\/p>\n","protected":false},"author":2,"featured_media":32806,"comment_status":"closed","ping_status":"closed","sticky":false,"template":"","format":"standard","meta":{"footnotes":""},"categories":[2],"tags":[17],"class_list":["post-32805","post","type-post","status-publish","format-standard","has-post-thumbnail","hentry","category-informe-municipal","tag-entre-rios"],"_links":{"self":[{"href":"http:\/\/argentinamunicipal.com.ar\/argentina\/wp-json\/wp\/v2\/posts\/32805","targetHints":{"allow":["GET"]}}],"collection":[{"href":"http:\/\/argentinamunicipal.com.ar\/argentina\/wp-json\/wp\/v2\/posts"}],"about":[{"href":"http:\/\/argentinamunicipal.com.ar\/argentina\/wp-json\/wp\/v2\/types\/post"}],"author":[{"embeddable":true,"href":"http:\/\/argentinamunicipal.com.ar\/argentina\/wp-json\/wp\/v2\/users\/2"}],"replies":[{"embeddable":true,"href":"http:\/\/argentinamunicipal.com.ar\/argentina\/wp-json\/wp\/v2\/comments?post=32805"}],"version-history":[{"count":0,"href":"http:\/\/argentinamunicipal.com.ar\/argentina\/wp-json\/wp\/v2\/posts\/32805\/revisions"}],"wp:featuredmedia":[{"embeddable":true,"href":"http:\/\/argentinamunicipal.com.ar\/argentina\/wp-json\/wp\/v2\/media\/32806"}],"wp:attachment":[{"href":"http:\/\/argentinamunicipal.com.ar\/argentina\/wp-json\/wp\/v2\/media?parent=32805"}],"wp:term":[{"taxonomy":"category","embeddable":true,"href":"http:\/\/argentinamunicipal.com.ar\/argentina\/wp-json\/wp\/v2\/categories?post=32805"},{"taxonomy":"post_tag","embeddable":true,"href":"http:\/\/argentinamunicipal.com.ar\/argentina\/wp-json\/wp\/v2\/tags?post=32805"}],"curies":[{"name":"wp","href":"https:\/\/api.w.org\/{rel}","templated":true}]}}