{"id":32845,"date":"2015-07-10T10:26:33","date_gmt":"2015-07-10T13:26:33","guid":{"rendered":"http:\/\/argentinamunicipal.com.ar\/argentina\/?p=32845"},"modified":"2015-07-10T10:26:33","modified_gmt":"2015-07-10T13:26:33","slug":"cristina-podemos-decir-que-este-proyecto-le-dio-independencia-al-pais-y-honro-el-legado-de-los-que-tanto-han-luchado","status":"publish","type":"post","link":"http:\/\/argentinamunicipal.com.ar\/argentina\/cristina-podemos-decir-que-este-proyecto-le-dio-independencia-al-pais-y-honro-el-legado-de-los-que-tanto-han-luchado\/","title":{"rendered":"Cristina: \u201cPodemos decir que este proyecto le dio independencia al pa\u00eds y honr\u00f3 el legado de los que tanto han luchado\u201d"},"content":{"rendered":"<p>La Presidenta repas\u00f3 las pol\u00edticas soberanas desplegadas desde 2003 y subray\u00f3 que \u201ceste proyecto es inclusi\u00f3n para los 40 millones de argentinos\u201d. En ese sentido, destac\u00f3 que \u201cinclusi\u00f3n e independencia consiste en igualdad\u201d. Fue al encabezar el acto por 9 de Julio en Tucum\u00e1n.<\/p>\n<p>La presidenta Cristina Fern\u00e1ndez de Kirchner afirm\u00f3 hoy que el proyecto nacional iniciado en 2003 \u00able ha dado independencia al pa\u00eds\u00bb con pol\u00edticas de soberan\u00eda e inclusi\u00f3n social, y enfatiz\u00f3 que de este modo \u00abse ha honrado el legado de los que tanto lucharon\u201d por la emancipaci\u00f3n de la Argentina desde hace casi 200 a\u00f1os.<\/p>\n<p>\u00abHoy podemos venir con la cabeza en alto a Tucum\u00e1n, en nombre de este proyecto, a hablar de independencia en serio, porque este proyecto le ha dado independencia al pa\u00eds\u00bb, dijo Cristina al encabezar el acto oficial por el 199\u00b0 aniversario de la Independencia Nacional en esa provincia.<\/p>\n<p>Durante un discurso emitido en cadena nacional, la Presidenta destac\u00f3 la labor de Manuel Belgrano, uno de los principales impulsores de la Declaraci\u00f3n de la Independencia en 1816, y record\u00f3 que \u00abcuando hab\u00eda dudas, \u00e9l dijo: &#8216;o levantamos los brazos para votar la independencia o van a venir por nuestros cuellos y pescuezos'\u00bb.<\/p>\n<p>\u00abY eso lo ten\u00eda claro\u00bb, prosigui\u00f3 Cristina: \u00abno se trata de ideolog\u00eda o de dogmas, sino del m\u00e1s crudo pragmatismo\u00bb, y refiri\u00f3 a la situaci\u00f3n actual del pa\u00eds: \u00absi los argentinos no cuidamos lo logrado ni defendemos lo que hemos construido en estos 12 a\u00f1os van a intentar volver con pol\u00edticas neoliberales\u00bb.<\/p>\n<p>La Presidenta, en el acto que se realiz\u00f3 en el Hip\u00f3dromo de la capital provincial, luego de haber visitado e inaugurado la nueva exhibici\u00f3n permanente de la Casa Hist\u00f3rica de la Independencia, estuvo acompa\u00f1ada por la f\u00f3rmula que competir\u00e1 por el Frente para la Victoria en las pr\u00f3ximas elecciones presidenciales, Daniel Scioli y Carlos Zannini, parte de su gabinete nacional, el gobernador Jos\u00e9 Alperovich y su vice, Juan Manzur.<\/p>\n<p>\u00abHoy estoy aqu\u00ed en Tucum\u00e1n frente a todos ustedes, no con el deber cumplido, porque siento que todav\u00eda faltan muchas cosas por hacer, pero conf\u00edo que los compa\u00f1eros de este proyecto las van a llevar a cabo, y ser\u00e1n ustedes quienes deber\u00e1n mirarlos a los ojos, porque nadie en definitiva quiere escaparle al juicio de la historia, que es la memoria y el afecto popular\u00bb, destac\u00f3.<\/p>\n<p>Cristina afirm\u00f3 que \u00abeste es un proyecto de inclusi\u00f3n en serio: no hay inclusi\u00f3n selectiva\u00bb; ya que \u00abno se incluye \u00fanicamente a los pobres y los vulnerables\u00bb, porque esos son \u00ablos proyectos neoliberales que tiran limosna: este es para los 40 millones de argentinos, los comerciantes, cient\u00edficos, docentes, amas de casa, quienes adquirieron derechos igualitarios, porque tambi\u00e9n inclusi\u00f3n e independencia suponen la conquista de igualdad\u00bb.<\/p>\n<p>Asimismo, mencion\u00f3 que en estos 12 a\u00f1os, \u00ables hemos demostrado a los 40 millones de argentinos que era cierto que se pod\u00edan hacer las cosas que dec\u00edamos que se pod\u00edan hacer, que la patria iba a producir, construir casas, y generar educaci\u00f3n\u00bb; pero \u00abmientras dec\u00edan que no pod\u00edamos endeudaban el pa\u00eds\u00bb, por lo que remarc\u00f3: \u00abestos 12 a\u00f1os demostraron que los que ment\u00edan eran ellos y nosotros ten\u00edamos raz\u00f3n\u00bb.<\/p>\n<p>La Presidenta destac\u00f3 que hoy \u00abel mundo atraviesa un momento dif\u00edcil, complejo, porque nos quieren trasladar a los pa\u00edses emergentes una crisis creada en los pa\u00edses centrales\u00bb y advirti\u00f3 que con bajas en los precios de los commodities \u00abest\u00e1n intentando volver a los viejos t\u00e9rminos de intercambio comercial, cuando los que export\u00e1bamos materia prima perd\u00edamos frente a las grandes potencias\u00bb.<\/p>\n<p>\u00abPor eso decidimos reindustrializar al pa\u00eds como objetivo estrat\u00e9gico para no quedar atados a la exportaci\u00f3n de materias primas\u00bb, sostuvo y afirm\u00f3 que aun \u00abfalta mucho m\u00e1s para darle mayor densidad a este entramado industrializador\u00bb.<\/p>\n<p>\u00abHoy andan revoloteando buitres ya no solamente en nuestro pa\u00eds sino en el mundo entero, como en Grecia y Puerto Rico, y Argentina impulsa en la ONU una convenci\u00f3n internacional sobre la restructuraci\u00f3n de deudas soberanas que sirva de paraguas a los pueblos del mundo\u00bb, sostuvo la Presidenta.<\/p>\n<p>Record\u00f3 tambi\u00e9n que el pa\u00eds \u00abreestructur\u00f3 el 93% de su deuda y con pagos al d\u00eda sin acceder a mercado de capitales: s\u00f3lo lo hicimos para hacer obras, pero lo que no se puede volver a hacer es endeudarse para pagar la deuda nunca m\u00e1s en nuestro pa\u00eds\u00bb.<\/p>\n<p>\u00abTodo esto que venimos construyendo hay que seguir sosteni\u00e9ndolo, no para nosotros, sino para nuestros hijos a quienes le debemos legar esta historia de un pueblo que se levant\u00f3 de las cenizas, de una Argentina que supo superar las dificultades, y para ello debemos estar juntos y unidos, porque nos van a querer dividir, como siempre quisieron hacerlo\u00bb, dijo.<\/p>\n<p>Al referirse sobre la situaci\u00f3n econ\u00f3mica en Grecia y otros pa\u00edses europeos que atraviesan crisis econ\u00f3micas con presi\u00f3n externa, sostuvo: \u00abque no nos vengan a contar cosas extra\u00f1as porque las hemos vivido, y les aseguro que en este siglo XXI se va a debatir la recuperaci\u00f3n de la soberan\u00eda de los pueblos y los Estados, porque ha habido y todav\u00eda van a haber muchos intentos en la regi\u00f3n de volver a pol\u00edticas neoliberales\u00bb.<\/p>\n<p>Cristina record\u00f3 tambi\u00e9n a quien fuera ex presidente de la naci\u00f3n y su \u00abcompa\u00f1ero de vida\u00bb, N\u00e9stor Kirchner, quien \u00abpod\u00eda plantarse frente a los argentinos y frente a los poderes de afuera para rendir cuentas de lo que hab\u00eda hecho, que fue sacar a la Argentina del infierno, enfrentar el problema de la deuda externa como nunca nadie lo hab\u00eda hecho en toda la historia\u00bb.<\/p>\n<p>\u00abMe toc\u00f3 asumir dos postas: en 2007 cuando asum\u00ed como presidenta de los 40 millones de argentinos y en 2010\u00bb, tras el fallecimiento de Kirchner, \u00abcuando sent\u00ed en mi interior una responsabilidad que me va a acompa\u00f1ar cada d\u00eda y que es la de honrar la memoria de todo lo que \u00e9l entreg\u00f3 e hizo por su patria\u00bb, asegur\u00f3.<\/p>\n<h6>Fuente: T\u00e9lam<\/h6>\n","protected":false},"excerpt":{"rendered":"<p>La Presidenta repas\u00f3 las pol\u00edticas soberanas desplegadas desde 2003 y subray\u00f3 que \u201ceste proyecto es inclusi\u00f3n para los 40 millones de argentinos\u201d. En ese sentido, destac\u00f3 que \u201cinclusi\u00f3n e independencia consiste en igualdad\u201d. Fue al encabezar el acto por 9 de Julio en Tucum\u00e1n. La presidenta Cristina Fern\u00e1ndez de Kirchner afirm\u00f3 hoy que el proyecto<\/p>\n","protected":false},"author":2,"featured_media":0,"comment_status":"closed","ping_status":"closed","sticky":false,"template":"","format":"standard","meta":{"footnotes":""},"categories":[8],"tags":[21],"class_list":["post-32845","post","type-post","status-publish","format-standard","hentry","category-informe-nacional","tag-argentina"],"_links":{"self":[{"href":"http:\/\/argentinamunicipal.com.ar\/argentina\/wp-json\/wp\/v2\/posts\/32845","targetHints":{"allow":["GET"]}}],"collection":[{"href":"http:\/\/argentinamunicipal.com.ar\/argentina\/wp-json\/wp\/v2\/posts"}],"about":[{"href":"http:\/\/argentinamunicipal.com.ar\/argentina\/wp-json\/wp\/v2\/types\/post"}],"author":[{"embeddable":true,"href":"http:\/\/argentinamunicipal.com.ar\/argentina\/wp-json\/wp\/v2\/users\/2"}],"replies":[{"embeddable":true,"href":"http:\/\/argentinamunicipal.com.ar\/argentina\/wp-json\/wp\/v2\/comments?post=32845"}],"version-history":[{"count":0,"href":"http:\/\/argentinamunicipal.com.ar\/argentina\/wp-json\/wp\/v2\/posts\/32845\/revisions"}],"wp:attachment":[{"href":"http:\/\/argentinamunicipal.com.ar\/argentina\/wp-json\/wp\/v2\/media?parent=32845"}],"wp:term":[{"taxonomy":"category","embeddable":true,"href":"http:\/\/argentinamunicipal.com.ar\/argentina\/wp-json\/wp\/v2\/categories?post=32845"},{"taxonomy":"post_tag","embeddable":true,"href":"http:\/\/argentinamunicipal.com.ar\/argentina\/wp-json\/wp\/v2\/tags?post=32845"}],"curies":[{"name":"wp","href":"https:\/\/api.w.org\/{rel}","templated":true}]}}