{"id":32854,"date":"2015-07-11T08:56:33","date_gmt":"2015-07-11T11:56:33","guid":{"rendered":"http:\/\/argentinamunicipal.com.ar\/argentina\/?p=32854"},"modified":"2015-07-11T08:56:33","modified_gmt":"2015-07-11T11:56:33","slug":"rosario-se-cayo-la-licitacion-mas-ambiciosa-para-reconvertir-la-costa-central-entre-la-fluvial-y-la-zona-franca","status":"publish","type":"post","link":"http:\/\/argentinamunicipal.com.ar\/argentina\/rosario-se-cayo-la-licitacion-mas-ambiciosa-para-reconvertir-la-costa-central-entre-la-fluvial-y-la-zona-franca\/","title":{"rendered":"Rosario: Se cay\u00f3 la licitaci\u00f3n m\u00e1s ambiciosa para reconvertir la costa central entre La Fluvial y la zona franca"},"content":{"rendered":"<p><a href=\"http:\/\/argentinamunicipal.com.ar\/argentina\/wp-content\/uploads\/2015\/07\/000parquecentraltapa980.jpg\"><img loading=\"lazy\" decoding=\"async\" class=\"aligncenter  wp-image-32855\" src=\"http:\/\/argentinamunicipal.com.ar\/argentina\/wp-content\/uploads\/2015\/07\/000parquecentraltapa980.jpg\" alt=\"000parquecentraltapa980\" width=\"672\" height=\"288\" srcset=\"http:\/\/argentinamunicipal.com.ar\/argentina\/wp-content\/uploads\/2015\/07\/000parquecentraltapa980.jpg 980w, http:\/\/argentinamunicipal.com.ar\/argentina\/wp-content\/uploads\/2015\/07\/000parquecentraltapa980-300x129.jpg 300w\" sizes=\"auto, (max-width: 672px) 100vw, 672px\" \/><\/a><br \/>\nEl enfrentamiento tuvo impugnaciones cruzadas y acusaciones de connivencia con la Intendencia. La competencia fracas\u00f3 por la disparidad de ofertas presentadas, en lo t\u00e9cnico y econ\u00f3mico.<\/p>\n<p>Tras dos a\u00f1os y medio de proceso, se cay\u00f3 la licitaci\u00f3n m\u00e1s ambiciosa lanzada por el municipio para cambiarle la cara a la costanera central, entre La Fluvial y la zona franca boliviana. El Ejecutivo dej\u00f3 sin efecto el proyecto para construir la Guarder\u00eda N\u00e1utica Central para 340 embarcaciones, m\u00e1s locales comerciales, espacio para estacionamiento y un parque p\u00fablico por la batalla legal desatada entre los grupos interesados. El enfrentamiento tuvo impugnaciones cruzadas y acusaciones de connivencia con la Intendencia. La competencia fracas\u00f3 por la disparidad de ofertas presentadas, en lo t\u00e9cnico y econ\u00f3mico.<\/p>\n<p>A trav\u00e9s del decreto 1.243 firmado d\u00edas atr\u00e1s por la intendenta M\u00f3nica Fein y varios funcionarios de su gabinete, la Municipalidad dej\u00f3 sin efecto la licitaci\u00f3n lanzada en diciembre de 2012 para la ejecuci\u00f3n, mantenimiento y explotaci\u00f3n comercial de la Guarder\u00eda Parque N\u00e1utico Central.<\/p>\n<p>Los pliegos fueron adquiridos por tres grupos que participaron del concurso: Servicios Portuarios, Antonino Milisenda y la uni\u00f3n transitoria de empresas (UTE) conformada por las firmas Epreco-Del Sol.<\/p>\n<p>El decreto se\u00f1ala que \u00abse observa una notable desproporci\u00f3n entre la oferta formulada por Servicios Portuarios y los restantes oferentes, superando varias veces la base del pliego, advirti\u00e9ndose en la propuesta del proyecto construir en forma soterrada logrando una capacidad superior de guarda de embarcaciones\u00bb.<\/p>\n<p>La propuesta de Servicios Portuarios \u00abfue fuertemente resistida por los restantes oferentes, quienes interpusieron impugnaciones\u00bb, agrega el texto legal.<\/p>\n<p>La Comisi\u00f3n Evaluadora y la Direcci\u00f3n Asuntos Jur\u00eddicos se pronunciaron de manera categ\u00f3rica. \u00abLa disparidad de las propuestas en lo concerniente a la obra como la oferta econ\u00f3mica es resultado de la vulneraci\u00f3n de principios rectores del proceso licitatorio\u00bb, opinaron.<\/p>\n<p>Para estas dependencias municipales, \u00abse encuentran afectados el principio de concurrencia, competencia e igualdad al quedar evidenciado que la interpretaci\u00f3n del pliego ha sido diversa por los oferentes, produci\u00e9ndose una situaci\u00f3n de desigualdad que no solo afecta a los oferentes sino la posibilidad de la administraci\u00f3n de comparar las ofertas\u00bb.<\/p>\n<p>El secretario de Planeamiento, Pablo Barese, confirm\u00f3 a La Capital que el Ejecutivo resolvi\u00f3 dejar sin efecto el proceso licitatorio \u00aba ra\u00edz de las impugnaciones y las acusaciones cruzadas entre los grupos oferentes\u00bb.<\/p>\n<p>El funcionario explic\u00f3 que la propuesta de Servicios Portuarios de hacer un nivel soterrado para embarcaciones \u00abno estaba ni habilitada ni expresamente vedada en el pliego y eso fue lo que gener\u00f3 la controversia\u00bb.<\/p>\n<p>En ese marco, el titular de Planeamiento anticip\u00f3: \u00abEn el transcurso del mes de julio estaremos licitando nuevamente el proyecto, con precisiones t\u00e9cnicas para que no haya este tipo de disputas\u00bb.<\/p>\n<p>Barese remarc\u00f3 que los nuevos pliegos \u00abser\u00e1n muy similares a los que se vendieron hace unos meses, conservando el esp\u00edritu urban\u00edstico de la iniciativa, pero con la l\u00f3gica actualizaci\u00f3n de los valores a invertir\u00bb.<\/p>\n<p>La licitaci\u00f3n lanzada a fines de 2012 contemplaba un piso de inversi\u00f3n de 10 millones de pesos. En la Municipalidad estiman que ese monto se incrementar\u00e1 de manera considerable.<\/p>\n<p>El proyecto que se relanzar\u00e1 este mes mantendr\u00e1 la exigencia de levantar una guarder\u00eda para unas 340 embarcaciones, entre La Fluvial y la zona franca boliviana. Tambi\u00e9n habr\u00e1 que construir oficinas administrativas, taller de mantenimiento, ba\u00f1os p\u00fablicos, un estacionamiento y un parque de uso p\u00fablico.<\/p>\n<p>La propuesta se completa con locales comerciales sobre calle Comunidad Foral de Navarra, donde se permitir\u00e1n bares, quioscos, y negocios multiventas y de art\u00edculos n\u00e1uticos.<\/p>\n<p>Con esta obra se liberar\u00e1n m\u00e1s de 300 metros de extensi\u00f3n de la costa central, donde se construir\u00e1 un paseo p\u00fablico peatonal.<\/p>\n<h6>Fuente: La Capital, Rosario<\/h6>\n","protected":false},"excerpt":{"rendered":"<p>El enfrentamiento tuvo impugnaciones cruzadas y acusaciones de connivencia con la Intendencia. La competencia fracas\u00f3 por la disparidad de ofertas presentadas, en lo t\u00e9cnico y econ\u00f3mico. Tras dos a\u00f1os y medio de proceso, se cay\u00f3 la licitaci\u00f3n m\u00e1s ambiciosa lanzada por el municipio para cambiarle la cara a la costanera central, entre La Fluvial y<\/p>\n","protected":false},"author":2,"featured_media":32855,"comment_status":"closed","ping_status":"closed","sticky":false,"template":"","format":"standard","meta":{"footnotes":""},"categories":[2],"tags":[10],"class_list":["post-32854","post","type-post","status-publish","format-standard","has-post-thumbnail","hentry","category-informe-municipal","tag-santa-fe"],"_links":{"self":[{"href":"http:\/\/argentinamunicipal.com.ar\/argentina\/wp-json\/wp\/v2\/posts\/32854","targetHints":{"allow":["GET"]}}],"collection":[{"href":"http:\/\/argentinamunicipal.com.ar\/argentina\/wp-json\/wp\/v2\/posts"}],"about":[{"href":"http:\/\/argentinamunicipal.com.ar\/argentina\/wp-json\/wp\/v2\/types\/post"}],"author":[{"embeddable":true,"href":"http:\/\/argentinamunicipal.com.ar\/argentina\/wp-json\/wp\/v2\/users\/2"}],"replies":[{"embeddable":true,"href":"http:\/\/argentinamunicipal.com.ar\/argentina\/wp-json\/wp\/v2\/comments?post=32854"}],"version-history":[{"count":0,"href":"http:\/\/argentinamunicipal.com.ar\/argentina\/wp-json\/wp\/v2\/posts\/32854\/revisions"}],"wp:featuredmedia":[{"embeddable":true,"href":"http:\/\/argentinamunicipal.com.ar\/argentina\/wp-json\/wp\/v2\/media\/32855"}],"wp:attachment":[{"href":"http:\/\/argentinamunicipal.com.ar\/argentina\/wp-json\/wp\/v2\/media?parent=32854"}],"wp:term":[{"taxonomy":"category","embeddable":true,"href":"http:\/\/argentinamunicipal.com.ar\/argentina\/wp-json\/wp\/v2\/categories?post=32854"},{"taxonomy":"post_tag","embeddable":true,"href":"http:\/\/argentinamunicipal.com.ar\/argentina\/wp-json\/wp\/v2\/tags?post=32854"}],"curies":[{"name":"wp","href":"https:\/\/api.w.org\/{rel}","templated":true}]}}