{"id":32857,"date":"2015-07-11T09:13:11","date_gmt":"2015-07-11T12:13:11","guid":{"rendered":"http:\/\/argentinamunicipal.com.ar\/argentina\/?p=32857"},"modified":"2015-07-16T11:32:47","modified_gmt":"2015-07-16T14:32:47","slug":"mas-de-treinta-gobiernos-locales-debatieron-en-rosario-sobre-los-efectos-del-cambio-climatico","status":"publish","type":"post","link":"http:\/\/argentinamunicipal.com.ar\/argentina\/mas-de-treinta-gobiernos-locales-debatieron-en-rosario-sobre-los-efectos-del-cambio-climatico\/","title":{"rendered":"M\u00e1s de treinta gobiernos locales debatieron en Rosario sobre los efectos del cambio clim\u00e1tico"},"content":{"rendered":"<p><a href=\"http:\/\/argentinamunicipal.com.ar\/argentina\/wp-content\/uploads\/2015\/07\/foto3855.jpg\"><img loading=\"lazy\" decoding=\"async\" class=\"aligncenter  wp-image-32858\" src=\"http:\/\/argentinamunicipal.com.ar\/argentina\/wp-content\/uploads\/2015\/07\/foto3855.jpg\" alt=\"foto3855\" width=\"702\" height=\"421\" srcset=\"http:\/\/argentinamunicipal.com.ar\/argentina\/wp-content\/uploads\/2015\/07\/foto3855.jpg 2000w, http:\/\/argentinamunicipal.com.ar\/argentina\/wp-content\/uploads\/2015\/07\/foto3855-300x180.jpg 300w, http:\/\/argentinamunicipal.com.ar\/argentina\/wp-content\/uploads\/2015\/07\/foto3855-1024x614.jpg 1024w\" sizes=\"auto, (max-width: 702px) 100vw, 702px\" \/><\/a><br \/>\nEl Museo de Arte Decorativo Firma y Odilo Est\u00e9vez fue escenario del primer encuentro promovido por la Municipalidad en torno al dise\u00f1o de estrategias sobre acci\u00f3n clim\u00e1tica.<\/p>\n<p>&nbsp;<\/p>\n<p>Representantes de 33 municipios se reunieron esta semana en la ciudad para elaborar planes locales de acci\u00f3n clim\u00e1tica. El encuentro fue promovido la Municipalidad y se desarroll\u00f3 el mi\u00e9rcoles pasado en el Museo de Arte Decorativo Firma y Odilo Est\u00e9vez. El eje del c\u00f3nclave fue el intercambio de conocimientos y experiencias con otros gobiernos locales, y facilitar espacios de asesoramiento.<\/p>\n<p>La intenci\u00f3n tambi\u00e9n pas\u00f3 por concretar, por medio de un plan espec\u00edfico, el compromiso asumido el 29 de mayo en el Monumento a la Bandera, donde m\u00e1s de 100 intendentes latinoamericanos suscribieron un acuerdo para dise\u00f1ar estrategias locales frente a los efectos del cambio clim\u00e1tico, de cara a la COP21, la convenci\u00f3n tem\u00e1tica de la ONU que se celebrar\u00e1 este a\u00f1o en Par\u00eds.<\/p>\n<p>\u201cEstamos tratando de sistematizar una experiencia que ya hemos desarrollado en 10 municipios, con otros 30 que nunca hab\u00edan hecho este ejercicio\u201d, coment\u00f3 Ricardo Bertolino, coordinador general de Pol\u00edticas de Sustentabilidad y Participaci\u00f3n Ciudadana de Rosario, quien agreg\u00f3 adem\u00e1s que \u201ces un gran desaf\u00edo el que nos estamos planteando. Y el hecho de que tanta gente haya venido a participar y conocer de qu\u00e9 estamos hablando es muy importante. La idea es seguir acompa\u00f1\u00e1ndolos para que puedan terminar con este ejercicio de la mejor manera posible\u201d.<\/p>\n<p><strong>Inventario.<\/strong> En este primer encuentro, los equipos t\u00e9cnicos de 33 municipios argentinos, pertenecientes a 5 provincias, se abocaron al an\u00e1lisis de las actividades de sus localidades que inciden en el cambio clim\u00e1tico a fin de plasmar un inventario sobre las fuentes de emisi\u00f3n de gases de efecto invernadero por cada localidad.<\/p>\n<p>\u201cEs muy interesante la idea de compartir el trabajo con otros municipios y en base a eso desarrollar los planes de acci\u00f3n para el futuro. El objetivo m\u00e1s grande es que esto se concrete en una acci\u00f3n espec\u00edfica y poder llevarlo a la realidad, y esto nos permite dar un paso\u201d, manifest\u00f3 a su turno Guillermo Paoloni, secretario de Desarrollo Econ\u00f3mico y Productivo del municipio de Armstrong.<\/p>\n<p>Mientras, Olivia Antonio, del municipio de Monte Buey, provincia de C\u00f3rdoba, cont\u00f3 que su expectativa pasaba por poder aplicar estos nuevos conceptos para ayudar a tomar conciencia sobre los efectos que tienen sobre el medio ambiente aquellas actividades productivas caracter\u00edsticas de nuestra regi\u00f3n. \u201cSi no actuamos hoy, los efectos van a ser cada vez m\u00e1s graves. No s\u00f3lo ambientales, sino econ\u00f3micos, pol\u00edticos y sociales. Entonces empez\u00f3 a llegar la hora de tomar cartas en el asunto y cada uno desde su lugar debe transmitir este mensaje\u201d, indic\u00f3.<\/p>\n<p>Finalizada la intensa jornada de trabajo, el ingeniero Gustavo Gim\u00e9nez, del Inta, brind\u00f3 una charla de capacitaci\u00f3n sobre buenas pr\u00e1cticas agropecuarias para reducir emisiones.<\/p>\n<p>Los participantes fueron convocados a un pr\u00f3ximo encuentro que se llevar\u00e1 a cabo el mi\u00e9rcoles que viene, donde, en base a los inventarios realizados en esta primera reuni\u00f3n, se trabajar\u00e1 puntualmente sobre el armado de planes locales de acci\u00f3n clim\u00e1tica, focaliz\u00e1ndose principalmente en las estrategias de mitigaci\u00f3n y adaptaci\u00f3n.<\/p>\n<p>Los municipios participantes fueron San Antonio (Misiones), Arteaga, Caseros (Entre R\u00edos), Herrera (Entre R\u00edos), Uranga, Totoras, Pav\u00f3n, Pueblo Andino, Monte Vera, Arequito, Chab\u00e1s, Coronel Dom\u00ednguez, Monte Buey (C\u00f3rdoba), Soldini, San Jorge, Cha\u00f1ar Ladeado, Santo Tom\u00e9, Venado Tuerto y Correa.<\/p>\n<p>Tambi\u00e9n asistieron los representantes de Reconquista, El Tr\u00e9bol, Murphy, Villada, Gilbert, Armstrong, San Carlos Sud, Maggiolo, Santa Fe, Funes, Los Molinos, Pueblo Mu\u00f1oz, Las Rosas y Sanford.<\/p>\n<p>Con este encuentro que se relaiz\u00f3 en nuestra ciudad, una gran cantidad de referentes pol\u00edticos de estos gobiernos zonales exhibieron su f\u00e9rreo compromiso con las cuestiones ambientales, unas de las principales preocupaciones de la actualidad.<\/p>\n<p>Ahora, con la buena experiencia de esta primera reuni\u00f3n y con los datos del inventario se advierte una gran expectativa por lo que puede surgir de la pr\u00f3xima cita ambiental.<\/p>\n<h6>Fuente: La Capital, Rosario<\/h6>\n","protected":false},"excerpt":{"rendered":"<p>El Museo de Arte Decorativo Firma y Odilo Est\u00e9vez fue escenario del primer encuentro promovido por la Municipalidad en torno al dise\u00f1o de estrategias sobre acci\u00f3n clim\u00e1tica.<\/p>\n","protected":false},"author":2,"featured_media":32858,"comment_status":"closed","ping_status":"closed","sticky":false,"template":"","format":"standard","meta":{"footnotes":""},"categories":[2],"tags":[10],"class_list":["post-32857","post","type-post","status-publish","format-standard","has-post-thumbnail","hentry","category-informe-municipal","tag-santa-fe"],"_links":{"self":[{"href":"http:\/\/argentinamunicipal.com.ar\/argentina\/wp-json\/wp\/v2\/posts\/32857","targetHints":{"allow":["GET"]}}],"collection":[{"href":"http:\/\/argentinamunicipal.com.ar\/argentina\/wp-json\/wp\/v2\/posts"}],"about":[{"href":"http:\/\/argentinamunicipal.com.ar\/argentina\/wp-json\/wp\/v2\/types\/post"}],"author":[{"embeddable":true,"href":"http:\/\/argentinamunicipal.com.ar\/argentina\/wp-json\/wp\/v2\/users\/2"}],"replies":[{"embeddable":true,"href":"http:\/\/argentinamunicipal.com.ar\/argentina\/wp-json\/wp\/v2\/comments?post=32857"}],"version-history":[{"count":0,"href":"http:\/\/argentinamunicipal.com.ar\/argentina\/wp-json\/wp\/v2\/posts\/32857\/revisions"}],"wp:featuredmedia":[{"embeddable":true,"href":"http:\/\/argentinamunicipal.com.ar\/argentina\/wp-json\/wp\/v2\/media\/32858"}],"wp:attachment":[{"href":"http:\/\/argentinamunicipal.com.ar\/argentina\/wp-json\/wp\/v2\/media?parent=32857"}],"wp:term":[{"taxonomy":"category","embeddable":true,"href":"http:\/\/argentinamunicipal.com.ar\/argentina\/wp-json\/wp\/v2\/categories?post=32857"},{"taxonomy":"post_tag","embeddable":true,"href":"http:\/\/argentinamunicipal.com.ar\/argentina\/wp-json\/wp\/v2\/tags?post=32857"}],"curies":[{"name":"wp","href":"https:\/\/api.w.org\/{rel}","templated":true}]}}