{"id":3286,"date":"2014-03-08T08:00:40","date_gmt":"2014-03-08T11:00:40","guid":{"rendered":"http:\/\/argentinamunicipal.com.ar\/argentina\/?p=3286"},"modified":"2014-03-08T11:04:32","modified_gmt":"2014-03-08T14:04:32","slug":"se-suspendio-reunion-de-municipales-de-concordia-con-el-intendente","status":"publish","type":"post","link":"http:\/\/argentinamunicipal.com.ar\/argentina\/se-suspendio-reunion-de-municipales-de-concordia-con-el-intendente\/","title":{"rendered":"Se suspendi\u00f3 reuni\u00f3n de municipales de Concordia con el intendente"},"content":{"rendered":"<p><span style=\"line-height: 1.5em\"><a href=\"http:\/\/argentinamunicipal.com.ar\/argentina\/wp-content\/uploads\/2014\/03\/concordia-222.jpg\"><img loading=\"lazy\" decoding=\"async\" class=\"alignleft  wp-image-3287\" alt=\"concordia-222\" src=\"http:\/\/argentinamunicipal.com.ar\/argentina\/wp-content\/uploads\/2014\/03\/concordia-222.jpg\" width=\"469\" height=\"309\" srcset=\"http:\/\/argentinamunicipal.com.ar\/argentina\/wp-content\/uploads\/2014\/03\/concordia-222.jpg 586w, http:\/\/argentinamunicipal.com.ar\/argentina\/wp-content\/uploads\/2014\/03\/concordia-222-300x197.jpg 300w\" sizes=\"auto, (max-width: 469px) 100vw, 469px\" \/><\/a>Se suspendi\u00f3 la reuni\u00f3n que iban a mantener esta ma\u00f1ana los representantes de los trabajadores municipales de Concordia con el intendente Gustavo Bordet para discutir salarios \u2022 Seg\u00fan dijo a APFDigital el secretario Gremial del Sindicato de Empleados Municipales, Carlos Rapuzzi, las autoridades se comprometieron a mandarles una oferta por escrito \u2022 Luego realizar\u00e1n una asamblea para analizarla<\/span><\/p>\n<p>\u201cEl Intendente tuvo un contratiempo, por eso nos avisaron que no se iba a poder reunir con nosotros, pero que nos iban a mandar una propuesta por escrito. Ahora la estamos esperando\u201d, indic\u00f3 Rapuzzi.<\/p>\n<p>El sindicalista agreg\u00f3 que luego de recibir formalmente la oferta, se reunir\u00e1n en asamblea: \u201cTodo depende de la respuesta al petitorio que hab\u00edamos entregado y en el cual ped\u00edamos un 25 por ciento de aumento\u201d, continu\u00f3.<\/p>\n<p>\u201cA lo mejor a la tarde podemos tener la propuesta, pero si nos llega a \u00faltima hora, a la asamblea la deberemos posponer para el lunes\u201d, finaliz\u00f3 Rapuzzi en declaraciones a esta Agencia.<\/p>\n<h6>Fuente: APFDigital<\/h6>\n","protected":false},"excerpt":{"rendered":"<p>Se suspendi\u00f3 la reuni\u00f3n que iban a mantener esta ma\u00f1ana los representantes de los trabajadores municipales de Concordia con el intendente Gustavo Bordet para discutir salarios \u2022 Seg\u00fan dijo a APFDigital el secretario Gremial del Sindicato de Empleados Municipales, Carlos Rapuzzi, las autoridades se comprometieron a mandarles una oferta por escrito \u2022 Luego realizar\u00e1n una<\/p>\n","protected":false},"author":2,"featured_media":3287,"comment_status":"closed","ping_status":"closed","sticky":false,"template":"","format":"standard","meta":{"footnotes":""},"categories":[7],"tags":[17],"class_list":["post-3286","post","type-post","status-publish","format-standard","has-post-thumbnail","hentry","category-informe-sindical","tag-entre-rios"],"_links":{"self":[{"href":"http:\/\/argentinamunicipal.com.ar\/argentina\/wp-json\/wp\/v2\/posts\/3286","targetHints":{"allow":["GET"]}}],"collection":[{"href":"http:\/\/argentinamunicipal.com.ar\/argentina\/wp-json\/wp\/v2\/posts"}],"about":[{"href":"http:\/\/argentinamunicipal.com.ar\/argentina\/wp-json\/wp\/v2\/types\/post"}],"author":[{"embeddable":true,"href":"http:\/\/argentinamunicipal.com.ar\/argentina\/wp-json\/wp\/v2\/users\/2"}],"replies":[{"embeddable":true,"href":"http:\/\/argentinamunicipal.com.ar\/argentina\/wp-json\/wp\/v2\/comments?post=3286"}],"version-history":[{"count":0,"href":"http:\/\/argentinamunicipal.com.ar\/argentina\/wp-json\/wp\/v2\/posts\/3286\/revisions"}],"wp:featuredmedia":[{"embeddable":true,"href":"http:\/\/argentinamunicipal.com.ar\/argentina\/wp-json\/wp\/v2\/media\/3287"}],"wp:attachment":[{"href":"http:\/\/argentinamunicipal.com.ar\/argentina\/wp-json\/wp\/v2\/media?parent=3286"}],"wp:term":[{"taxonomy":"category","embeddable":true,"href":"http:\/\/argentinamunicipal.com.ar\/argentina\/wp-json\/wp\/v2\/categories?post=3286"},{"taxonomy":"post_tag","embeddable":true,"href":"http:\/\/argentinamunicipal.com.ar\/argentina\/wp-json\/wp\/v2\/tags?post=3286"}],"curies":[{"name":"wp","href":"https:\/\/api.w.org\/{rel}","templated":true}]}}