{"id":32894,"date":"2015-07-11T10:07:02","date_gmt":"2015-07-11T13:07:02","guid":{"rendered":"http:\/\/argentinamunicipal.com.ar\/argentina\/?p=32894"},"modified":"2015-07-11T10:07:02","modified_gmt":"2015-07-11T13:07:02","slug":"catamarca-entregan-330-viviendas-en-la-ciudad-satelite","status":"publish","type":"post","link":"http:\/\/argentinamunicipal.com.ar\/argentina\/catamarca-entregan-330-viviendas-en-la-ciudad-satelite\/","title":{"rendered":"Catamarca:\u00a0\u00a0entregan 330 viviendas en la Ciudad Sat\u00e9lite"},"content":{"rendered":"<p><a href=\"http:\/\/argentinamunicipal.com.ar\/argentina\/wp-content\/uploads\/2015\/07\/03-f3_0.jpg\"><img loading=\"lazy\" decoding=\"async\" class=\"aligncenter  wp-image-32895\" src=\"http:\/\/argentinamunicipal.com.ar\/argentina\/wp-content\/uploads\/2015\/07\/03-f3_0.jpg\" alt=\"03-f3_0\" width=\"614\" height=\"393\" srcset=\"http:\/\/argentinamunicipal.com.ar\/argentina\/wp-content\/uploads\/2015\/07\/03-f3_0.jpg 720w, http:\/\/argentinamunicipal.com.ar\/argentina\/wp-content\/uploads\/2015\/07\/03-f3_0-300x192.jpg 300w\" sizes=\"auto, (max-width: 614px) 100vw, 614px\" \/><\/a><br \/>\nEl candidato presidencial Daniel Scioli lleg\u00f3 a Catamarca para inaugurar la primera etapa de la Ciudad Sat\u00e9lite con la entrega de 330 viviendas. El arribo del Gobernador bonaerense coincidi\u00f3 con el lanzamiento de la campa\u00f1a electoral para las elecciones primarias del 9 de agosto y en este marco destac\u00f3 que eligi\u00f3 llegar al norte argentino por su compromiso con el federalismo productivo. La comitiva se complet\u00f3 con la presencia del jefe de gabinete, An\u00edbal Fern\u00e1ndez, el secretario de Obras P\u00fablicas de la Naci\u00f3n, Jos\u00e9 L\u00f3pez, y el subsecretario de Desarrollo Urbano y Vivienda, Germ\u00e1n Nivello.<\/p>\n<p>La entrega de las primeras viviendas de la ciudad sat\u00e9lite estuvo colmada por gran cantidad de p\u00fablico que lleg\u00f3 hasta la zona suroeste de la ciudad. En el escenario principal, la gobernadora Luc\u00eda Corpacci estuvo acompa\u00f1ada por el secretario de la Vivienda, Octavio Guti\u00e9rrez, el vicegobernador, Dalmacio Mera, el intendente de la Capital, Ra\u00fal Jalil, el administrador del IPV, Dante L\u00f3pez Rodr\u00edguez, y el diputado nacional Isauro Molina, la senadora In\u00e9s Blas y la candidata a diputada nacional Ver\u00f3nica Mercado.<\/p>\n<p>Durante el acto, Corpacci firm\u00f3 convenios con el Gobierno nacional para realizar obras de agua y saneamiento por un monto total de $ 21.144.437 y adem\u00e1s tambi\u00e9n se anunci\u00f3 la \u00abno objeci\u00f3n\u201d para un proyecto destinado a realizar obras de desarrollo urbano y al financiamiento para otras 136 viviendas. Adem\u00e1s, Scioli, en su discurso, se comprometi\u00f3 a aportar fondos para realizar la segunda circunvalaci\u00f3n.<\/p>\n<p>Corpacci destac\u00f3 el trabajo de Dante L\u00f3pez Rodr\u00edguez, frente al IPV. \u00abLlevamos hechas casi 16.000 soluciones habitacionales en toda la Provincia, entre viviendas sociales, viviendas Techo Digno, mejoramientos, viviendas por autoconstrucci\u00f3n, viviendas por cooperativas\u2026 En toda la Provincia hemos aportado algo para que muchas familias puedan tener sus hijos mejor resguardados, mejor protegidos\u201d, dijo.<\/p>\n<p>El jefe de gabinete, An\u00edbal Fern\u00e1ndez, que representaba a la Presidenta de la Naci\u00f3n, opt\u00f3 por no cerrar el acto y dejar ese lugar al candidato presidencial del FV.<\/p>\n<p>Scioli en su alocuci\u00f3n aludi\u00f3 al mensaje del Papa Francisco y a la gesti\u00f3n de la presidenta Cristina Fern\u00e1ndez. \u00abTenemos un pa\u00eds desendeudado, una Argentina reindustrializada. Esto nos permite ahora poder seguir construyendo sobre estos s\u00f3lidos cimientos de estos a\u00f1os en la cual nuestra presidenta es la art\u00edfice porque defendi\u00f3 los intereses de los argentinos y se puso firme frente a los buitres\u00bb.<\/p>\n<p>\u00abYo me comprometo a seguir adelante con prioridades que tienen que ver con la vivienda, la salud, con la inclusi\u00f3n, la educaci\u00f3n. A Catamarca lleg\u00f3 la energ\u00eda, ahora tienen que llegar las inversiones para dinamizar toda la materia prima y por eso he elegido estar hoy en el norte argentino por mi compromiso con el federalismo productivo, con la Argentina profunda, con el interior\u00bb, enfatiz\u00f3.<\/p>\n<p>\u00abCuando tiene una adversidad en la vida tiene que sacar lo mejor de adentro para seguir adelante. Argentina tambi\u00e9n tiene que sacar lo mejor del interior de sus econom\u00edas regionales. Yo los convoco a que respalden al espacio pol\u00edtico del FV, que es el que m\u00e1s defiende a los trabajadores, a los humildes, a la clase media, al trabajo argentino, a la industria nacional y juntos lleven a la victoria del gran pueblo argentino\u00bb.<br \/>\nEl acto finaliz\u00f3 con la actuaci\u00f3n de la banda cordobesa Tru-la-l\u00e1, que moviliz\u00f3 tambi\u00e9n a gran cantidad de p\u00fablico.<\/p>\n<h6>Fuente: El Ancasti<\/h6>\n","protected":false},"excerpt":{"rendered":"<p>El candidato presidencial Daniel Scioli lleg\u00f3 a Catamarca para inaugurar la primera etapa de la Ciudad Sat\u00e9lite con la entrega de 330 viviendas. El arribo del Gobernador bonaerense coincidi\u00f3 con el lanzamiento de la campa\u00f1a electoral para las elecciones primarias del 9 de agosto y en este marco destac\u00f3 que eligi\u00f3 llegar al norte argentino<\/p>\n","protected":false},"author":2,"featured_media":32895,"comment_status":"closed","ping_status":"closed","sticky":false,"template":"","format":"standard","meta":{"footnotes":""},"categories":[2],"tags":[16],"class_list":["post-32894","post","type-post","status-publish","format-standard","has-post-thumbnail","hentry","category-informe-municipal","tag-catamarca"],"_links":{"self":[{"href":"http:\/\/argentinamunicipal.com.ar\/argentina\/wp-json\/wp\/v2\/posts\/32894","targetHints":{"allow":["GET"]}}],"collection":[{"href":"http:\/\/argentinamunicipal.com.ar\/argentina\/wp-json\/wp\/v2\/posts"}],"about":[{"href":"http:\/\/argentinamunicipal.com.ar\/argentina\/wp-json\/wp\/v2\/types\/post"}],"author":[{"embeddable":true,"href":"http:\/\/argentinamunicipal.com.ar\/argentina\/wp-json\/wp\/v2\/users\/2"}],"replies":[{"embeddable":true,"href":"http:\/\/argentinamunicipal.com.ar\/argentina\/wp-json\/wp\/v2\/comments?post=32894"}],"version-history":[{"count":0,"href":"http:\/\/argentinamunicipal.com.ar\/argentina\/wp-json\/wp\/v2\/posts\/32894\/revisions"}],"wp:featuredmedia":[{"embeddable":true,"href":"http:\/\/argentinamunicipal.com.ar\/argentina\/wp-json\/wp\/v2\/media\/32895"}],"wp:attachment":[{"href":"http:\/\/argentinamunicipal.com.ar\/argentina\/wp-json\/wp\/v2\/media?parent=32894"}],"wp:term":[{"taxonomy":"category","embeddable":true,"href":"http:\/\/argentinamunicipal.com.ar\/argentina\/wp-json\/wp\/v2\/categories?post=32894"},{"taxonomy":"post_tag","embeddable":true,"href":"http:\/\/argentinamunicipal.com.ar\/argentina\/wp-json\/wp\/v2\/tags?post=32894"}],"curies":[{"name":"wp","href":"https:\/\/api.w.org\/{rel}","templated":true}]}}