{"id":32931,"date":"2015-07-13T08:58:17","date_gmt":"2015-07-13T11:58:17","guid":{"rendered":"http:\/\/argentinamunicipal.com.ar\/argentina\/?p=32931"},"modified":"2015-07-13T08:58:17","modified_gmt":"2015-07-13T11:58:17","slug":"en-el-departamento-diamante-96-familias-recibieron-su-vivienda","status":"publish","type":"post","link":"http:\/\/argentinamunicipal.com.ar\/argentina\/en-el-departamento-diamante-96-familias-recibieron-su-vivienda\/","title":{"rendered":"En el departamento Diamante 96 familias recibieron su vivienda"},"content":{"rendered":"<p><a href=\"http:\/\/argentinamunicipal.com.ar\/argentina\/wp-content\/uploads\/2015\/07\/vivienda1.jpg\"><img loading=\"lazy\" decoding=\"async\" class=\"aligncenter  wp-image-32932\" src=\"http:\/\/argentinamunicipal.com.ar\/argentina\/wp-content\/uploads\/2015\/07\/vivienda1.jpg\" alt=\"vivienda1\" width=\"568\" height=\"379\" srcset=\"http:\/\/argentinamunicipal.com.ar\/argentina\/wp-content\/uploads\/2015\/07\/vivienda1.jpg 680w, http:\/\/argentinamunicipal.com.ar\/argentina\/wp-content\/uploads\/2015\/07\/vivienda1-300x200.jpg 300w\" sizes=\"auto, (max-width: 568px) 100vw, 568px\" \/><\/a><\/p>\n<p>Desde el gobierno provincial, a trav\u00e9s de la Unidad Ejecutora de Programas Especiales (UEPE) del Ministerio de Planeamiento, Infraestructura y Servicios, se ejecutan diferentes programas de construcci\u00f3n de viviendas en la provincia entrerriana \u2022 Son 96 unidades habitacionales las que se inauguraron en el departamento Diamante, ubicadas en las localidades de Strobel, Aldea Spatzenkutter, Las Cuevas, Alvear-San Francisco y en Isletas, por un monto total de inversi\u00f3n de m\u00e1s de 25 millones de pesos<\/p>\n<p>Durante el acto, se realiz\u00f3 la entrega de una orden de pago de 15,3 millones de pesos y la firma de un convenio para obras de infraestructura por un monto de 15,9 millones de pesos.<\/p>\n<p>La jornada estuvo encabezada por el ministro de Planeamiento, Juan Javier Garc\u00eda, el titular de la UEPE, Daniel Irigoyen, la intendenta de Diamante, Claudia Gieco, el diputado provincial, Juan Carlos Darrich\u00f3n y los presidentes de los Consorcios de Gesti\u00f3n para la Construcci\u00f3n de Viviendas, Daniel Kretzel y Aldo Ariel Rodriguez.<\/p>\n<p>Garc\u00eda destac\u00f3 el trabajo que se lleva adelante desde el equipo de la UEPE como de cada uno de los actores que intervienen y dijo que \u201cestas viviendas se hacen porque hay mucho esfuerzo de los constructores, cooperativas, los consorcios y los municipios, para que se consolide \u00e9ste programa en todos sus aspectos y esto es lo que hace que nuestros pueblos sigan creciendo\u201d.<\/p>\n<p>\u201cEstar presentes en materia de infraestructura en cada uno de nuestros pueblos ha sido la misi\u00f3n que nos encomend\u00f3 nuestro gobernador Sergio Urribarri, y es por lo que caminamos cada uno de los d\u00edas de nuestra gesti\u00f3n, de manera que podamos mejorar la calidad de vida de nuestros vecinos\u201d, finaliz\u00f3 el funcionario provincial.<\/p>\n<p>En la ciudad de Strobel se inauguraron 75 viviendas del Programa Federal de Viviendas para Pueblos Originarios y Rurales, con un monto total de inversi\u00f3n de 20,1 millones de pesos. Adem\u00e1s se entregaron 8 viviendas del Programa de Integraci\u00f3n Sociomunitaria, con un monto total de inversi\u00f3n de 1,2 millones de pesos.<\/p>\n<p>En ese contexto se hizo entrega de una orden de pago por 15,3 millones de pesos, correspondientes a la ejecuci\u00f3n de 150 viviendas rurales de un total de inversi\u00f3n de 76,7 millones de pesos. All\u00ed, tambi\u00e9n se procedi\u00f3 a la firma de un nuevo convenio con el Consorcio de Gesti\u00f3n para la construcci\u00f3n de Viviendas de la ciudad de Diamante para la ejecuci\u00f3n de obras de infraestructura para 6.171 metros de ripio, cord\u00f3n cuneta y bad\u00e9n, por un monto total de inversi\u00f3n de 15,9 millones de pesos.<\/p>\n<p>Luego, las actividades continuaron en la localidad de Las Cuevas, donde se procedi\u00f3 a la entrega de 13 viviendas rurales ubicadas en Aldea Spatzenkutter, Las Cuevas, Alvear-San Francisco y en Isletas, el monto total de inversi\u00f3n es de 4,2 millones de pesos.<\/p>\n<h6>Fuente: APF Digital<\/h6>\n","protected":false},"excerpt":{"rendered":"<p>Desde el gobierno provincial, a trav\u00e9s de la Unidad Ejecutora de Programas Especiales (UEPE) del Ministerio de Planeamiento, Infraestructura y Servicios, se ejecutan diferentes programas de construcci\u00f3n de viviendas en la provincia entrerriana \u2022 Son 96 unidades habitacionales las que se inauguraron en el departamento Diamante, ubicadas en las localidades de Strobel, Aldea Spatzenkutter, Las<\/p>\n","protected":false},"author":2,"featured_media":32932,"comment_status":"closed","ping_status":"closed","sticky":false,"template":"","format":"standard","meta":{"footnotes":""},"categories":[2],"tags":[17],"class_list":["post-32931","post","type-post","status-publish","format-standard","has-post-thumbnail","hentry","category-informe-municipal","tag-entre-rios"],"_links":{"self":[{"href":"http:\/\/argentinamunicipal.com.ar\/argentina\/wp-json\/wp\/v2\/posts\/32931","targetHints":{"allow":["GET"]}}],"collection":[{"href":"http:\/\/argentinamunicipal.com.ar\/argentina\/wp-json\/wp\/v2\/posts"}],"about":[{"href":"http:\/\/argentinamunicipal.com.ar\/argentina\/wp-json\/wp\/v2\/types\/post"}],"author":[{"embeddable":true,"href":"http:\/\/argentinamunicipal.com.ar\/argentina\/wp-json\/wp\/v2\/users\/2"}],"replies":[{"embeddable":true,"href":"http:\/\/argentinamunicipal.com.ar\/argentina\/wp-json\/wp\/v2\/comments?post=32931"}],"version-history":[{"count":0,"href":"http:\/\/argentinamunicipal.com.ar\/argentina\/wp-json\/wp\/v2\/posts\/32931\/revisions"}],"wp:featuredmedia":[{"embeddable":true,"href":"http:\/\/argentinamunicipal.com.ar\/argentina\/wp-json\/wp\/v2\/media\/32932"}],"wp:attachment":[{"href":"http:\/\/argentinamunicipal.com.ar\/argentina\/wp-json\/wp\/v2\/media?parent=32931"}],"wp:term":[{"taxonomy":"category","embeddable":true,"href":"http:\/\/argentinamunicipal.com.ar\/argentina\/wp-json\/wp\/v2\/categories?post=32931"},{"taxonomy":"post_tag","embeddable":true,"href":"http:\/\/argentinamunicipal.com.ar\/argentina\/wp-json\/wp\/v2\/tags?post=32931"}],"curies":[{"name":"wp","href":"https:\/\/api.w.org\/{rel}","templated":true}]}}