{"id":33018,"date":"2015-07-14T10:01:35","date_gmt":"2015-07-14T13:01:35","guid":{"rendered":"http:\/\/argentinamunicipal.com.ar\/argentina\/?p=33018"},"modified":"2015-07-14T10:01:35","modified_gmt":"2015-07-14T13:01:35","slug":"licitan-el-nuevo-edificio-para-los-tribunales-de-santa-fe-que-costara-mas-de-80-millones-de-pesos","status":"publish","type":"post","link":"http:\/\/argentinamunicipal.com.ar\/argentina\/licitan-el-nuevo-edificio-para-los-tribunales-de-santa-fe-que-costara-mas-de-80-millones-de-pesos\/","title":{"rendered":"Licitan el nuevo edificio para los Tribunales de Santa Fe que costar\u00e1 m\u00e1s de 80 millones de pesos"},"content":{"rendered":"<p><a href=\"http:\/\/argentinamunicipal.com.ar\/argentina\/wp-content\/uploads\/2015\/07\/Tribunales-1.jpg_973718260.jpg\"><img loading=\"lazy\" decoding=\"async\" class=\"aligncenter  wp-image-33019\" src=\"http:\/\/argentinamunicipal.com.ar\/argentina\/wp-content\/uploads\/2015\/07\/Tribunales-1.jpg_973718260.jpg\" alt=\"Tribunales-1.jpg_973718260\" width=\"667\" height=\"465\" srcset=\"http:\/\/argentinamunicipal.com.ar\/argentina\/wp-content\/uploads\/2015\/07\/Tribunales-1.jpg_973718260.jpg 789w, http:\/\/argentinamunicipal.com.ar\/argentina\/wp-content\/uploads\/2015\/07\/Tribunales-1.jpg_973718260-300x209.jpg 300w\" sizes=\"auto, (max-width: 667px) 100vw, 667px\" \/><\/a><br \/>\nBonfatti presidir\u00e1 este martes el acto de apertura de las ofertas a realizarse a las 9 en la Corte Suprema de Justicia. La obra aspira a mejorar y optimizar la prestaci\u00f3n del servicio de justicia de la jurisdicci\u00f3n.<\/p>\n<p>El gobernador Antonio Bonfatti presidir\u00e1 este martes la apertura de sobres con las ofertas econ\u00f3micas para la construcci\u00f3n de la primera etapa del nuevo edificio para los Tribunales Provinciales que estar\u00e1 ubicado en el predio anexo al edificio actual de calle San Jer\u00f3nimo en la ciudad de Santa Fe. La obra cuenta con un presupuesto oficial de 80.857.896,61 de pesos.<\/p>\n<p>El acto se llevar\u00e1 a cabo 9 en el Sal\u00f3n de Actos de la Corte Suprema de Justicia &#8211; San Jer\u00f3nimo 1551 &#8211; 1\u00b0 Piso \u2013 y contar\u00e1 tambi\u00e9n con la presencia del presidente de la Corte, Roberto Falistocco, y del ministro de Obras P\u00fablicas, Julio Schneider, entre otras autoridades provinciales.<\/p>\n<p>En esta primera etapa se construir\u00e1 la estructura de hormig\u00f3n armado del edificio y el sistema de desag\u00fces. Previamente se ejecutar\u00e1 la demolici\u00f3n de las construcciones existentes en el predio que abarca la media manzana oeste del edificio de Tribunales, delimitada por calles General L\u00f3pez, 9 de Julio y 3 de Febrero. Todos estos trabajos tienen un plazo de ejecuci\u00f3n de 30 meses.<\/p>\n<p>Se trata del segundo edificio que la provincia construir\u00e1 en el marco del nuevo Sistema de Justicia Penal que se implement\u00f3 en marzo de 2014 en Santa Fe. El primero es el nuevo Centro de Justicia Penal de Rosario, el cual se encuentra en su \u00faltima etapa de ejecuci\u00f3n<\/p>\n<p><strong>El proyecto<\/strong><\/p>\n<p>El proyecto arquitect\u00f3nico fue elaborado por proyectistas ganadores de un Concurso Nacional de Anteproyectos, mientras que el ejecutivo fue realizado por la Direcci\u00f3n Provincial de Arquitectura e Ingenier\u00eda perteneciente al Ministerio de Obras P\u00fablicas.<\/p>\n<p>La concreci\u00f3n de la ampliaci\u00f3n de la Casa de Justicia en el predio anexo al edificio de Tribunales de la ciudad de Santa Fe aspira a mejorar y optimizar la prestaci\u00f3n del servicio de justicia de la jurisdicci\u00f3n, adecu\u00e1ndose a los requerimientos del nuevo Sistema de Justicia Penal, revitalizando la infraestructura y el equipamiento edilicio. Esto posibilitar\u00e1 la \u00f3ptima reubicaci\u00f3n de todas las dependencias judiciales, el mejor provecho de los recursos materiales y humanos con que cuenta este Poder Judicial, la posibilidad de brindar una mayor cantidad de servicios a todos sus integrantes y a todas las personas que intervienen en el proceso de administrar justicia.<\/p>\n<p>Seg\u00fan el proyecto, el nuevo edificio estar\u00e1 planteado de manera horizontal. El mismo contar\u00e1 con uno subsuelo, que albergar\u00e1 las cocheras y el sector de alcaid\u00eda; una planta baja con apertura a la plaza c\u00edvica y cinco pisos en altura. De esta manera se completa el contexto urbano en relaci\u00f3n al edificio existente y a un entorno de alta significaci\u00f3n hist\u00f3rica y valor patrimonial, por lo que se buscar\u00e1 un emplazamiento en forma arm\u00f3nica, equilibrada, controlando el impacto de la intervenci\u00f3n requerida en el contexto.<\/p>\n<p>El edificio contar\u00e1 con apertura desde y hacia la avenida General L\u00f3pez al norte, con la nueva Plaza C\u00edvica. Adem\u00e1s contar\u00e1 con un hall central a manera de balcones hacia el este, complementadas por rampas y escaleras de medio tramo, que generan un sistema fluido de recorridos con visuales hacia la plaza y el edificio existente.<\/p>\n<p>Hacia el sur un bloque compacto alojar\u00e1 el Fuero Penal que contendr\u00e1: los Tribunales de Investigaci\u00f3n Penal Preparatoria, los Tribunales de Juicio en lo Penal, las Salas de Audiencias P\u00fablicas y Orales, vinculadas con la Alcaid\u00eda en forma directa por dos n\u00facleos de circulaci\u00f3n restringida desde subsuelo, el Servicio P\u00fablico Provincial de la Defensa Penal y el Ministerio P\u00fablico de la Acusaci\u00f3n. En tanto que el sector del Fuero Civil estar\u00e1 vinculado con el edificio existente mediante puentes vidriados con tres niveles de expansi\u00f3n en altura.<\/p>\n<h6>Fuente: Uno, Santa Fe<\/h6>\n","protected":false},"excerpt":{"rendered":"<p>Bonfatti presidir\u00e1 este martes el acto de apertura de las ofertas a realizarse a las 9 en la Corte Suprema de Justicia. La obra aspira a mejorar y optimizar la prestaci\u00f3n del servicio de justicia de la jurisdicci\u00f3n. El gobernador Antonio Bonfatti presidir\u00e1 este martes la apertura de sobres con las ofertas econ\u00f3micas para la<\/p>\n","protected":false},"author":2,"featured_media":33019,"comment_status":"closed","ping_status":"closed","sticky":false,"template":"","format":"standard","meta":{"footnotes":""},"categories":[2],"tags":[10],"class_list":["post-33018","post","type-post","status-publish","format-standard","has-post-thumbnail","hentry","category-informe-municipal","tag-santa-fe"],"_links":{"self":[{"href":"http:\/\/argentinamunicipal.com.ar\/argentina\/wp-json\/wp\/v2\/posts\/33018","targetHints":{"allow":["GET"]}}],"collection":[{"href":"http:\/\/argentinamunicipal.com.ar\/argentina\/wp-json\/wp\/v2\/posts"}],"about":[{"href":"http:\/\/argentinamunicipal.com.ar\/argentina\/wp-json\/wp\/v2\/types\/post"}],"author":[{"embeddable":true,"href":"http:\/\/argentinamunicipal.com.ar\/argentina\/wp-json\/wp\/v2\/users\/2"}],"replies":[{"embeddable":true,"href":"http:\/\/argentinamunicipal.com.ar\/argentina\/wp-json\/wp\/v2\/comments?post=33018"}],"version-history":[{"count":0,"href":"http:\/\/argentinamunicipal.com.ar\/argentina\/wp-json\/wp\/v2\/posts\/33018\/revisions"}],"wp:featuredmedia":[{"embeddable":true,"href":"http:\/\/argentinamunicipal.com.ar\/argentina\/wp-json\/wp\/v2\/media\/33019"}],"wp:attachment":[{"href":"http:\/\/argentinamunicipal.com.ar\/argentina\/wp-json\/wp\/v2\/media?parent=33018"}],"wp:term":[{"taxonomy":"category","embeddable":true,"href":"http:\/\/argentinamunicipal.com.ar\/argentina\/wp-json\/wp\/v2\/categories?post=33018"},{"taxonomy":"post_tag","embeddable":true,"href":"http:\/\/argentinamunicipal.com.ar\/argentina\/wp-json\/wp\/v2\/tags?post=33018"}],"curies":[{"name":"wp","href":"https:\/\/api.w.org\/{rel}","templated":true}]}}