{"id":3307,"date":"2014-03-08T10:58:32","date_gmt":"2014-03-08T13:58:32","guid":{"rendered":"http:\/\/argentinamunicipal.com.ar\/argentina\/?p=3307"},"modified":"2014-03-17T12:49:30","modified_gmt":"2014-03-17T15:49:30","slug":"intendentes-de-entre-rios-presentaron-tecnicatura-para-municipales","status":"publish","type":"post","link":"http:\/\/argentinamunicipal.com.ar\/argentina\/intendentes-de-entre-rios-presentaron-tecnicatura-para-municipales\/","title":{"rendered":"Intendentes de Entre R\u00edos presentaron tecnicatura para municipales"},"content":{"rendered":"<p><a href=\"http:\/\/argentinamunicipal.com.ar\/argentina\/wp-content\/uploads\/2014\/03\/Visita-obras-sanitarias-2012_2.jpg\"><img loading=\"lazy\" decoding=\"async\" class=\"aligncenter size-full wp-image-3319\" alt=\"Visita-obras-sanitarias-2012_2\" src=\"http:\/\/argentinamunicipal.com.ar\/argentina\/wp-content\/uploads\/2014\/03\/Visita-obras-sanitarias-2012_2.jpg\" width=\"650\" height=\"425\" srcset=\"http:\/\/argentinamunicipal.com.ar\/argentina\/wp-content\/uploads\/2014\/03\/Visita-obras-sanitarias-2012_2.jpg 650w, http:\/\/argentinamunicipal.com.ar\/argentina\/wp-content\/uploads\/2014\/03\/Visita-obras-sanitarias-2012_2-300x196.jpg 300w\" sizes=\"auto, (max-width: 650px) 100vw, 650px\" \/><\/a><\/p>\n<p>Los intendentes de Paran\u00e1, Blanca Osuna; de Diamante, Claudia Gieco; de Oro Verde, Jos\u00e9 Luis Dum\u00e9; y el concejal de Ram\u00edrez, Daniel Devans, lanzaron ayer el inicio de un nuevo ciclo de la Tecnicatura en Gesti\u00f3n y Administraci\u00f3n P\u00fablica, que se dicta en la Universidad Nacional de Entre R\u00edos (UNER), abierta a trabajadores municipales, a estatales de otros \u00e1mbitos, y tambi\u00e9n a estudiantes en general.<\/p>\n<p>Unos 240 interesados comienzan este a\u00f1o a cursar la Tecnicatura en Gesti\u00f3n y Administraci\u00f3n P\u00fablica, que se dicta en la Facultad de Ciencias Econ\u00f3micas de la UNER. La carrera comenz\u00f3 a dictarse en agosto del a\u00f1o pasado, para una primera cohorte, a partir de un convenio que involucr\u00f3 a la casa de altos estudios, el municipio de la capital entrerriana y el Ministerio de Educaci\u00f3n de la Naci\u00f3n.<\/p>\n<p>La ceremonia se desarroll\u00f3 ayer por tarde en el sal\u00f3n de actos de la Facultad de Ciencias Econ\u00f3micas y fue encabezada por el decano de esa unidad acad\u00e9mica, Andr\u00e9s Sabella. Tambi\u00e9n particip\u00f3 del acto el secretario de Hacienda de la Municipalidad de Paran\u00e1, Sergio Granetto, quien adem\u00e1s es docente de la Facultad.<\/p>\n<p>El nuevo ciclo de esta carrera de grado ya se puso en marcha durante febrero con el inicio del dictado de la instancia de ingreso. El pr\u00f3ximo lunes 17 de marzo comenzar\u00e1n las clases del plan de estudios de la carrera propiamente dicha.<\/p>\n<p>La Tecnicatura en Gesti\u00f3n y Administraci\u00f3n P\u00fablica se dicta con la modalidad presencial, con clases tres d\u00edas a la semana, y tiene una duraci\u00f3n total de dos a\u00f1os y medio (cinco cuatrimestres).<\/p>\n<p>\u201cEsta propuesta naci\u00f3 a partir de la inquietud de la Facultad de acercarse al medio y de sentirnos que como universidad p\u00fablica intentamos responder a las necesidades de la regi\u00f3n\u201d, resalt\u00f3 el decano de la Facultad, Andr\u00e9s Sabella, al abrir la ceremonia.<\/p>\n<p>Sabella resalt\u00f3 que la propuesta acad\u00e9mica est\u00e1 principalmente destinada \u201cpara quienes se desempe\u00f1an en el \u00e1mbito p\u00fablico\u201d y que tiene la finalidad de \u201cque les sirva en su actividad laboral cotidiana\u201d.<\/p>\n<p>\u201cDesde la Facultad trabajamos fuertemente con el cuerpo de docentes. Una vez elaborada la propuesta acad\u00e9mica, fue puesta a consideraci\u00f3n de funcionarios de la provincia y de la Municipalidad. Nuestra idea era lanzar la carrera en 2014, pero por el gran inter\u00e9s que se despert\u00f3 anticipamos la oferta y en 2013 concretamos una primera cohorte\u201d, se\u00f1al\u00f3 el decano.<\/p>\n<p>Sabella agradeci\u00f3 la presencia de los intendentes en el acto de lanzamiento y del apoyo del Ministerio de Educaci\u00f3n.<\/p>\n<h3>IMPORTANCIA<\/h3>\n<p>La intendenta de Paran\u00e1, Blanca Osuna, valor\u00f3 el esfuerzo de los trabajadores municipales que se inician en esta formaci\u00f3n.<br \/>\n\u201cTiene un alto nivel de exigencia en lo personal tener que estudiar, trabajar y atender todas las demandas cotidianas. Hacer un momento para el estudio, exigirse, es uno de los m\u00e1s importantes desaf\u00edos\u201d, destac\u00f3.<\/p>\n<p>En el mismo sentido, la jefa comunal afirm\u00f3 que \u201cel resultado de una persona que estudia y trabaja, nos hace mejores municipales, servidores p\u00fablicos y le da contenido a esta cercan\u00eda de la Universidad con la demanda de la comunidad\u201d.<\/p>\n<p>\u201cCuando asumimos nuestra gesti\u00f3n tuvimos dificultades muy serias. No todo se ha solucionado. Pero lo que contribuy\u00f3 es poder abrir la puerta al perfeccionamiento, la formaci\u00f3n, la capacitaci\u00f3n\u201d, dijo. Luego agreg\u00f3: \u201cCuando planteamos la terminaci\u00f3n del estudio primario, secundario, parec\u00eda algo inalcanzable, que a nadie le iba interesar. Pero la respuesta fue todo lo contrario. Y en este caso, hab\u00eda m\u00e1s interesados que el cupo que permit\u00eda la Universidad\u201d.<\/p>\n<p>Por su parte, la intendenta de Diamante, Claudia Gieco, y de Oro Verde, Jos\u00e9 Luis Dum\u00e9, agradecieron la convocatoria que recibieron y manifestaron su apoyo al dictado de esta nueva carrera. Gieco se dirigi\u00f3 a los trabajadores presentes y destac\u00f3 que \u201chaber decidido estudiar en otra etapa de la vida es muy bueno. Para ustedes y para las instituciones, es una posibilidad de crecimiento en lo personal profesional y laboral, que les va a dar la posibilidad de ascenso dentro de la carrera administrativa\u201d.<\/p>\n<p>Dum\u00e9, por su parte, valor\u00f3 \u201cque la Universidad se haga eco de la demanda de la poblaci\u00f3n\u201d.<\/p>\n<h6>Fuente: El Diario (Parana)<\/h6>\n","protected":false},"excerpt":{"rendered":"<p>Los intendentes de Paran\u00e1, Blanca Osuna; de Diamante, Claudia Gieco; de Oro Verde, Jos\u00e9 Luis Dum\u00e9; y el concejal de Ram\u00edrez, Daniel Devans, lanzaron ayer el inicio de un nuevo ciclo de la Tecnicatura en Gesti\u00f3n y Administraci\u00f3n P\u00fablica, que se dicta en la Universidad Nacional de Entre R\u00edos (UNER), abierta a trabajadores municipales, a<\/p>\n","protected":false},"author":2,"featured_media":3319,"comment_status":"closed","ping_status":"closed","sticky":false,"template":"","format":"standard","meta":{"footnotes":""},"categories":[2],"tags":[17],"class_list":["post-3307","post","type-post","status-publish","format-standard","has-post-thumbnail","hentry","category-informe-municipal","tag-entre-rios"],"_links":{"self":[{"href":"http:\/\/argentinamunicipal.com.ar\/argentina\/wp-json\/wp\/v2\/posts\/3307","targetHints":{"allow":["GET"]}}],"collection":[{"href":"http:\/\/argentinamunicipal.com.ar\/argentina\/wp-json\/wp\/v2\/posts"}],"about":[{"href":"http:\/\/argentinamunicipal.com.ar\/argentina\/wp-json\/wp\/v2\/types\/post"}],"author":[{"embeddable":true,"href":"http:\/\/argentinamunicipal.com.ar\/argentina\/wp-json\/wp\/v2\/users\/2"}],"replies":[{"embeddable":true,"href":"http:\/\/argentinamunicipal.com.ar\/argentina\/wp-json\/wp\/v2\/comments?post=3307"}],"version-history":[{"count":0,"href":"http:\/\/argentinamunicipal.com.ar\/argentina\/wp-json\/wp\/v2\/posts\/3307\/revisions"}],"wp:featuredmedia":[{"embeddable":true,"href":"http:\/\/argentinamunicipal.com.ar\/argentina\/wp-json\/wp\/v2\/media\/3319"}],"wp:attachment":[{"href":"http:\/\/argentinamunicipal.com.ar\/argentina\/wp-json\/wp\/v2\/media?parent=3307"}],"wp:term":[{"taxonomy":"category","embeddable":true,"href":"http:\/\/argentinamunicipal.com.ar\/argentina\/wp-json\/wp\/v2\/categories?post=3307"},{"taxonomy":"post_tag","embeddable":true,"href":"http:\/\/argentinamunicipal.com.ar\/argentina\/wp-json\/wp\/v2\/tags?post=3307"}],"curies":[{"name":"wp","href":"https:\/\/api.w.org\/{rel}","templated":true}]}}