{"id":33098,"date":"2015-07-15T08:24:22","date_gmt":"2015-07-15T11:24:22","guid":{"rendered":"http:\/\/argentinamunicipal.com.ar\/argentina\/?p=33098"},"modified":"2015-07-24T11:26:38","modified_gmt":"2015-07-24T14:26:38","slug":"2000-jovenes-entrerrianos-recibieron-herramientas-de-trabajo-para-desarrollar-emprendimientos","status":"publish","type":"post","link":"http:\/\/argentinamunicipal.com.ar\/argentina\/2000-jovenes-entrerrianos-recibieron-herramientas-de-trabajo-para-desarrollar-emprendimientos\/","title":{"rendered":"2000 j\u00f3venes entrerrianos recibieron herramientas de trabajo para desarrollar emprendimientos"},"content":{"rendered":"<p><a href=\"http:\/\/argentinamunicipal.com.ar\/argentina\/wp-content\/uploads\/2015\/07\/actopre.jpg_973718260.jpg\"><img loading=\"lazy\" decoding=\"async\" class=\"aligncenter  wp-image-33099\" src=\"http:\/\/argentinamunicipal.com.ar\/argentina\/wp-content\/uploads\/2015\/07\/actopre.jpg_973718260.jpg\" alt=\"actopre.jpg_973718260\" width=\"696\" height=\"485\" srcset=\"http:\/\/argentinamunicipal.com.ar\/argentina\/wp-content\/uploads\/2015\/07\/actopre.jpg_973718260.jpg 789w, http:\/\/argentinamunicipal.com.ar\/argentina\/wp-content\/uploads\/2015\/07\/actopre.jpg_973718260-300x209.jpg 300w\" sizes=\"auto, (max-width: 696px) 100vw, 696px\" \/><\/a><br \/>\nEl gobernador Sergio Urribarri y la intendenta Blanca Osuna entregaron hoy \u00a0los insumos a j\u00f3venes que se capacitaron durante cuatro meses para desarrollar microemprendimientos. Fue en un encuentro que se realiz\u00f3 en el Club Echag\u00fce de la capital entrerriana. Los acompa\u00f1aron vicegobernador Jos\u00e9 C\u00e1ceres, el candidato a gobernador por el FpV, Gustavo Bordet y el ministro de Desarrollo Social, Carlos Ramos.<\/p>\n<p>La maquinaria (m\u00e1s de 6500 herramientas) se destin\u00f3 1.800 j\u00f3venes entre 18 y 35 a\u00f1os, y en situaci\u00f3n de vulnerabilidad social, inscriptos en el programa Crecer que genera autoempleo mediante capacitaciones y emprendimientos juveniles.<\/p>\n<p>Los beneficiarios asistieron a talleres y capacitaciones obligatorias con una asignaci\u00f3n est\u00edmulo durante cuatro meses y este martes recibieron herramientas para emprender un proyecto personal sustentable. Los rubros van desde construcci\u00f3n, mec\u00e1nica, metal\u00fargica, textil, carpinter\u00eda, jardiner\u00eda, lavadero automotor, docencia, entretenimiento, imprenta, fotograf\u00eda, gastronom\u00eda, inform\u00e1tica, est\u00e9tica y peluquer\u00eda.<\/p>\n<p>\u201cNo hay otra provincia que tenga, como tenemos los entrerrianos, un programa como el que hoy estamos protagonizando\u201d, enfatiz\u00f3 Urribarri. \u201cMuchos de los j\u00f3venes nos dec\u00edan \u2018muchas gracias gobernador\u2019 y la verdad es que no tienen nada que agradecer. Esto es para nosotros esto es una bendici\u00f3n\u201d, afirm\u00f3 Urribarri al tiempo que indic\u00f3: \u201cpoder estar entreg\u00e1ndoles a ustedes herramientas, maquinarias, de distintos tipos para diferentes oficios es verdaderamente una oportunidad que muy poco gobernantes del pa\u00eds la tienen\u201d.<\/p>\n<p>\u201cNo tengo la m\u00e1s m\u00ednima duda que en un casi 100 por ciento han sido exitosos los proyectos. Nuestra obligaci\u00f3n como gobernantes es buscar las herramientas para que ustedes puedan encontrarle la vuelta a la vida, que puedan aprender, crecer y emprender\u201d, destac\u00f3 frente a una multitud de j\u00f3venes.<\/p>\n<p>Por \u00faltimo, Urribarri dese\u00f3 \u201cde coraz\u00f3n todo el \u00e9xito y como un entrerriano como ustedes, que no le fue para nada f\u00e1cil la vida, hijo de un padre ferroviario, de una maestra rural, que le pele\u00f3 a la vida y hoy, humildemente, se siente uno m\u00e1s gobernando esta provincia y dejando la posta para que miles de entrerrianos, como ustedes, puedan tener \u00e9xito en la vida\u201d.<\/p>\n<p><strong>Camino seguro\u00a0<\/strong><\/p>\n<p>\u201cUno tiene la certeza de que efectivamente cuando se definen pol\u00edticas activas a favor del trabajo se est\u00e1 ofreciendo un camino seguro, con absoluta certeza de que la dignidad est\u00e1 m\u00e1s cerca. Esto que nosotros llamamos acceder a los derechos significa justamente eso, un trabajo da posibilidades a partir de un ingreso a la salud, a la educaci\u00f3n, a la vivienda, a la alegr\u00eda de poder disfrutar de los proyectos, de poder hacerlos realidad\u201d, destac\u00f3, durante el acto, la intendenta de Paran\u00e1, Blanca Osuna.<\/p>\n<p>En ese contexto, se\u00f1al\u00f3 que \u201ccuando estamos planteando que tenemos en mano herramientas de trabajo, el ejercicio que tenemos que hacer es vincular esas herramientas concretas con una definici\u00f3n de presente y futuro con un gobierno nacional y provincial que tienen muy claro las metas de que gobernar significa generar trabajo y de que tener herramientas materiales es el paso concreto para ir en ese camino\u201d.<\/p>\n<p>\u201cEstos proyectos tratan de generar el camino m\u00e1s corto, m\u00e1s efectivo, m\u00e1s concreto en el sentido no solamente f\u00edsico sino en el sentido que significa hacer crecer una ciudad, hacer crecer una provincia, hacer patria, eso es generar trabajo y este programa Crecer da esa oportunidad\u201d, reafirm\u00f3 la jefa comunal.<\/p>\n<p><strong>Un Estado que piensa en los j\u00f3venes<\/strong><\/p>\n<p>El ministro de Desarrollo Social , Carlos Ramos, se refiri\u00f3 al programa como un \u201cEstado presente que cree en los j\u00f3venes\u201d, afirmando que la innovadora iniciativa \u201capunta a que nuestros j\u00f3venes crean en ellos mismos y en su capacidad de construir, desde el presente, un gran futuro\u201d.<\/p>\n<p>Ramos agreg\u00f3 que la gesti\u00f3n de Sergio Urribarri \u201csiempre ha confiado en los j\u00f3venes. Este es el momento en el que ellos deben demostrar que creen en ellos como lo hacemos nosotros. Este programa es el resultado de la confianza que el Gobernador tiene en los j\u00f3venes entrerrianos\u201d.<\/p>\n<p>Ramos record\u00f3 que en diciembre del a\u00f1o pasado \u201cterminaban de cursar la primera edici\u00f3n del programa los mil pibes que recib\u00edan sus maquinarias para poder concretar lo que hab\u00edan dise\u00f1ado durante esos cuatro meses. Ah\u00ed Sergio Urribarri redobl\u00f3 la apuesta y nos llam\u00f3 a duplicar la cantidad de j\u00f3venes que accedan al Crecer. Lo logramos, y hoy unos 1.800 chicos pueden cumplir su sue\u00f1o\u201d.<\/p>\n<p>El funcionario afirm\u00f3 que hoy \u201cconcluye una etapa, la del cursado e inmediatamente comienza una segunda que los tiene como protagonistas a los j\u00f3venes y es nada m\u00e1s y nada menos que poner en funcionamiento sus emprendimientos\u201d.<\/p>\n<p><strong>Pol\u00edticas integradoras\u00a0<\/strong><\/p>\n<p>Una de las egresadas del programa Crecer fue Laura Rodr\u00edguez, quien present\u00f3 un proyecto gastron\u00f3mico. \u201cEl programa Crecer nos ense\u00f1o mucho, nos ense\u00f1\u00f3 como desenvolvernos, nos ense\u00f1\u00f3 que hab\u00eda muchas m\u00e1s capacidades en nosotros de lo que cre\u00edamos\u201d, resalt\u00f3.<\/p>\n<p>Luego record\u00f3 que \u201ccuando fui a vivir a Concordia con mis pap\u00e1s, con otras pol\u00edticas la pasamos muy mal y ahora ver que estas pol\u00edticas integradoras est\u00e1n integrando a toda la ciudad, al que menos tiene, es una satisfacci\u00f3n muy grande\u201d.<\/p>\n<p>Por otro lado, Mauro Moreno present\u00f3 un proyecto gr\u00e1fico y durante el acto expres\u00f3 que \u201cCrecer me pareci\u00f3 un salto cualitativo y cuantitativo en mi proyecto\u201d.<\/p>\n<p>\u201cAprendimos no s\u00f3lo a valorar el proyecto que ten\u00edamos, a trabajar en equipo, a confiar en el otro\u201d, coment\u00f3 y agradeci\u00f3 \u201cla oportunidad que le dan a los j\u00f3venes de encarar su propio proyecto y darle para adelante. Ahora el desaf\u00edo es nuestro. El Estado sigue presente con un mont\u00f3n de proyecto\u201d, asever\u00f3.<\/p>\n<h6>Fuente: Uno, Entre R\u00edos<\/h6>\n","protected":false},"excerpt":{"rendered":"<p>El gobernador Sergio Urribarri y la intendenta Blanca Osuna entregaron hoy  los insumos a j\u00f3venes que se capacitaron durante cuatro meses para desarrollar microemprendimientos. <\/p>\n","protected":false},"author":2,"featured_media":33099,"comment_status":"closed","ping_status":"closed","sticky":false,"template":"","format":"standard","meta":{"footnotes":""},"categories":[2],"tags":[17],"class_list":["post-33098","post","type-post","status-publish","format-standard","has-post-thumbnail","hentry","category-informe-municipal","tag-entre-rios"],"_links":{"self":[{"href":"http:\/\/argentinamunicipal.com.ar\/argentina\/wp-json\/wp\/v2\/posts\/33098","targetHints":{"allow":["GET"]}}],"collection":[{"href":"http:\/\/argentinamunicipal.com.ar\/argentina\/wp-json\/wp\/v2\/posts"}],"about":[{"href":"http:\/\/argentinamunicipal.com.ar\/argentina\/wp-json\/wp\/v2\/types\/post"}],"author":[{"embeddable":true,"href":"http:\/\/argentinamunicipal.com.ar\/argentina\/wp-json\/wp\/v2\/users\/2"}],"replies":[{"embeddable":true,"href":"http:\/\/argentinamunicipal.com.ar\/argentina\/wp-json\/wp\/v2\/comments?post=33098"}],"version-history":[{"count":0,"href":"http:\/\/argentinamunicipal.com.ar\/argentina\/wp-json\/wp\/v2\/posts\/33098\/revisions"}],"wp:featuredmedia":[{"embeddable":true,"href":"http:\/\/argentinamunicipal.com.ar\/argentina\/wp-json\/wp\/v2\/media\/33099"}],"wp:attachment":[{"href":"http:\/\/argentinamunicipal.com.ar\/argentina\/wp-json\/wp\/v2\/media?parent=33098"}],"wp:term":[{"taxonomy":"category","embeddable":true,"href":"http:\/\/argentinamunicipal.com.ar\/argentina\/wp-json\/wp\/v2\/categories?post=33098"},{"taxonomy":"post_tag","embeddable":true,"href":"http:\/\/argentinamunicipal.com.ar\/argentina\/wp-json\/wp\/v2\/tags?post=33098"}],"curies":[{"name":"wp","href":"https:\/\/api.w.org\/{rel}","templated":true}]}}