{"id":33152,"date":"2015-07-16T09:31:23","date_gmt":"2015-07-16T12:31:23","guid":{"rendered":"http:\/\/argentinamunicipal.com.ar\/argentina\/?p=33152"},"modified":"2015-07-16T09:31:23","modified_gmt":"2015-07-16T12:31:23","slug":"ya-no-podran-circular-mosquitos-por-el-ejido-urbano-de-monte-maiz","status":"publish","type":"post","link":"http:\/\/argentinamunicipal.com.ar\/argentina\/ya-no-podran-circular-mosquitos-por-el-ejido-urbano-de-monte-maiz\/","title":{"rendered":"Ya no podr\u00e1n circular \u201cmosquitos\u201d por el ejido urbano de Monte Ma\u00edz"},"content":{"rendered":"<div id=\"attachment_33153\" style=\"width: 687px\" class=\"wp-caption aligncenter\"><a href=\"http:\/\/argentinamunicipal.com.ar\/argentina\/wp-content\/uploads\/2015\/07\/210345_img.jpg\"><img loading=\"lazy\" decoding=\"async\" aria-describedby=\"caption-attachment-33153\" class=\" wp-image-33153\" src=\"http:\/\/argentinamunicipal.com.ar\/argentina\/wp-content\/uploads\/2015\/07\/210345_img.jpg\" alt=\"Adem\u00e1s, se prohibi\u00f3 la aplicaci\u00f3n de plaguicidas, herbicidas, fungicidas, fertilizantes e inoculantes en los bald\u00edos, plazas y parques.\" width=\"677\" height=\"406\" srcset=\"http:\/\/argentinamunicipal.com.ar\/argentina\/wp-content\/uploads\/2015\/07\/210345_img.jpg 870w, http:\/\/argentinamunicipal.com.ar\/argentina\/wp-content\/uploads\/2015\/07\/210345_img-300x180.jpg 300w\" sizes=\"auto, (max-width: 677px) 100vw, 677px\" \/><\/a><p id=\"caption-attachment-33153\" class=\"wp-caption-text\">Adem\u00e1s, se prohibi\u00f3 la aplicaci\u00f3n de plaguicidas, herbicidas, fungicidas, fertilizantes e inoculantes en los bald\u00edos, plazas y parques.<\/p><\/div>\n<p>En el marco del tratamiento de la ordenanza que regula el uso de agroqu\u00edmicos en esa localidad, el Concejo Deliberante prohibi\u00f3 la limpieza, ingreso, estacionamiento, tr\u00e1nsito y guarda de maquinarias y equipos utilizados para la aplicaci\u00f3n de productos qu\u00edmicos o biol\u00f3gicos de uso agropecuario.<\/p>\n<p>En la noche del martes, el Concejo Deliberante de Monte Ma\u00edz continu\u00f3 con el tratamiento de la ordenanza que regula el uso de agroqu\u00edmicos en la localidad. En ese sentido, se votaron por mayor\u00eda nueve art\u00edculos m\u00e1s de los 28 que integran el Proyecto de Ordenanza elevado por la Red de Prevenci\u00f3n en Salud.<\/p>\n<p>Entre los art\u00edculos aprobados, se enumera la prohibici\u00f3n dentro de la \u00abplanta urbana\u201d y la \u201czona de resguardo ambiental\u201d, la limpieza, el ingreso, estacionamiento, tr\u00e1nsito y guarda de todo tipo de maquinarias y equipos utilizados para la aplicaci\u00f3n de productos qu\u00edmicos o biol\u00f3gicos, de uso agropecuario.<\/p>\n<p>Tampoco se permitir\u00e1 dentro de la zona de resguardo ambiental \u201cel descarte o abandono de envases de cualquier producto qu\u00edmico o biol\u00f3gico y de cualquier otro elemento usado en fumigaciones o fertilizaciones\u201d, ni la aplicaci\u00f3n de cualquier tipo de plaguicidas, herbicidas, fungicidas, fertilizantes, inoculantes, aditivos o coadyuvantes, en bald\u00edos, cunetas, veredas, plazas y parques dentro de la planta urbana.<\/p>\n<p>Asimismo, entre los art\u00edculos aprobados se determina que ser\u00e1 el Organismo de Aplicaci\u00f3n de la Ordenanza, la Secretar\u00eda de Medio Ambiente Municipal, el cual deber\u00e1 contar con \u201cla supervisi\u00f3n de un profesional ingeniero agr\u00f3nomo habilitado como asesor fitosanitario y contar\u00e1 adem\u00e1s, con el auxilio de dos inspectores municipales\u201d. En este sentido, se permite a toda persona \u201cdenunciar en forma escrita o verbal, la violaci\u00f3n o infracci\u00f3n\u201d a las disposiciones contenidas en la ordenanza.<\/p>\n<p>Cabe recordar que la semana pasada se hab\u00edan aprobado los primeros seis art\u00edculos del proyecto de ordenanza en el que se creaba la \u00abzona de resguardo ambiental\u201d de hasta un radio de 800 metros como m\u00e1ximo de la zona urbana, en la cual se proh\u00edbe la utilizaci\u00f3n en toda forma, de cualquier tipo de producto qu\u00edmico o biol\u00f3gico de uso agropecuario destinado a la pulverizaci\u00f3n o a la fertilizaci\u00f3n agr\u00edcola. Adem\u00e1s, las fumigaciones terrestres se autorizar\u00e1n hasta el l\u00edmite de los 1.000 y las aplicaciones a\u00e9reas hasta un radio de 2.000 metros a partir de esa zona de resguardo ambiental.<\/p>\n<p>A\u00fan resta tratar el pedido de reubicaci\u00f3n de los dep\u00f3sitos y locales de venta de agroqu\u00edmicos fuera del ejido municipal (punto que posiblemente sea votado la semana pr\u00f3xima), as\u00ed como tambi\u00e9n la creaci\u00f3n de una comisi\u00f3n multidisciplinaria que elabore un plan de acci\u00f3n para la reubicaci\u00f3n de galpones y silos.<\/p>\n<p>Ariel Nervo, uno de los miembros de la Red de Prevenci\u00f3n, explic\u00f3 adem\u00e1s a LA MA\u00d1ANA que en la sesi\u00f3n del martes, llam\u00f3 la atenci\u00f3n un cambio de actitud de la concejala Susana Turletti \u201cque se retract\u00f3 del voto que hab\u00eda tenido la semana pasada y que anunci\u00f3 que se absten\u00eda de ahora en m\u00e1s a votar el resto del articulado del proyecto\u201d.<\/p>\n<h6>Fuente: La Ma\u00f1ana de C\u00f3rdoba<\/h6>\n","protected":false},"excerpt":{"rendered":"<p>En el marco del tratamiento de la ordenanza que regula el uso de agroqu\u00edmicos en esa localidad, el Concejo Deliberante prohibi\u00f3 la limpieza, ingreso, estacionamiento, tr\u00e1nsito y guarda de maquinarias y equipos utilizados para la aplicaci\u00f3n de productos qu\u00edmicos o biol\u00f3gicos de uso agropecuario. En la noche del martes, el Concejo Deliberante de Monte Ma\u00edz<\/p>\n","protected":false},"author":2,"featured_media":33153,"comment_status":"closed","ping_status":"closed","sticky":false,"template":"","format":"standard","meta":{"footnotes":""},"categories":[2],"tags":[3],"class_list":["post-33152","post","type-post","status-publish","format-standard","has-post-thumbnail","hentry","category-informe-municipal","tag-cordoba"],"_links":{"self":[{"href":"http:\/\/argentinamunicipal.com.ar\/argentina\/wp-json\/wp\/v2\/posts\/33152","targetHints":{"allow":["GET"]}}],"collection":[{"href":"http:\/\/argentinamunicipal.com.ar\/argentina\/wp-json\/wp\/v2\/posts"}],"about":[{"href":"http:\/\/argentinamunicipal.com.ar\/argentina\/wp-json\/wp\/v2\/types\/post"}],"author":[{"embeddable":true,"href":"http:\/\/argentinamunicipal.com.ar\/argentina\/wp-json\/wp\/v2\/users\/2"}],"replies":[{"embeddable":true,"href":"http:\/\/argentinamunicipal.com.ar\/argentina\/wp-json\/wp\/v2\/comments?post=33152"}],"version-history":[{"count":0,"href":"http:\/\/argentinamunicipal.com.ar\/argentina\/wp-json\/wp\/v2\/posts\/33152\/revisions"}],"wp:featuredmedia":[{"embeddable":true,"href":"http:\/\/argentinamunicipal.com.ar\/argentina\/wp-json\/wp\/v2\/media\/33153"}],"wp:attachment":[{"href":"http:\/\/argentinamunicipal.com.ar\/argentina\/wp-json\/wp\/v2\/media?parent=33152"}],"wp:term":[{"taxonomy":"category","embeddable":true,"href":"http:\/\/argentinamunicipal.com.ar\/argentina\/wp-json\/wp\/v2\/categories?post=33152"},{"taxonomy":"post_tag","embeddable":true,"href":"http:\/\/argentinamunicipal.com.ar\/argentina\/wp-json\/wp\/v2\/tags?post=33152"}],"curies":[{"name":"wp","href":"https:\/\/api.w.org\/{rel}","templated":true}]}}