{"id":33195,"date":"2015-07-16T10:27:15","date_gmt":"2015-07-16T13:27:15","guid":{"rendered":"http:\/\/argentinamunicipal.com.ar\/argentina\/?p=33195"},"modified":"2015-07-16T10:27:15","modified_gmt":"2015-07-16T13:27:15","slug":"se-inauguraron-viviendas-rurales-en-el-departamento-nogoya","status":"publish","type":"post","link":"http:\/\/argentinamunicipal.com.ar\/argentina\/se-inauguraron-viviendas-rurales-en-el-departamento-nogoya\/","title":{"rendered":"Se inauguraron viviendas rurales en el departamento Nogoy\u00e1"},"content":{"rendered":"<p><a href=\"http:\/\/argentinamunicipal.com.ar\/argentina\/wp-content\/uploads\/2015\/07\/Vivienda_Rural.jpg\"><img loading=\"lazy\" decoding=\"async\" class=\"aligncenter size-full wp-image-33196\" src=\"http:\/\/argentinamunicipal.com.ar\/argentina\/wp-content\/uploads\/2015\/07\/Vivienda_Rural.jpg\" alt=\"Vivienda_Rural\" width=\"530\" height=\"306\" srcset=\"http:\/\/argentinamunicipal.com.ar\/argentina\/wp-content\/uploads\/2015\/07\/Vivienda_Rural.jpg 530w, http:\/\/argentinamunicipal.com.ar\/argentina\/wp-content\/uploads\/2015\/07\/Vivienda_Rural-300x173.jpg 300w\" sizes=\"auto, (max-width: 530px) 100vw, 530px\" \/><\/a><\/p>\n<p>En el departamento Nogoy\u00e1 fueron inauguradas 25 viviendas correspondientes al Programa Federal de Viviendas de Pueblos Originarios y Rurales \u2022 En total son 29 las ejecutadas en ese marco y se ubican cinco en Betbeder, siete en Crucesita Octava, tres en Don Crist\u00f3bal 1\u00ba, cinco en Gobernador Febre, cuatro en Urquiza-Crucesita 7ma y cinco en XX de Septiembre, con una inversi\u00f3n de 9,5 millones de pesos<\/p>\n<p>Adem\u00e1s se entregaron aportes y se realiz\u00f3 la firma de convenios para obras de infraestructura rural por m\u00e1s de 6,5 millones de pesos.<\/p>\n<p>El acto tuvo lugar en Betbeder, del departamento Nogoy\u00e1, y estuvo encabezado por el ministro de Planeamiento, Infraestructura y Servicios, Juan Javier Garc\u00eda; el coordinador de la Unidad Ejecutora de Programas Especiales (UEPE), Daniel Irigoyen; el presidente del Consorcio del Departamento Nogoy\u00e1, Carlos Ostorero; el intendente de Nogoy\u00e1, Daniel Pav\u00f3n; el diputado provincial Jos\u00e9 Allende; el presidente de la Junta de Gobierno de Betbeder, Emanuel Ferreras, y la subdirectora de Juntas de Gobierno, Graciela Weiss.<\/p>\n<p>\u201cHemos estado con Daniel Irigoyen recorriendo la provincia, asumiendo el desaf\u00edo que nos propuso hace un tiempo el gobernador Urribarri de llevar adelante este programa, y viendo este resultado nos llena de satisfacci\u00f3n y nos compromete a\u00fan m\u00e1s para seguir transformando la provincia\u201d, dijo el ministro Garc\u00eda.<\/p>\n<p>Adem\u00e1s, sostuvo: \u201cEsto se lo debemos especialmente a Sergio Daniel Urribarri, y este presente seguramente se va a extender en el tiempo por eso les pedimos que nos sigan acompa\u00f1ando. Por eso los agradecidos somos nosotros porque ustedes confiaron y gracias a esa confianza podemos cortar una cinta, podemos juntarnos en familia a disfrutar este momento y pedirles por \u00faltimo a seguir trabajando juntos, seguir acompa\u00f1ando este proyecto\u00bb.<\/p>\n<p>En tanto, el diputado Allende afirm\u00f3 que \u00aben esta provincia esto es un hecho hist\u00f3rico. Esto es posible porque tenemos un proyecto nacional, provincial y local donde nos unimos todos. Hay que rescatar cuando tenemos gobernantes que tienen este concepto de la pol\u00edtica, donde la pol\u00edtica es para transformar y hacer que los sue\u00f1os de muchos sean posibles\u00bb.<\/p>\n<p>Por su parte, Irigoyen dijo: \u201cEstoy muy orgulloso del programa que llevamos adelante, por lo que est\u00e1n haciendo los gobiernos nacional y provincial. La provincia de Entre Rios es pionera en el Programa de Viviendas Rurales, comenzamos cuando a\u00fan no estaba reglamentada y viendo los resultados nos llaman de todo el pa\u00eds para ver c\u00f3mo se hace, c\u00f3mo es el sistema de Consorcio. Porque si algo quiero rescatar hoy es la labor de los Consorcios Rurales, porque es una labor ad honorem de gente que trabaja por su territorio\u201d.<\/p>\n<p>Luego destac\u00f3 el rol de las cooperativas \u201cque han construido estas viviendas\u201d, y al finalizar manifest\u00f3 que \u201cel gobernador nos propuso en el a\u00f1o 2013 construir 6.000 viviendas en toda la provincia, y vamos a terminar superando el desaf\u00edo haciendo casi 8.300 viviendas\u201d.<\/p>\n<p>Asimismo, el Consorcio est\u00e1 ejecutando actualmente 47 nuevas viviendas por un monto de inversi\u00f3n de 25 millones de pesos (ubicadas en San Miguel-3-, Betbeder -3-, Crucesita Octava -5-, Chiquero -3-, Don Crist\u00f3bal 1\u00ba -11-, Don Cristobal 2\u00ba -2-, Gobernador Febre -4-, Urquiza-Crucesita 7ma -7-, Sauce -5- y XX de Septiembre -4-).<\/p>\n<p>Se entregaron aportes provinciales para el Consorcio por 250.000 pesos y se firm\u00f3 el convenio de Infraestructura Rural para casi 3 km de ripio, 10.511 mts de l\u00ednea de media tensi\u00f3n y 23 transformadores de un monto total de inversi\u00f3n de 6,5 millones de pesos.<\/p>\n<h6>Fuente: APF Digital<\/h6>\n","protected":false},"excerpt":{"rendered":"<p>En el departamento Nogoy\u00e1 fueron inauguradas 25 viviendas correspondientes al Programa Federal de Viviendas de Pueblos Originarios y Rurales \u2022 En total son 29 las ejecutadas en ese marco y se ubican cinco en Betbeder, siete en Crucesita Octava, tres en Don Crist\u00f3bal 1\u00ba, cinco en Gobernador Febre, cuatro en Urquiza-Crucesita 7ma y cinco en<\/p>\n","protected":false},"author":2,"featured_media":33196,"comment_status":"closed","ping_status":"closed","sticky":false,"template":"","format":"standard","meta":{"footnotes":""},"categories":[2],"tags":[17],"class_list":["post-33195","post","type-post","status-publish","format-standard","has-post-thumbnail","hentry","category-informe-municipal","tag-entre-rios"],"_links":{"self":[{"href":"http:\/\/argentinamunicipal.com.ar\/argentina\/wp-json\/wp\/v2\/posts\/33195","targetHints":{"allow":["GET"]}}],"collection":[{"href":"http:\/\/argentinamunicipal.com.ar\/argentina\/wp-json\/wp\/v2\/posts"}],"about":[{"href":"http:\/\/argentinamunicipal.com.ar\/argentina\/wp-json\/wp\/v2\/types\/post"}],"author":[{"embeddable":true,"href":"http:\/\/argentinamunicipal.com.ar\/argentina\/wp-json\/wp\/v2\/users\/2"}],"replies":[{"embeddable":true,"href":"http:\/\/argentinamunicipal.com.ar\/argentina\/wp-json\/wp\/v2\/comments?post=33195"}],"version-history":[{"count":0,"href":"http:\/\/argentinamunicipal.com.ar\/argentina\/wp-json\/wp\/v2\/posts\/33195\/revisions"}],"wp:featuredmedia":[{"embeddable":true,"href":"http:\/\/argentinamunicipal.com.ar\/argentina\/wp-json\/wp\/v2\/media\/33196"}],"wp:attachment":[{"href":"http:\/\/argentinamunicipal.com.ar\/argentina\/wp-json\/wp\/v2\/media?parent=33195"}],"wp:term":[{"taxonomy":"category","embeddable":true,"href":"http:\/\/argentinamunicipal.com.ar\/argentina\/wp-json\/wp\/v2\/categories?post=33195"},{"taxonomy":"post_tag","embeddable":true,"href":"http:\/\/argentinamunicipal.com.ar\/argentina\/wp-json\/wp\/v2\/tags?post=33195"}],"curies":[{"name":"wp","href":"https:\/\/api.w.org\/{rel}","templated":true}]}}