{"id":33265,"date":"2015-07-17T09:27:25","date_gmt":"2015-07-17T12:27:25","guid":{"rendered":"http:\/\/argentinamunicipal.com.ar\/argentina\/?p=33265"},"modified":"2015-07-17T09:27:25","modified_gmt":"2015-07-17T12:27:25","slug":"construiran-en-rafaela-59-casas-con-el-plan-nacional-techo-digno","status":"publish","type":"post","link":"http:\/\/argentinamunicipal.com.ar\/argentina\/construiran-en-rafaela-59-casas-con-el-plan-nacional-techo-digno\/","title":{"rendered":"Construir\u00e1n en Rafaela\u00a059 casas con el plan nacional \u00abTecho Digno\u00bb"},"content":{"rendered":"<p><a href=\"http:\/\/argentinamunicipal.com.ar\/argentina\/wp-content\/uploads\/2015\/07\/viviendas.jpg\"><img loading=\"lazy\" decoding=\"async\" class=\"aligncenter  wp-image-33266\" src=\"http:\/\/argentinamunicipal.com.ar\/argentina\/wp-content\/uploads\/2015\/07\/viviendas.jpg\" alt=\"viviendas\" width=\"608\" height=\"395\" srcset=\"http:\/\/argentinamunicipal.com.ar\/argentina\/wp-content\/uploads\/2015\/07\/viviendas.jpg 800w, http:\/\/argentinamunicipal.com.ar\/argentina\/wp-content\/uploads\/2015\/07\/viviendas-300x195.jpg 300w\" sizes=\"auto, (max-width: 608px) 100vw, 608px\" \/><\/a><br \/>\nEstar\u00e1 encarado para sectores de mayor vulnerabilidad social. Ser\u00e1 el primero de otros programas con los cuales se les brindar\u00e1 soluciones habitacionales a la poblaci\u00f3n. Ya se cuenta con la factibilidad t\u00e9cnica, aunque a\u00fan no se firm\u00f3 el convenio. Resta, tambi\u00e9n terminar de detallar c\u00f3mo ser\u00e1 la convocatoria para inscribirse.<\/p>\n<p>La ciudad de Rafaela contar\u00e1 pr\u00f3ximamente con un plan nacional de viviendas destinadas a la poblaci\u00f3n de mayor vulnerabilidad social. En ese marco, se construir\u00e1n inicialmente 59 casas.<\/p>\n<p>La novedad surgi\u00f3 luego de conocerse uno de los temas que ser\u00e1n tratados en la pr\u00f3xima sesi\u00f3n extraordinaria a la cual fue ya convocada oficialmente por el intendente Luis Castellano para el pr\u00f3ximo martes a las 8. All\u00ed, se crear\u00e1 una Unidad Ejecutora Municipal, la cual ser\u00e1 la encargada de llevar adelante la selecci\u00f3n de los futuros beneficiarios, tanto de este como de otros planes.<\/p>\n<p>La futura Unidad Ejecutora estar\u00e1 al mando de Mariana Nizzo, la Secretar\u00eda de Desarrollo Urbano, Suelo y Viviendas de la Municipalidad. En di\u00e1logo con LA OPINION, la funcionaria indic\u00f3 que \u00abson programas y proyectos que vamos a trabajar sobre la vulnerabilidad. Se nos presentan muchas situaciones vinculadas a este tema\u00bb, indic\u00f3.<\/p>\n<p>En cuanto a la Unidad Ejecutora, expres\u00f3 que la postura del Gobierno Municipal es \u00abgenerar un marco global, avalado por el Concejo, para poder trabajar tranquilos en esta tem\u00e1tica tan sensible\u00bb.<\/p>\n<p>En referencia espec\u00edficamente a este plan de 59 viviendas, Nizzo indic\u00f3 que \u00abtenemos la factibilidad t\u00e9cnica aunque no est\u00e1 firmado el convenio. Cuando est\u00e9 esto listo, se podr\u00e1 armar la convocatoria para la futura inscripci\u00f3n\u00bb.<\/p>\n<p>Nizzo adelant\u00f3 a LA OPINION que adem\u00e1s de este \u00abhay otros programas tambi\u00e9n que llegar\u00e1n despu\u00e9s\u00bb y mencion\u00f3 la posibilidad de \u00abtrabajar sobre los asentamientos\u00bb.<\/p>\n<p>La llegada de estas viviendas hab\u00edan sido anunciadas hace un poco m\u00e1s de un a\u00f1o. El 19 de marzo de 2014, el gobernador Antonio Bonfatti se reuni\u00f3 con el ministro de Planificaci\u00f3n Federal e Infraestructura, Julio De Vido. En ese marco, se hab\u00eda anunciado la llegada de 5.000 viviendas para toda la Provincia, algunas de las cuales estaban destinadas para nuestra ciudad. \u00abYa se empez\u00f3 a trabajar en eso\u201d, dijo Bonfatti y detall\u00f3 las localidades beneficiadas: Rosario, Reconquista, Villa Gobernador G\u00e1lvez, Venado Tuerto, Santa Fe y nuestra localidad. Tambi\u00e9n se informaba que \u00abla provincia ofrece las tierras y el gobierno nacional aporta recursos\u00bb.<\/p>\n<p>De acuerdo a la cr\u00f3nica publicada por Rosario\/12 en su momento, estas viviendas de \u00abTecho Digno\u00bb tendr\u00edan unas dimensiones de 55 metros cuadrados y un costo (en 2014) de unos $ 250.000. Dicho de otra forma, una suma total de casi $ 15 millones. Con lo cual, si se actualiza este monto, la inversi\u00f3n del Gobierno Nacional en esta materia rondar\u00eda los $ 20 millones de pesos.<\/p>\n<p>Seguramente, a medida que pasen los d\u00edas se tendr\u00e1n mayores precisiones.<\/p>\n<h6>Fuente: La Opini\u00f3n.com<\/h6>\n","protected":false},"excerpt":{"rendered":"<p>Estar\u00e1 encarado para sectores de mayor vulnerabilidad social. Ser\u00e1 el primero de otros programas con los cuales se les brindar\u00e1 soluciones habitacionales a la poblaci\u00f3n. Ya se cuenta con la factibilidad t\u00e9cnica, aunque a\u00fan no se firm\u00f3 el convenio. Resta, tambi\u00e9n terminar de detallar c\u00f3mo ser\u00e1 la convocatoria para inscribirse. La ciudad de Rafaela contar\u00e1<\/p>\n","protected":false},"author":2,"featured_media":33266,"comment_status":"closed","ping_status":"closed","sticky":false,"template":"","format":"standard","meta":{"footnotes":""},"categories":[2],"tags":[10],"class_list":["post-33265","post","type-post","status-publish","format-standard","has-post-thumbnail","hentry","category-informe-municipal","tag-santa-fe"],"_links":{"self":[{"href":"http:\/\/argentinamunicipal.com.ar\/argentina\/wp-json\/wp\/v2\/posts\/33265","targetHints":{"allow":["GET"]}}],"collection":[{"href":"http:\/\/argentinamunicipal.com.ar\/argentina\/wp-json\/wp\/v2\/posts"}],"about":[{"href":"http:\/\/argentinamunicipal.com.ar\/argentina\/wp-json\/wp\/v2\/types\/post"}],"author":[{"embeddable":true,"href":"http:\/\/argentinamunicipal.com.ar\/argentina\/wp-json\/wp\/v2\/users\/2"}],"replies":[{"embeddable":true,"href":"http:\/\/argentinamunicipal.com.ar\/argentina\/wp-json\/wp\/v2\/comments?post=33265"}],"version-history":[{"count":0,"href":"http:\/\/argentinamunicipal.com.ar\/argentina\/wp-json\/wp\/v2\/posts\/33265\/revisions"}],"wp:featuredmedia":[{"embeddable":true,"href":"http:\/\/argentinamunicipal.com.ar\/argentina\/wp-json\/wp\/v2\/media\/33266"}],"wp:attachment":[{"href":"http:\/\/argentinamunicipal.com.ar\/argentina\/wp-json\/wp\/v2\/media?parent=33265"}],"wp:term":[{"taxonomy":"category","embeddable":true,"href":"http:\/\/argentinamunicipal.com.ar\/argentina\/wp-json\/wp\/v2\/categories?post=33265"},{"taxonomy":"post_tag","embeddable":true,"href":"http:\/\/argentinamunicipal.com.ar\/argentina\/wp-json\/wp\/v2\/tags?post=33265"}],"curies":[{"name":"wp","href":"https:\/\/api.w.org\/{rel}","templated":true}]}}