{"id":33302,"date":"2015-07-17T10:27:51","date_gmt":"2015-07-17T13:27:51","guid":{"rendered":"http:\/\/argentinamunicipal.com.ar\/argentina\/?p=33302"},"modified":"2015-07-17T10:27:51","modified_gmt":"2015-07-17T13:27:51","slug":"buscan-replicar-en-concordia-el-sistema-de-tratamiento-de-residuos-de-parana","status":"publish","type":"post","link":"http:\/\/argentinamunicipal.com.ar\/argentina\/buscan-replicar-en-concordia-el-sistema-de-tratamiento-de-residuos-de-parana\/","title":{"rendered":"Buscan replicar en Concordia el sistema de tratamiento de residuos de Paran\u00e1"},"content":{"rendered":"<p><a href=\"http:\/\/argentinamunicipal.com.ar\/argentina\/wp-content\/uploads\/2015\/07\/o_1425296583.jpg\"><img loading=\"lazy\" decoding=\"async\" class=\"aligncenter wp-image-33303\" src=\"http:\/\/argentinamunicipal.com.ar\/argentina\/wp-content\/uploads\/2015\/07\/o_1425296583.jpg\" alt=\"????????????????????????????????????\" width=\"616\" height=\"411\" srcset=\"http:\/\/argentinamunicipal.com.ar\/argentina\/wp-content\/uploads\/2015\/07\/o_1425296583.jpg 800w, http:\/\/argentinamunicipal.com.ar\/argentina\/wp-content\/uploads\/2015\/07\/o_1425296583-300x200.jpg 300w\" sizes=\"auto, (max-width: 616px) 100vw, 616px\" \/><\/a><br \/>\nLa planta de tratamiento de residuos, instalada en Paran\u00e1, se ha convertido en una referencia en la provincia y el pa\u00eds por su tama\u00f1o y cualidades t\u00e9cnicas. El candidato a gobernador por el FpV y Blanca Osuna recorrieron la planta.<\/p>\n<p>Junto al candidato a gobernador por el Frente para la Victoria, Gustavo Bordet, la intendenta Blanca Osuna recorri\u00f3 las instalaciones de la Planta de Tratamiento y Clasificaci\u00f3n de Residuos S\u00f3lidos Urbanos, de Paran\u00e1, la que, por sus caracter\u00edsticas, se busca replicar en otras ciudades de la provincia.<\/p>\n<p>La planta instalada en la capital entrerriana se ha convertido en una referencia en la provincia y el pa\u00eds por su tama\u00f1o y cualidades t\u00e9cnicas. Tras recorrer el lugar, Bordet destac\u00f3 el trabajo que ha llevado adelante la Municipalidad de Paran\u00e1 y el sistema aplicado al tema de los residuos.<\/p>\n<p>\u00abNosotros venimos siguiendo con mucha atenci\u00f3n el proceso que ha tenido la gesti\u00f3n de Blanca Osuna, recuerdo que en otros tiempos en esta ciudad era complicad\u00edsimo y materia de preocupaci\u00f3n de los vecinos el tratamiento de los residuos s\u00f3lidos, y hoy esta planta es modelo\u00bb, indic\u00f3 el intendente de Concordia y candidato del FpV.<\/p>\n<p>Luego indic\u00f3: \u00abEsta es la forma de trabajar, complement\u00e1ndonos, tomando las experiencias de Paran\u00e1 y haciendo pol\u00edticas p\u00fablicas que trascienden a una gesti\u00f3n de gobierno. Blanca tendr\u00e1 cuatro a\u00f1os m\u00e1s para ver cristalizado todo lo que ha trabajado, proyectado, concretado y llevado adelante estos a\u00f1os\u00bb.<\/p>\n<p>En tanto, Osuna, quien estuvo acompa\u00f1ada por su candidato a viceintendente, Mart\u00edn Uranga detall\u00f3 que el objetivo de la recorrida es \u00abque nuestro futuro gobernador pueda conocer en directo lo que significa la gesti\u00f3n de residuos s\u00f3lidos urbanos de nuestra ciudad que ha implicado una transformaci\u00f3n social\u00bb.<br \/>\nTambi\u00e9n estuvieron en la recorrida el ministro de Cultura y candidato a diputado provincial, Pedro B\u00e1ez, concejales, funcionarios de ambos municipios y los trabajadores de la Cooperativa Nueva Vida que presta el servicio en el lugar.<\/p>\n<p>La intendenta record\u00f3 que el Concejo Deliberante aprob\u00f3 un proyecto suyo que habilita a la Cooperativa Nueva Vida a comercializar los residuos una vez clasificados y reciclados. Dijo que ello generar\u00e1 \u00abmejores ingresos para quienes hab\u00edan sido explotados por a\u00f1os por distintos grupos y personas\u00bb.<\/p>\n<p>Destac\u00f3 por \u00faltimo que la inversi\u00f3n realizada en la zona del Volcadero a trav\u00e9s de la planta de clasificaci\u00f3n, las obras en las calles, las conexiones de cloacas, la iluminaci\u00f3n y los nuevos edificios para el Jard\u00edn Maternal Municipal Isleritos y el Centro de Salud San Mart\u00edn, entre otras, \u00absignifican m\u00e1s inclusi\u00f3n social y es la contracara de un discurso que va en desmedro de estas situaciones\u00bb.<\/p>\n<h6>Fuente: El Once<\/h6>\n","protected":false},"excerpt":{"rendered":"<p>La planta de tratamiento de residuos, instalada en Paran\u00e1, se ha convertido en una referencia en la provincia y el pa\u00eds por su tama\u00f1o y cualidades t\u00e9cnicas. El candidato a gobernador por el FpV y Blanca Osuna recorrieron la planta. Junto al candidato a gobernador por el Frente para la Victoria, Gustavo Bordet, la intendenta<\/p>\n","protected":false},"author":2,"featured_media":33303,"comment_status":"closed","ping_status":"closed","sticky":false,"template":"","format":"standard","meta":{"footnotes":""},"categories":[2],"tags":[17],"class_list":["post-33302","post","type-post","status-publish","format-standard","has-post-thumbnail","hentry","category-informe-municipal","tag-entre-rios"],"_links":{"self":[{"href":"http:\/\/argentinamunicipal.com.ar\/argentina\/wp-json\/wp\/v2\/posts\/33302","targetHints":{"allow":["GET"]}}],"collection":[{"href":"http:\/\/argentinamunicipal.com.ar\/argentina\/wp-json\/wp\/v2\/posts"}],"about":[{"href":"http:\/\/argentinamunicipal.com.ar\/argentina\/wp-json\/wp\/v2\/types\/post"}],"author":[{"embeddable":true,"href":"http:\/\/argentinamunicipal.com.ar\/argentina\/wp-json\/wp\/v2\/users\/2"}],"replies":[{"embeddable":true,"href":"http:\/\/argentinamunicipal.com.ar\/argentina\/wp-json\/wp\/v2\/comments?post=33302"}],"version-history":[{"count":0,"href":"http:\/\/argentinamunicipal.com.ar\/argentina\/wp-json\/wp\/v2\/posts\/33302\/revisions"}],"wp:featuredmedia":[{"embeddable":true,"href":"http:\/\/argentinamunicipal.com.ar\/argentina\/wp-json\/wp\/v2\/media\/33303"}],"wp:attachment":[{"href":"http:\/\/argentinamunicipal.com.ar\/argentina\/wp-json\/wp\/v2\/media?parent=33302"}],"wp:term":[{"taxonomy":"category","embeddable":true,"href":"http:\/\/argentinamunicipal.com.ar\/argentina\/wp-json\/wp\/v2\/categories?post=33302"},{"taxonomy":"post_tag","embeddable":true,"href":"http:\/\/argentinamunicipal.com.ar\/argentina\/wp-json\/wp\/v2\/tags?post=33302"}],"curies":[{"name":"wp","href":"https:\/\/api.w.org\/{rel}","templated":true}]}}