{"id":33318,"date":"2015-07-17T16:10:08","date_gmt":"2015-07-17T19:10:08","guid":{"rendered":"http:\/\/argentinamunicipal.com.ar\/argentina\/?p=33318"},"modified":"2015-07-17T11:20:36","modified_gmt":"2015-07-17T14:20:36","slug":"en-brasilia-arranca-una-nueva-cumbre-del-mercosur","status":"publish","type":"post","link":"http:\/\/argentinamunicipal.com.ar\/argentina\/en-brasilia-arranca-una-nueva-cumbre-del-mercosur\/","title":{"rendered":"En Brasilia, arranca una nueva Cumbre del Mercosur"},"content":{"rendered":"<p><a href=\"http:\/\/argentinamunicipal.com.ar\/argentina\/wp-content\/uploads\/2015\/07\/74234.jpg\"><img loading=\"lazy\" decoding=\"async\" class=\"aligncenter size-full wp-image-33319\" src=\"http:\/\/argentinamunicipal.com.ar\/argentina\/wp-content\/uploads\/2015\/07\/74234.jpg\" alt=\"74234\" width=\"610\" height=\"407\" srcset=\"http:\/\/argentinamunicipal.com.ar\/argentina\/wp-content\/uploads\/2015\/07\/74234.jpg 610w, http:\/\/argentinamunicipal.com.ar\/argentina\/wp-content\/uploads\/2015\/07\/74234-300x200.jpg 300w\" sizes=\"auto, (max-width: 610px) 100vw, 610px\" \/><\/a><br \/>\nLa incorporaci\u00f3n del vecino pa\u00eds es una de las m\u00e1ximas aspiraciones de la presidenta Cristina Fern\u00e1ndez, principal impulsora junto a Brasil. Asume Paraguay la presidencia \u201cpro t\u00e9mpore\u201d.<\/p>\n<p>Los presidentes del Mercosur celebrar\u00e1n hoy su 48a. Cumbre en Brasilia con una agenda abierta que incluir\u00e1 la adhesi\u00f3n de Bolivia como miembro pleno del bloque, las negociaciones con la Uni\u00f3n Europea (UE) y una evaluaci\u00f3n de intentos de desestabilizaci\u00f3n en pa\u00edses de la Regi\u00f3n.<\/p>\n<p>Est\u00e1 previsto que hoy participen en la reuni\u00f3n semestral de alto nivel, la presidenta argentina Cristina Fern\u00e1ndez de Kirchner, su colega uruguayo Tabar\u00e9 V\u00e1zquez, el venezolano Nicol\u00e1s Maduro y Horacio Cartes, de Paraguay, que son los cinco miembros plenos del bloque.<\/p>\n<p>\u00abLa agenda de los presidentes es algo que ellos deciden\u00bb pero se considera seguro que tratar\u00e1n la incorporaci\u00f3n de Bolivia como sexto miembro pleno, inform\u00f3 el embajador Antonio Jos\u00e9 Simoes, responsable del departamento Am\u00e9rica del Sur de la Canciller\u00eda brasile\u00f1a. En la cita se elevar\u00e1 otro protocolo que luego requerir\u00e1 el aval de Paraguay, reintegrado al grupo, y Brasil cuyo congreso a\u00fan no lo respald\u00f3.<\/p>\n<p>La incorporaci\u00f3n de Bolivia es una de las m\u00e1ximas aspiraciones de la presidenta Cristina Fern\u00e1ndez, una de las mayores impulsoras de esta medida del bloque, aunque la inclusi\u00f3n se produce mientras la presidencia pro t\u00e9mpore es brasile\u00f1a. En ese sentido, el representante de la Argentina en la Cumbre y secretario de Relaciones Econ\u00f3micas Internacionales de la Canciller\u00eda, Carlos Bianco, se\u00f1al\u00f3 que la incorporaci\u00f3n de Bolivia como miembro pleno es \u00abel principal logro durante la presidencia pro t\u00e9mpore de Brasil\u00bb, luego de la Cumbre de cancilleres del bloque en Brasilia, en la que particip\u00f3 en representaci\u00f3n de H\u00e9ctor Timerman.<\/p>\n<p>\u00abSe discutieron temas muy relevantes para el futuro del Mercosur, pero \u00abel principal logro de la presidencia es la adhesi\u00f3n de Bolivia como miembro pleno. Desde nuestro punto de vista, es muy positivo\u00bb, sostuvo Bianco a la prensa luego de la Reuni\u00f3n del Consejo del Mercado Com\u00fan, que integra a los ministros de Relaciones Exteriores, y se desarroll\u00f3 en el Palacio de Itamaraty.<\/p>\n<p>La incorporaci\u00f3n, consider\u00f3 Bianco, permitir\u00e1 \u00abincrementar la diversidad de las opiniones y traer una nuevo socio que puede aportar mucho desde su experiencia en materia de crecimiento e inclusi\u00f3n social\u00bb.<\/p>\n<p>\u00abMa\u00f1ana (por hoy) se firmar\u00e1 un nuevo protocolo para la adhesi\u00f3n, que lo tienen que ratificar los pa\u00edses que a\u00fan no lo han hecho. Obviamente Bolivia, Paraguay y Brasil\u00bb, enumer\u00f3.<\/p>\n<p>Por otro lado, Bianco se refiri\u00f3 a la pr\u00f3xima titularidad semestral de Paraguay y dese\u00f3 que ese pa\u00eds \u00abmantenga la agenda de trabajo que se ha definido en la presidencia argentina, que luego ha respetado Brasil en casi todos los puntos, y avanz\u00f3 en otros que hab\u00edan quedado pendientes\u00bb.<\/p>\n<p><strong>Brasil no negociar\u00e1 por separado con la UE<\/strong><\/p>\n<p>Antonio Jos\u00e9 Simoes estim\u00f3 probable que se aborde la oferta com\u00fan a ser presentada este a\u00f1o ante la Uni\u00f3n Europea para la formaci\u00f3n de un \u00e1rea de libre comercio a pesar de las versiones sobre divergencias entre los pa\u00edses miembros del bloque sudamericano.<\/p>\n<p>\u00abEst\u00e1 ratificado el camino de la negociaci\u00f3n, estamos dentro de la arquitectura del Mercosur\u00bb, se\u00f1al\u00f3 el funcionario y descart\u00f3 que Brasil eval\u00fae negociar por separado con los europeos.<\/p>\n<p>\u00abLa idea es seguir caminando en esta arquitectura de negociaci\u00f3n entre el Mercosur y la UE, en negociaciones entre bloques no estamos pensando en velocidades diferentes\u00bb, reforz\u00f3.<\/p>\n<p>Luego mencion\u00f3 que el super\u00e1vit de Brasil con el Mercosur fue de 2.300 millones de d\u00f3lares \u00abque es un patr\u00f3n que se repite a\u00f1o a a\u00f1o\u00bb.<br \/>\nPor \u00faltimo, consign\u00f3 que el Mercosur es \u00abel principal destino de las exportaciones de productos manufacturados\u00bb brasile\u00f1os.<\/p>\n<p>La negociaci\u00f3n con los europeos fue uno de los asuntos abordados ayer por el canciller brasile\u00f1o Mauro Vieira y su par Eladio Loizaga de Paraguay, pa\u00eds que asumir\u00e1 la presidencia a partir de hoy.<\/p>\n<p><strong>Cristina se reunir\u00e1 con Dilma<\/strong><\/p>\n<p>Cristina Fern\u00e1ndez de Kirchner y su par brasile\u00f1a mantendr\u00e1n una reuni\u00f3n privada, en la que repasar\u00e1n la agenda bilateral, seg\u00fan informaron fuentes oficiales.<\/p>\n<p>Se trata de una cita con agenda abierta, en la que las presidentas, como suelen hacerlo cada vez que tienen oportunidad, repasar\u00e1n los temas econ\u00f3micos y pol\u00edticos de la Regi\u00f3n y las principales novedades del panorama global. En el Gobierno argentino especulan que podr\u00eda abarcar el an\u00e1lisis de los principales sucesos internacionales, la crisis en Grecia y el acuerdo firmado entre Ir\u00e1n y Estados Unidos, China, Francia, Alemania, el Reino Unido y Rusia.<\/p>\n<h6>Fuente: La Ma\u00f1ana de C\u00f3rdoba<\/h6>\n","protected":false},"excerpt":{"rendered":"<p>La incorporaci\u00f3n del vecino pa\u00eds es una de las m\u00e1ximas aspiraciones de la presidenta Cristina Fern\u00e1ndez, principal impulsora junto a Brasil. Asume Paraguay la presidencia \u201cpro t\u00e9mpore\u201d. Los presidentes del Mercosur celebrar\u00e1n hoy su 48a. Cumbre en Brasilia con una agenda abierta que incluir\u00e1 la adhesi\u00f3n de Bolivia como miembro pleno del bloque, las negociaciones<\/p>\n","protected":false},"author":2,"featured_media":33319,"comment_status":"closed","ping_status":"closed","sticky":false,"template":"","format":"standard","meta":{"footnotes":""},"categories":[8],"tags":[21],"class_list":["post-33318","post","type-post","status-publish","format-standard","has-post-thumbnail","hentry","category-informe-nacional","tag-argentina"],"_links":{"self":[{"href":"http:\/\/argentinamunicipal.com.ar\/argentina\/wp-json\/wp\/v2\/posts\/33318","targetHints":{"allow":["GET"]}}],"collection":[{"href":"http:\/\/argentinamunicipal.com.ar\/argentina\/wp-json\/wp\/v2\/posts"}],"about":[{"href":"http:\/\/argentinamunicipal.com.ar\/argentina\/wp-json\/wp\/v2\/types\/post"}],"author":[{"embeddable":true,"href":"http:\/\/argentinamunicipal.com.ar\/argentina\/wp-json\/wp\/v2\/users\/2"}],"replies":[{"embeddable":true,"href":"http:\/\/argentinamunicipal.com.ar\/argentina\/wp-json\/wp\/v2\/comments?post=33318"}],"version-history":[{"count":0,"href":"http:\/\/argentinamunicipal.com.ar\/argentina\/wp-json\/wp\/v2\/posts\/33318\/revisions"}],"wp:featuredmedia":[{"embeddable":true,"href":"http:\/\/argentinamunicipal.com.ar\/argentina\/wp-json\/wp\/v2\/media\/33319"}],"wp:attachment":[{"href":"http:\/\/argentinamunicipal.com.ar\/argentina\/wp-json\/wp\/v2\/media?parent=33318"}],"wp:term":[{"taxonomy":"category","embeddable":true,"href":"http:\/\/argentinamunicipal.com.ar\/argentina\/wp-json\/wp\/v2\/categories?post=33318"},{"taxonomy":"post_tag","embeddable":true,"href":"http:\/\/argentinamunicipal.com.ar\/argentina\/wp-json\/wp\/v2\/tags?post=33318"}],"curies":[{"name":"wp","href":"https:\/\/api.w.org\/{rel}","templated":true}]}}