{"id":3334,"date":"2014-03-08T13:22:25","date_gmt":"2014-03-08T16:22:25","guid":{"rendered":"http:\/\/argentinamunicipal.com.ar\/argentina\/?p=3334"},"modified":"2014-03-08T13:32:05","modified_gmt":"2014-03-08T16:32:05","slug":"venta-de-frutas-y-verduras-el-intendente-de-ushuaia-pidio-hacerlo-con-regularidad-en-2014","status":"publish","type":"post","link":"http:\/\/argentinamunicipal.com.ar\/argentina\/venta-de-frutas-y-verduras-el-intendente-de-ushuaia-pidio-hacerlo-con-regularidad-en-2014\/","title":{"rendered":"Venta de frutas y verduras: El intendente de Ushuaia \u00abpidi\u00f3 hacerlo con regularidad\u00bb en 2014"},"content":{"rendered":"<p><a href=\"http:\/\/argentinamunicipal.com.ar\/argentina\/wp-content\/uploads\/2014\/03\/verduras_frutas.jpg\"><img loading=\"lazy\" decoding=\"async\" class=\"alignright size-full wp-image-3340\" alt=\"verduras_frutas\" src=\"http:\/\/argentinamunicipal.com.ar\/argentina\/wp-content\/uploads\/2014\/03\/verduras_frutas.jpg\" width=\"531\" height=\"383\" srcset=\"http:\/\/argentinamunicipal.com.ar\/argentina\/wp-content\/uploads\/2014\/03\/verduras_frutas.jpg 531w, http:\/\/argentinamunicipal.com.ar\/argentina\/wp-content\/uploads\/2014\/03\/verduras_frutas-300x216.jpg 300w\" sizes=\"auto, (max-width: 531px) 100vw, 531px\" \/><\/a>El secretario de Desarrollo Social del Municipio de Ushuaia, Juan Manuel Romano, se refiri\u00f3 a la nueva venta de frutas y verduras a bajo costo que se desarrollar\u00e1 este fin de semana en conjunto con la CGT y dijo que el intendente Sciurano pidi\u00f3 que esto \u00abse realice con regularidad en 2014\u00bb.<\/p>\n<p>\u00abEs una tarea que el intendente hab\u00eda emprendido el a\u00f1o pasado con algunos camiones que pudieron venir a nuestra ciudad -dijo Romando en Radio Nacional-. Nos solicit\u00f3 poder continuarlo con regularidad en 2014 y en ese camino estamos trabajando. De todas maneras, el intendente y el secretario de Gobierno se han reunido con la CGT en varias oportunidades porque nos interesa much\u00edsimo poder ampliar la variedad de productos y mejorar los precios a\u00fan mas. Por eso nos pareci\u00f3 oportuno trabajar en conjunto para mejorar la oferta\u00bb.<\/p>\n<p>\u00abLa CGT nos acompa\u00f1a en este primer cami\u00f3n. La idea es que puedan acercar a todos sus afiliados la posibilidad y accesibilidad para comprar en los centros. La CGT tiene patas importantes para hacer los contactos con los distintos proveedores que pueden posibilitarnos llegar mas f\u00e1cil y mejorar el precio de los productos. En este primer cami\u00f3n que se vende s\u00e1bado y domingo hemos hecho el contacto con gente del mercado central y otros proveedores para poder ofrecer este bols\u00f3n social a un precio superaccesible, con una variedad importante\u00bb, agreg\u00f3.<\/p>\n<p>Sobre la modalidad de venta, dijo que \u00abla idea es armar un bols\u00f3n social\u00bb. \u00abAntes cada vecino compraba lo que quer\u00eda, pero hoy queremos priorizar los bolsones con 4 kilos de papas, 2 kilos de cebolla, 1 kilo de zanahoria, 1 kilo de calabaza, 1 kilo de manzana y 1 kilo de pera. Son 10 kilos en total a un valor de 55 pesos. Lo que genera es que no vaya una sola persona a comprar a precio preferencial solo papas o solo cebollas\u00bb, expres\u00f3.<br \/>\n\u00abY a esto se suman productos como morr\u00f3n, tomate, ajo, que no est\u00e1n incluidos en el bols\u00f3n pero tambi\u00e9n est\u00e1n a precio promocional\u00bb, precis\u00f3 el funcionario.<\/p>\n<p>Dijo que esto tendr\u00e1 lugar en los centros comunitarios de los barrios La Cantera, Felipe Varela y Ca\u00f1ad\u00f3n del Parque, el s\u00e1bado y domingo de 9 a 19 horas. \u00abHay un tel\u00e9fono para que los mayores que no tengan veh\u00edculo o con problemas de movilidad, pueden tener delivery, que es el 15483299, hay que hablar con Francisco y \u00e9l se encarga de que les lleven los bolsones a las viviendas\u00bb, finaliz\u00f3.<\/p>\n<h6>Fuente: Sur 54<\/h6>\n","protected":false},"excerpt":{"rendered":"<p>El secretario de Desarrollo Social del Municipio de Ushuaia, Juan Manuel Romano, se refiri\u00f3 a la nueva venta de frutas y verduras a bajo costo que se desarrollar\u00e1 este fin de semana en conjunto con la CGT y dijo que el intendente Sciurano pidi\u00f3 que esto \u00abse realice con regularidad en 2014\u00bb. \u00abEs una tarea<\/p>\n","protected":false},"author":2,"featured_media":3340,"comment_status":"closed","ping_status":"closed","sticky":false,"template":"","format":"standard","meta":{"footnotes":""},"categories":[2],"tags":[34],"class_list":["post-3334","post","type-post","status-publish","format-standard","has-post-thumbnail","hentry","category-informe-municipal","tag-tierra-del-fuego"],"_links":{"self":[{"href":"http:\/\/argentinamunicipal.com.ar\/argentina\/wp-json\/wp\/v2\/posts\/3334","targetHints":{"allow":["GET"]}}],"collection":[{"href":"http:\/\/argentinamunicipal.com.ar\/argentina\/wp-json\/wp\/v2\/posts"}],"about":[{"href":"http:\/\/argentinamunicipal.com.ar\/argentina\/wp-json\/wp\/v2\/types\/post"}],"author":[{"embeddable":true,"href":"http:\/\/argentinamunicipal.com.ar\/argentina\/wp-json\/wp\/v2\/users\/2"}],"replies":[{"embeddable":true,"href":"http:\/\/argentinamunicipal.com.ar\/argentina\/wp-json\/wp\/v2\/comments?post=3334"}],"version-history":[{"count":0,"href":"http:\/\/argentinamunicipal.com.ar\/argentina\/wp-json\/wp\/v2\/posts\/3334\/revisions"}],"wp:featuredmedia":[{"embeddable":true,"href":"http:\/\/argentinamunicipal.com.ar\/argentina\/wp-json\/wp\/v2\/media\/3340"}],"wp:attachment":[{"href":"http:\/\/argentinamunicipal.com.ar\/argentina\/wp-json\/wp\/v2\/media?parent=3334"}],"wp:term":[{"taxonomy":"category","embeddable":true,"href":"http:\/\/argentinamunicipal.com.ar\/argentina\/wp-json\/wp\/v2\/categories?post=3334"},{"taxonomy":"post_tag","embeddable":true,"href":"http:\/\/argentinamunicipal.com.ar\/argentina\/wp-json\/wp\/v2\/tags?post=3334"}],"curies":[{"name":"wp","href":"https:\/\/api.w.org\/{rel}","templated":true}]}}