{"id":33371,"date":"2015-07-18T09:45:13","date_gmt":"2015-07-18T12:45:13","guid":{"rendered":"http:\/\/argentinamunicipal.com.ar\/argentina\/?p=33371"},"modified":"2015-07-18T09:45:13","modified_gmt":"2015-07-18T12:45:13","slug":"bolivia-se-convirtio-formalmente-en-el-sexto-miembro-del-mercosur","status":"publish","type":"post","link":"http:\/\/argentinamunicipal.com.ar\/argentina\/bolivia-se-convirtio-formalmente-en-el-sexto-miembro-del-mercosur\/","title":{"rendered":"Bolivia se convirti\u00f3 formalmente en el sexto miembro del Mercosur"},"content":{"rendered":"<p><a href=\"http:\/\/argentinamunicipal.com.ar\/argentina\/wp-content\/uploads\/2015\/07\/55a958812fc2c_800x533.jpg\"><img loading=\"lazy\" decoding=\"async\" class=\"aligncenter  wp-image-33372\" src=\"http:\/\/argentinamunicipal.com.ar\/argentina\/wp-content\/uploads\/2015\/07\/55a958812fc2c_800x533.jpg\" alt=\"55a958812fc2c_800x533\" width=\"666\" height=\"444\" srcset=\"http:\/\/argentinamunicipal.com.ar\/argentina\/wp-content\/uploads\/2015\/07\/55a958812fc2c_800x533.jpg 800w, http:\/\/argentinamunicipal.com.ar\/argentina\/wp-content\/uploads\/2015\/07\/55a958812fc2c_800x533-300x200.jpg 300w\" sizes=\"auto, (max-width: 666px) 100vw, 666px\" \/><\/a><br \/>\nEn clave de la cumbre de presidentes del Mercado Com\u00fan del Sur fue la firmaron el protocolo de adhesi\u00f3n de Bolivia. El encuentro protocolar se desarroll\u00f3 en el Palacio de Itamaraty -sede de la Canciller\u00eda brasile\u00f1a-, con la representaci\u00f3n de los pa\u00edses miembros.<\/p>\n<p>En el documento fue ratificado por los presidentes de la Argentina, Cristina Fern\u00e1ndez de Kirchner; de Brasil, Dilma Rousseff; de Paraguay, Horacio Cartes; de Uruguay, Tabar\u00e9 V\u00e1zquez, y de Venezuela, Nicol\u00e1s Maduro, adem\u00e1s del propio mandatario boliviano, Evo Morales.<\/p>\n<p>Argentina, Brasil, Uruguay y Venezuela ya hab\u00edan firmado en 2012 el protocolo de ingreso del pa\u00eds andino, pero faltaba la firma de Paraguay, por entonces suspendido por el golpe institucional contra Fernando Lugo, en junio de ese a\u00f1o, considerada antidemocr\u00e1tica por los pa\u00edses miembro, lo que oblig\u00f3 a la firma ayer de un nuevo texto, ya con Asunci\u00f3n incorporada.<\/p>\n<p>De acuerdo al reglamento del Mercosur, la adhesi\u00f3n de Bolivia como miembro pleno debe ser ratificada ahora por los Congresos de Brasil, Paraguay y Bolivia, como ya lo hicieron los Parlamentos de Argentina, Uruguay y Venezuela.<\/p>\n<p>El documento suscrito ayer pone de relieve la importancia de la adhesi\u00f3n de Bolivia \u201cpara la consolidaci\u00f3n del proceso de integraci\u00f3n de Am\u00e9rica del Sur, con base al esfuerzo mutuo y la convergencia de los diferentes esfuerzos y mecanismos subregionales de integraci\u00f3n\u201d.<\/p>\n<p>A partir de ahora, Bolivia tendr\u00e1 cuatro a\u00f1os para adecuarse a las normas del bloque, lo que implica, entre otras condiciones, usar la Tarifa Externa Com\u00fan (TEC), que se utiliza en transacciones comerciales con terceros pa\u00edses.<\/p>\n<p>Los presidentes tuvieron ayer una primera reuni\u00f3n privada, a la que se sumaron m\u00e1s tarde los representantes de los pa\u00edses asociados: Morales; el vice ecuatoriano Jorge Glas; el mandatario guyan\u00e9s David Granger; el ministro chileno, Jorge Burgos; la embajadora colombiana en Brasilia Patricia C\u00e1rdenas; y la coordinadora nacional de Per\u00fa para el bloque Marcela L\u00f3pez Bravo.<\/p>\n<p>Al celebrar el ingreso de Bolivia, Morales destac\u00f3 su \u201calegr\u00eda porque despu\u00e9s de tres a\u00f1os fue aceptado\u201d su pa\u00eds como sexto miembro pleno del bloque surgido en 1991 en Paraguay.<\/p>\n<p><strong>AL MARGEN<\/strong><br \/>\nAgenda. Durante la cumbre presidencial que el bloque del Mercosur realiz\u00f3 en Brasilia, Paraguay recibi\u00f3 la jefatura pro-t\u00e9mpore y Ecuador el de integrante observador. Adem\u00e1s, los pa\u00edses miembros evaluaron los intentos de desestabilizaci\u00f3n la oposici\u00f3n en contra de los gobiernos democr\u00e1ticos del bloque y las negociaciones con la Uni\u00f3n Europea (UE).<\/p>\n<h6>Fuente: El Diario, Entre R\u00edos<\/h6>\n","protected":false},"excerpt":{"rendered":"<p>En clave de la cumbre de presidentes del Mercado Com\u00fan del Sur fue la firmaron el protocolo de adhesi\u00f3n de Bolivia. El encuentro protocolar se desarroll\u00f3 en el Palacio de Itamaraty -sede de la Canciller\u00eda brasile\u00f1a-, con la representaci\u00f3n de los pa\u00edses miembros. En el documento fue ratificado por los presidentes de la Argentina, Cristina<\/p>\n","protected":false},"author":2,"featured_media":33372,"comment_status":"closed","ping_status":"closed","sticky":false,"template":"","format":"standard","meta":{"footnotes":""},"categories":[8],"tags":[21],"class_list":["post-33371","post","type-post","status-publish","format-standard","has-post-thumbnail","hentry","category-informe-nacional","tag-argentina"],"_links":{"self":[{"href":"http:\/\/argentinamunicipal.com.ar\/argentina\/wp-json\/wp\/v2\/posts\/33371","targetHints":{"allow":["GET"]}}],"collection":[{"href":"http:\/\/argentinamunicipal.com.ar\/argentina\/wp-json\/wp\/v2\/posts"}],"about":[{"href":"http:\/\/argentinamunicipal.com.ar\/argentina\/wp-json\/wp\/v2\/types\/post"}],"author":[{"embeddable":true,"href":"http:\/\/argentinamunicipal.com.ar\/argentina\/wp-json\/wp\/v2\/users\/2"}],"replies":[{"embeddable":true,"href":"http:\/\/argentinamunicipal.com.ar\/argentina\/wp-json\/wp\/v2\/comments?post=33371"}],"version-history":[{"count":0,"href":"http:\/\/argentinamunicipal.com.ar\/argentina\/wp-json\/wp\/v2\/posts\/33371\/revisions"}],"wp:featuredmedia":[{"embeddable":true,"href":"http:\/\/argentinamunicipal.com.ar\/argentina\/wp-json\/wp\/v2\/media\/33372"}],"wp:attachment":[{"href":"http:\/\/argentinamunicipal.com.ar\/argentina\/wp-json\/wp\/v2\/media?parent=33371"}],"wp:term":[{"taxonomy":"category","embeddable":true,"href":"http:\/\/argentinamunicipal.com.ar\/argentina\/wp-json\/wp\/v2\/categories?post=33371"},{"taxonomy":"post_tag","embeddable":true,"href":"http:\/\/argentinamunicipal.com.ar\/argentina\/wp-json\/wp\/v2\/tags?post=33371"}],"curies":[{"name":"wp","href":"https:\/\/api.w.org\/{rel}","templated":true}]}}