{"id":33393,"date":"2015-07-20T08:51:13","date_gmt":"2015-07-20T11:51:13","guid":{"rendered":"http:\/\/argentinamunicipal.com.ar\/argentina\/?p=33393"},"modified":"2015-07-20T08:51:13","modified_gmt":"2015-07-20T11:51:13","slug":"villa-g-galvez-tendra-un-area-natural-protegida","status":"publish","type":"post","link":"http:\/\/argentinamunicipal.com.ar\/argentina\/villa-g-galvez-tendra-un-area-natural-protegida\/","title":{"rendered":"Villa G. G\u00e1lvez tendr\u00e1 un \u00e1rea natural protegida"},"content":{"rendered":"<div id=\"attachment_33394\" style=\"width: 631px\" class=\"wp-caption aligncenter\"><a href=\"http:\/\/argentinamunicipal.com.ar\/argentina\/wp-content\/uploads\/2015\/07\/LR1701-hector_rio.jpg_88717827.jpg\"><img loading=\"lazy\" decoding=\"async\" aria-describedby=\"caption-attachment-33394\" class=\"size-full wp-image-33394\" src=\"http:\/\/argentinamunicipal.com.ar\/argentina\/wp-content\/uploads\/2015\/07\/LR1701-hector_rio.jpg_88717827.jpg\" alt=\"El abrazo hace unos meses de vecinos y ambientalistas que se resisten a la destruccion del predio.\" width=\"621\" height=\"465\" srcset=\"http:\/\/argentinamunicipal.com.ar\/argentina\/wp-content\/uploads\/2015\/07\/LR1701-hector_rio.jpg_88717827.jpg 621w, http:\/\/argentinamunicipal.com.ar\/argentina\/wp-content\/uploads\/2015\/07\/LR1701-hector_rio.jpg_88717827-300x225.jpg 300w\" sizes=\"auto, (max-width: 621px) 100vw, 621px\" \/><\/a><p id=\"caption-attachment-33394\" class=\"wp-caption-text\">El abrazo hace unos meses de vecinos y ambientalistas que se resisten a la destruccion del predio.<\/p><\/div>\n<p>Ad refer\u00e9ndum. Ser\u00e1 la primera del departamento Rosario, adem\u00e1s de la tercera del sur provincial. Una historia de m\u00e1s de una veintena de a\u00f1os de gestiones.<\/p>\n<p>&nbsp;<\/p>\n<p>En una curiosa situaci\u00f3n, el gobernador de la provincia, Antonio Bonfatti, firm\u00f3 \u2014ad refer\u00e9ndum de las c\u00e1maras legislativas\u2014, un decreto que establece la condici\u00f3n de \u00ab\u00e1rea natural protegida\u00bb para una zona de Villa Gobernador G\u00e1lvez, aunque el mayor impulso a la medida no provino de los ediles villagalvenses sino de sus pares del Concejo rosarino.<\/p>\n<p>As\u00ed, el primer mandatario santafesino aval\u00f3 el decreto por el que el se propone que el curso de agua del arroyo Saladillo \u2014l\u00edmite natural entre las ciudades de Rosario y Villa Gobernador G\u00e1lvez\u2014, sea incorporado al Sistema Provincial de Areas Naturales Protegidas, en una medida que se har\u00eda extensiva tambi\u00e9n a la cuenca de los arroyos Sauce-Pav\u00f3n, m\u00e1s al sur, una medida que naci\u00f3 de la concejala rosarina Daniela Le\u00f3n.<\/p>\n<p>Integrantes de diversas entidades ambientalistas y sectores pol\u00edticos y sociales de la vecina ciudad de Villa Gobernador G\u00e1lvez reclaman desde hace mucho tiempo la protecci\u00f3n de un extenso predio de aproximadamente 22 hect\u00e1reas que son parte de las casi 125 del Parque Regional Sur y en el que hab\u00eda ingresado con maquinaria vial para apurar el desmonte de seis hect\u00e1reas que el Sindicato de la Carne pensaba convertir en un camping privado. En la zona tambi\u00e9n se preve\u00eda la construcci\u00f3n de una cancha de golf y de una guarder\u00eda n\u00e1utica.<\/p>\n<p>&nbsp;<\/p>\n<p>Continuidad. La continuidad del ambiente natural por encima de las jurisdicciones fue uno de los argumentos de la concejala rosarina Daniela Le\u00f3n, quien con el acompa\u00f1amiento del Legislativo rosarino termin\u00f3 pidiendo al Ejecutivo provincial que adoptara una medida.<\/p>\n<p>Cabe recordar que ya en 1995 el Concejo de Villa Gobernador G\u00e1lvez estableci\u00f3 la condici\u00f3n de \u00e1rea protegida municipal para la zona, algo que en el 2014 el mismo cuerpo casi deja de lado.<\/p>\n<p>Le\u00f3n fundament\u00f3, en su monento, su proyecto se\u00f1alando: \u00abEstamos ante una situaci\u00f3n que corresponde resolver con participaci\u00f3n de distintos organismos estatales, porque Rosario y su regi\u00f3n constituyen un espacio con diferentes municipios, pero donde el ambiente natural y las actividades humanas tienen absoluta continuidad\u00bb.<\/p>\n<p>El aval del gobernador Bonfatti refuerza la posici\u00f3n de los vecinos del barrio La Isleta, cercano a los terrenos, quienes se movilizaron desde siempre en defensa del lugar.<\/p>\n<p>Este sitio, adem\u00e1s del citado sindicato, est\u00e1 desde hace varios a\u00f1os en la mira de algunos emprendedores inmobiliarios. Precisamente, la propuesta sindical para el uso en comodato por 15 a\u00f1os del sector ingres\u00f3 al Concejo villagalvense a mediados de marzo pasado.<\/p>\n<p>En los considerandos del decreto de Bonfatti se define a las \u00e1reas naturales protegidas seg\u00fan la letra de la ley provincial 12.175, la que las circunscribe \u00aba todo ambiente o territorio que, manteniendo su aspecto original sin alteraciones importantes provocadas por la actividad humana, est\u00e9 sujeta a un manejo especial legalmente establecido y destinado a cumplir objetivos de conservaci\u00f3n, protecci\u00f3n y presentaci\u00f3n de su flora fauna, paisaje y dem\u00e1s componentes bi\u00f3ticos y abi\u00f3ticos de sus ecosistemas\u00bb.<\/p>\n<p>La superficie protegida se constituir\u00eda, adem\u00e1s del cauce propiamente dicho, con 100 metros de tierras a cada lado del arroyo y el \u00e1rea se extender\u00eda desde las nacientes del cauce, en el denominado \u00abbajo de Los Leones, hasta su desembocadura en el Paran\u00e1\u00bb.<\/p>\n<p>Para los no advertidos, esas tierras tan cercanas a las ciudades se asemejan a amplios bald\u00edos poblados de malezas, pero desde las \u00e1reas provinciales de protecci\u00f3n de la flora y la fauna se ha establecido que el codiciado lugar constituye la \u00fanica manifestaci\u00f3n en estado puro del bosque nativo pampeano en el sur santafesino, caracterizado por la baja altura de los ejemplares, y un alto valor ecol\u00f3gico y cultural ya que tambi\u00e9n es sitio arqueol\u00f3gico en el que se han hallado f\u00f3siles y tambi\u00e9n alfarer\u00eda de los pueblos originarios. El sitio es h\u00e1bitat de zorros, tortugas, cuises y unas 60 variedades de aves, adem\u00e1s de una abundante flora.<\/p>\n<p><strong>Resistencia<\/strong>. Los vecinos que defienden la reserva ejercieron diversas formas de resistencia. El pasado abril, ante la aceptaci\u00f3n de la propuesta del Sindicato de la Carne por parte del Ejecutivo, se convocaron ante la sede del cuerpo para presionar a los ediles, quienes retiraron el tema del orden del d\u00eda de la sesi\u00f3n ante la repercusi\u00f3n medi\u00e1tica y la reacci\u00f3n de vecinos e instituciones locales.<\/p>\n<p>Otras medidas adoptadas por los vecinos es la que llevaron a cabo hace unos meses con un abrazo simb\u00f3lico al predio. Los mismos vecinos junto a militantes ambientalistas organizaron adem\u00e1s varias jornadas de limpieza del lugar, ayer hicieron otra.<\/p>\n<p><strong>La primera en el Gran Rosario<\/strong><\/p>\n<p>En el pa\u00eds hay 381 reservas naturales y \u00e1reas protegidas. De estas, 15 est\u00e1n en la provincia de Santa Fe, el 3,93 por ciento de \u00e1reas protegidas de la Argentina. S\u00f3lo dos (una en departamento General L\u00f3pez y otra en Constituci\u00f3n) de esos 15 espacios est\u00e1n en el sur provincial, y ninguna est\u00e1 emplazada en el departamento Rosario. La reserva de Villa G. G\u00e1lvez ser\u00eda la primera del departamento en ingresar al sistema provincial de \u201cAreas Naturales Protegidas\u201d, y es el \u00faltimo bosque nativo provincial.<\/p>\n<h6>Fuente: La Capital, Rosario<\/h6>\n","protected":false},"excerpt":{"rendered":"<p>Ad refer\u00e9ndum. Ser\u00e1 la primera del departamento Rosario, adem\u00e1s de la tercera del sur provincial. Una historia de m\u00e1s de una veintena de a\u00f1os de gestiones. &nbsp; En una curiosa situaci\u00f3n, el gobernador de la provincia, Antonio Bonfatti, firm\u00f3 \u2014ad refer\u00e9ndum de las c\u00e1maras legislativas\u2014, un decreto que establece la condici\u00f3n de \u00ab\u00e1rea natural protegida\u00bb<\/p>\n","protected":false},"author":2,"featured_media":33394,"comment_status":"closed","ping_status":"closed","sticky":false,"template":"","format":"standard","meta":{"footnotes":""},"categories":[2],"tags":[10],"class_list":["post-33393","post","type-post","status-publish","format-standard","has-post-thumbnail","hentry","category-informe-municipal","tag-santa-fe"],"_links":{"self":[{"href":"http:\/\/argentinamunicipal.com.ar\/argentina\/wp-json\/wp\/v2\/posts\/33393","targetHints":{"allow":["GET"]}}],"collection":[{"href":"http:\/\/argentinamunicipal.com.ar\/argentina\/wp-json\/wp\/v2\/posts"}],"about":[{"href":"http:\/\/argentinamunicipal.com.ar\/argentina\/wp-json\/wp\/v2\/types\/post"}],"author":[{"embeddable":true,"href":"http:\/\/argentinamunicipal.com.ar\/argentina\/wp-json\/wp\/v2\/users\/2"}],"replies":[{"embeddable":true,"href":"http:\/\/argentinamunicipal.com.ar\/argentina\/wp-json\/wp\/v2\/comments?post=33393"}],"version-history":[{"count":0,"href":"http:\/\/argentinamunicipal.com.ar\/argentina\/wp-json\/wp\/v2\/posts\/33393\/revisions"}],"wp:featuredmedia":[{"embeddable":true,"href":"http:\/\/argentinamunicipal.com.ar\/argentina\/wp-json\/wp\/v2\/media\/33394"}],"wp:attachment":[{"href":"http:\/\/argentinamunicipal.com.ar\/argentina\/wp-json\/wp\/v2\/media?parent=33393"}],"wp:term":[{"taxonomy":"category","embeddable":true,"href":"http:\/\/argentinamunicipal.com.ar\/argentina\/wp-json\/wp\/v2\/categories?post=33393"},{"taxonomy":"post_tag","embeddable":true,"href":"http:\/\/argentinamunicipal.com.ar\/argentina\/wp-json\/wp\/v2\/tags?post=33393"}],"curies":[{"name":"wp","href":"https:\/\/api.w.org\/{rel}","templated":true}]}}