{"id":33422,"date":"2015-07-20T09:32:59","date_gmt":"2015-07-20T12:32:59","guid":{"rendered":"http:\/\/argentinamunicipal.com.ar\/argentina\/?p=33422"},"modified":"2015-07-20T09:32:59","modified_gmt":"2015-07-20T12:32:59","slug":"entregaron-nuevas-viviendas-rurales-en-el-departamento-colon","status":"publish","type":"post","link":"http:\/\/argentinamunicipal.com.ar\/argentina\/entregaron-nuevas-viviendas-rurales-en-el-departamento-colon\/","title":{"rendered":"Entregaron nuevas viviendas rurales en el departamento Col\u00f3n"},"content":{"rendered":"<p><a href=\"http:\/\/argentinamunicipal.com.ar\/argentina\/wp-content\/uploads\/2015\/07\/viviendascolon.jpg\"><img loading=\"lazy\" decoding=\"async\" class=\"aligncenter size-full wp-image-33423\" src=\"http:\/\/argentinamunicipal.com.ar\/argentina\/wp-content\/uploads\/2015\/07\/viviendascolon.jpg\" alt=\"viviendascolon\" width=\"700\" height=\"467\" srcset=\"http:\/\/argentinamunicipal.com.ar\/argentina\/wp-content\/uploads\/2015\/07\/viviendascolon.jpg 700w, http:\/\/argentinamunicipal.com.ar\/argentina\/wp-content\/uploads\/2015\/07\/viviendascolon-300x200.jpg 300w\" sizes=\"auto, (max-width: 700px) 100vw, 700px\" \/><\/a><\/p>\n<p>De las 80 unidades habitacionales que fueron destinadas las zonas rurales del departamento Col\u00f3n, se inauguraron ahora en la localidad de Hamb\u00eds cinco nuevas casas del plan que se ejecuta a trav\u00e9s de la Unidad Ejecutora de Programas Especiales (UEPE) del Ministerio de Planeamiento \u2022 Adem\u00e1s se inaugur\u00f3 una obra de cord\u00f3n cuneta del M\u00e1s Cerca y se firmaron convenios para nuevas viviendas y obras de infraestructura en zonas rurales<\/p>\n<p>El acto tuvo lugar en la escuela N\u00ba 37, Estados de Israel, y estuvo encabezado por el ministro de Planeamiento, Juan Javier Garc\u00eda y el titular de la UEPE, Daniel Irigoyen, junto al presidente de la Junta de Gobierno, Roberto Bondaz, y la subdirectora de juntas de Gobierno, Graciela Weiss. Acompa\u00f1aron el Secretario de Energ\u00eda, Ra\u00fal Arroyo, el intendente de Ubajay, Tom\u00e1s Aguiar, y otras autoridades provinciales y locales.<\/p>\n<p>\u201cEstamos ac\u00e1 porque hay un gobernador como Sergio Urribarri y una presidenta como Cristina Fern\u00e1ndez de Kirchner que piensa en nosotros, y nosotros estamos trabajando fuertemente para que los niveles de ejecuci\u00f3n se mantengan hasta el \u00faltimo d\u00eda de nuestra gesti\u00f3n\u201d, afirm\u00f3 el ministro Garc\u00eda.<\/p>\n<p>En relaci\u00f3n a la intervenci\u00f3n de otros actores de la provincia el ministro indic\u00f3 que \u201cnosotros construimos h\u00e1bitat, porque la concepci\u00f3n de la vivienda guarda en si mismo la posibilidad de obras complementarias, debemos acompa\u00f1ar con la obras energ\u00e9ticas de infraestructura que mejoren los accesos, entre otros\u201d.<\/p>\n<p>Adem\u00e1s sostuvo que \u201cestas inversiones millonarias no exist\u00edan para pueblos como Hamb\u00eds, eran impensadas y hoy estas pol\u00edticas de estado son las que renuevan las esperanzas para otras familias para que nuestros pueblos se sigan desarrollando y tengan mejor calidad de vida\u201d.<\/p>\n<p>El titular de la UEPE, Daniel Irigoyen, sostuvo que \u201cestamos embarcados en la l\u00ednea de la inclusi\u00f3n donde todos los pueblos merecen este tipo de obras, tuvimos la misi\u00f3n en estos a\u00f1os de ejecutar 6000 viviendas y hemos superado el reto del gobernador Urribarri, estamos en 8300 viviendas en toda la provincia de Entre Rios donde la mayor\u00eda son en pueblos, estamos trabajando en 168 juntas de gobierno y en 68 municipios, lugares donde antes nunca se hab\u00eda ido\u201d.<\/p>\n<p>En tanto el presidente de la junta de gobierno Bondaz, dijo que \u201csomos un pueblo chico pero que con estas obras vamos en altura, se nos agranda el pueblo, y podemos ir creciendo gracias al gobierno provincial y nacional que nos acompa\u00f1an\u201d. Por otra parte, Graciela Weiss sostuvo que \u201cle debo a este gobierno provincial porque me han dado much\u00edsimo, a Hamb\u00eds lo ten\u00edan como un pueblo fantasma y hoy estamos inaugurando viviendas y es incre\u00edble, este pueblo no va a desaparecer, ya tenemos 15 viviendas m\u00e1s para ejecutar aqu\u00ed y esto me llena de alegr\u00eda\u201d.<\/p>\n<p><strong>Obras y convenios firmados<\/strong><\/p>\n<p>El Programa de 80 viviendas a trav\u00e9s del Programa de Pobladores Originarios y Rurales comprende un monto de inversi\u00f3n que asciende a los 37 millones de pesos. Adem\u00e1s se firm\u00f3 un convenio para ejecutar 115 viviendas m\u00e1s para el departamento Col\u00f3n que se ubicar\u00e1n en Arroyo Bar\u00fa,Colonia Hoker, Hamb\u00eds, La Clarita, Pueblo Cazes, Pueblo Liebig, San Anselmo, San Miguel y Ubajay, con una inversi\u00f3n de 63,3 millones de pesos.<\/p>\n<p>Otro de los convenios firmados correspondi\u00f3 a obras para 5300 metros lineales de ripio arcilloso con alcantarillas y 3670 metros de l\u00ednea de media tensi\u00f3n y un transformador por un monto de 11 millones de pesos.<\/p>\n<p>En el encuentro se inaugur\u00f3 la obra de 500 metros de Cord\u00f3n Cuneta que se llev\u00f3 adelante a trav\u00e9s del Programa M\u00e1s Cerca: M\u00e1s Municipio, Mejor Pais, M\u00e1s Patria, la misma implic\u00f3 una inversi\u00f3n de 283.697 pesos.<\/p>\n<h6>Fuente: APF Digital<\/h6>\n","protected":false},"excerpt":{"rendered":"<p>De las 80 unidades habitacionales que fueron destinadas las zonas rurales del departamento Col\u00f3n, se inauguraron ahora en la localidad de Hamb\u00eds cinco nuevas casas del plan que se ejecuta a trav\u00e9s de la Unidad Ejecutora de Programas Especiales (UEPE) del Ministerio de Planeamiento \u2022 Adem\u00e1s se inaugur\u00f3 una obra de cord\u00f3n cuneta del M\u00e1s<\/p>\n","protected":false},"author":2,"featured_media":33423,"comment_status":"closed","ping_status":"closed","sticky":false,"template":"","format":"standard","meta":{"footnotes":""},"categories":[2],"tags":[17],"class_list":["post-33422","post","type-post","status-publish","format-standard","has-post-thumbnail","hentry","category-informe-municipal","tag-entre-rios"],"_links":{"self":[{"href":"http:\/\/argentinamunicipal.com.ar\/argentina\/wp-json\/wp\/v2\/posts\/33422","targetHints":{"allow":["GET"]}}],"collection":[{"href":"http:\/\/argentinamunicipal.com.ar\/argentina\/wp-json\/wp\/v2\/posts"}],"about":[{"href":"http:\/\/argentinamunicipal.com.ar\/argentina\/wp-json\/wp\/v2\/types\/post"}],"author":[{"embeddable":true,"href":"http:\/\/argentinamunicipal.com.ar\/argentina\/wp-json\/wp\/v2\/users\/2"}],"replies":[{"embeddable":true,"href":"http:\/\/argentinamunicipal.com.ar\/argentina\/wp-json\/wp\/v2\/comments?post=33422"}],"version-history":[{"count":0,"href":"http:\/\/argentinamunicipal.com.ar\/argentina\/wp-json\/wp\/v2\/posts\/33422\/revisions"}],"wp:featuredmedia":[{"embeddable":true,"href":"http:\/\/argentinamunicipal.com.ar\/argentina\/wp-json\/wp\/v2\/media\/33423"}],"wp:attachment":[{"href":"http:\/\/argentinamunicipal.com.ar\/argentina\/wp-json\/wp\/v2\/media?parent=33422"}],"wp:term":[{"taxonomy":"category","embeddable":true,"href":"http:\/\/argentinamunicipal.com.ar\/argentina\/wp-json\/wp\/v2\/categories?post=33422"},{"taxonomy":"post_tag","embeddable":true,"href":"http:\/\/argentinamunicipal.com.ar\/argentina\/wp-json\/wp\/v2\/tags?post=33422"}],"curies":[{"name":"wp","href":"https:\/\/api.w.org\/{rel}","templated":true}]}}