{"id":33484,"date":"2015-07-21T09:10:41","date_gmt":"2015-07-21T12:10:41","guid":{"rendered":"http:\/\/argentinamunicipal.com.ar\/argentina\/?p=33484"},"modified":"2015-07-21T09:17:59","modified_gmt":"2015-07-21T12:17:59","slug":"inauguraron-viviendas-y-electrificacion-rural-en-ubajay-y-sexto-distrito","status":"publish","type":"post","link":"http:\/\/argentinamunicipal.com.ar\/argentina\/inauguraron-viviendas-y-electrificacion-rural-en-ubajay-y-sexto-distrito\/","title":{"rendered":"Inauguraron viviendas y electrificaci\u00f3n rural en Ubajay y Sexto Distrito"},"content":{"rendered":"<p><a href=\"http:\/\/argentinamunicipal.com.ar\/argentina\/wp-content\/uploads\/2015\/07\/ubajay.jpg_869080375-e1437480625874.jpg\"><img loading=\"lazy\" decoding=\"async\" class=\"aligncenter wp-image-33485 size-full\" src=\"http:\/\/argentinamunicipal.com.ar\/argentina\/wp-content\/uploads\/2015\/07\/ubajay.jpg_869080375-e1437480625874.jpg\" alt=\"\" width=\"605\" height=\"400\" srcset=\"http:\/\/argentinamunicipal.com.ar\/argentina\/wp-content\/uploads\/2015\/07\/ubajay.jpg_869080375-e1437480625874.jpg 605w, http:\/\/argentinamunicipal.com.ar\/argentina\/wp-content\/uploads\/2015\/07\/ubajay.jpg_869080375-e1437480625874-300x198.jpg 300w\" sizes=\"auto, (max-width: 605px) 100vw, 605px\" \/><\/a><\/p>\n<p>Para acompa\u00f1ar el desarrollo y el crecimiento de las peque\u00f1as comunidades rurales, el gobierno de Entre R\u00edos contin\u00faa llevando adelante obras de viviendas y electrificaci\u00f3n \u2022 Este viernes se entregaron las llaves de siete viviendas de un programa de 13 unidades en la localidad de Ubajay; y en Sexto Distrito se inaugur\u00f3 una obra de electrificaci\u00f3n rural y tres viviendas rurales \u2022 Adem\u00e1s se hizo entrega de aportes para la construcci\u00f3n de obras de infraestructura<\/p>\n<p>La jornada se inici\u00f3 en Ubajay, donde se construy\u00f3 un nuevo grupo habitacional del ex barrio conocido como La Tablita; luego continu\u00f3 en el Sexto Distrito. La ceremonia de entrega de llaves estuvo encabezada por el ministro de Planeamiento, Infraestructura y Servicios, Juan Javier Garc\u00eda; el titular de la Unidad Ejecutora de Programas Especiales (UEPE), Daniel Irigoyen; el secretario de Energ\u00eda, Ra\u00fal Arroyo, el senador provincial Oscar Arletazz; y el presidente municipal, Tom\u00e1s Aguiar. Tambi\u00e9n estuvieron presentes la subdirectora de juntas de Gobierno, Graciela Weiss, y el presidente de la Junta de Gobierno de Pueblo Caz\u00e9s, Roberto Bondaz, entre otras autoridades.<\/p>\n<p>\u201cNosotros como herramientas de trabajo estamos presentes en los diferentes pueblos entrerrianos con los programas de la UEPE para llevar adelante lo que nos ha pedido el gobernador Urribarri: llegar con obras de este tipo a lugares como Ubajay y zonas rurales\u201d, sostuvo el ministro Garc\u00eda.<\/p>\n<p>\u201cConstruimos no s\u00f3lo viviendas, sino h\u00e1bitat\u201d, indic\u00f3 el funcionario provincial en relaci\u00f3n a las diferentes obras que acompa\u00f1an a los grupos habitacionales, y dijo que \u201ctrabajamos fuertemente para que estas obras emerjan como la transformaci\u00f3n concreta y tangible de la nueva Entre R\u00edos\u201d.<\/p>\n<p>Al finalizar, se dirigi\u00f3 a las familias que recibieron las viviendas: \u201cUstedes no son adjudicatarios, son sujetos de derechos, tienen derecho a una vivienda digna\u201d.<\/p>\n<p>Por su parte, el intendente Aguiar se refiri\u00f3 al pasado del barrio La Tablita y las condiciones que se viv\u00edan. En ese contexto dijo que \u201ctodas las obras son importantes, pero cuando tenemos que entregar viviendas es muy especial para nosotros porque ser\u00e1n los hogares de las familias, sobre todo para nuestros pueblos que son chicos y que parec\u00eda que nunca iba a llegar a nuestras zonas y esto es una realidad, es un d\u00eda de fiesta\u201d.<\/p>\n<p>Una de las propietarias, Liliana Cuenca, expres\u00f3: \u201cSimplemente quiero decir muchas gracias, tener una vivienda propia es algo muy importante para nosotros, pasamos muchos a\u00f1os y hoy es un sue\u00f1o cumplido, es algo inexplicable lo que estamos viviendo y lo que siento\u201d.<\/p>\n<p>Adem\u00e1s, en el marco de la ceremonia, se llev\u00f3 adelante la entrega de una orden de pago para el municipio de Ubajay, por un monto de 2,5 millones de pesos, en concepto del segundo desembolso de un total de 10,2 millones de pesos para la ejecuci\u00f3n de 22 viviendas rurales.<\/p>\n<p>\u2022 Electrificaci\u00f3n rural<\/p>\n<p>En la zona rural de Sexto Distrito se llev\u00f3 adelante una obra de red el\u00e9ctrica que beneficiar\u00e1 a m\u00e1s de 14 usuarios y tres nuevas viviendas rurales, que demand\u00f3 una inversi\u00f3n que supera los 618.000 pesos.<\/p>\n<p>Al respecto, el secretario de Energ\u00eda, Ra\u00fal Arroyo, manifest\u00f3 que \u201ces un momento especial inaugurar estas vivienda junto con esta obra de electrificaci\u00f3n rural. Estamos llegando a la Entre R\u00edos profunda, nuestro gobernador Urribarri nos pidi\u00f3 que le llevemos a todos los entrerrianos los servicios y hoy estamos con frentes de obras en diferentes departamentos y pr\u00e1cticamente estamos cubriendo con energ\u00eda el\u00e9ctrica todo el territorio de la provincia\u201d.<\/p>\n<p>Finalmente, el intendente Aguiar expres\u00f3 que \u201cdespu\u00e9s de muchos a\u00f1os lleg\u00f3 esta obra esperada, yo ten\u00eda la seguridad de que \u00edbamos a tener respuesta con nuestro gobernador Urribarri y su equipo de trabajo y esto se hizo realidad\u201d.<\/p>\n<h6>Fuente:\u00a0APF Digital<\/h6>\n","protected":false},"excerpt":{"rendered":"<p>Para acompa\u00f1ar el desarrollo y el crecimiento de las peque\u00f1as comunidades rurales, el gobierno de Entre R\u00edos contin\u00faa llevando adelante obras de viviendas y electrificaci\u00f3n \u2022 Este viernes se entregaron las llaves de siete viviendas de un programa de 13 unidades en la localidad de Ubajay; y en Sexto Distrito se inaugur\u00f3 una obra de<\/p>\n","protected":false},"author":2,"featured_media":33485,"comment_status":"closed","ping_status":"closed","sticky":false,"template":"","format":"standard","meta":{"footnotes":""},"categories":[2],"tags":[17],"class_list":["post-33484","post","type-post","status-publish","format-standard","has-post-thumbnail","hentry","category-informe-municipal","tag-entre-rios"],"_links":{"self":[{"href":"http:\/\/argentinamunicipal.com.ar\/argentina\/wp-json\/wp\/v2\/posts\/33484","targetHints":{"allow":["GET"]}}],"collection":[{"href":"http:\/\/argentinamunicipal.com.ar\/argentina\/wp-json\/wp\/v2\/posts"}],"about":[{"href":"http:\/\/argentinamunicipal.com.ar\/argentina\/wp-json\/wp\/v2\/types\/post"}],"author":[{"embeddable":true,"href":"http:\/\/argentinamunicipal.com.ar\/argentina\/wp-json\/wp\/v2\/users\/2"}],"replies":[{"embeddable":true,"href":"http:\/\/argentinamunicipal.com.ar\/argentina\/wp-json\/wp\/v2\/comments?post=33484"}],"version-history":[{"count":0,"href":"http:\/\/argentinamunicipal.com.ar\/argentina\/wp-json\/wp\/v2\/posts\/33484\/revisions"}],"wp:featuredmedia":[{"embeddable":true,"href":"http:\/\/argentinamunicipal.com.ar\/argentina\/wp-json\/wp\/v2\/media\/33485"}],"wp:attachment":[{"href":"http:\/\/argentinamunicipal.com.ar\/argentina\/wp-json\/wp\/v2\/media?parent=33484"}],"wp:term":[{"taxonomy":"category","embeddable":true,"href":"http:\/\/argentinamunicipal.com.ar\/argentina\/wp-json\/wp\/v2\/categories?post=33484"},{"taxonomy":"post_tag","embeddable":true,"href":"http:\/\/argentinamunicipal.com.ar\/argentina\/wp-json\/wp\/v2\/tags?post=33484"}],"curies":[{"name":"wp","href":"https:\/\/api.w.org\/{rel}","templated":true}]}}