{"id":33487,"date":"2015-07-21T09:13:22","date_gmt":"2015-07-21T12:13:22","guid":{"rendered":"http:\/\/argentinamunicipal.com.ar\/argentina\/?p=33487"},"modified":"2015-07-21T09:13:22","modified_gmt":"2015-07-21T12:13:22","slug":"presupuesto-participativo-parana-tres-proyectos-ganadores-para-la-zona-comunal-no-1","status":"publish","type":"post","link":"http:\/\/argentinamunicipal.com.ar\/argentina\/presupuesto-participativo-parana-tres-proyectos-ganadores-para-la-zona-comunal-no-1\/","title":{"rendered":"Presupuesto Participativo Paran\u00e1: Tres proyectos ganadores para la zona comunal n\u00ba 1"},"content":{"rendered":"<p><a href=\"http:\/\/argentinamunicipal.com.ar\/argentina\/wp-content\/uploads\/2015\/07\/o_1437424288.jpg\"><img loading=\"lazy\" decoding=\"async\" class=\"aligncenter  wp-image-33488\" src=\"http:\/\/argentinamunicipal.com.ar\/argentina\/wp-content\/uploads\/2015\/07\/o_1437424288.jpg\" alt=\"o_1437424288\" width=\"661\" height=\"372\" srcset=\"http:\/\/argentinamunicipal.com.ar\/argentina\/wp-content\/uploads\/2015\/07\/o_1437424288.jpg 800w, http:\/\/argentinamunicipal.com.ar\/argentina\/wp-content\/uploads\/2015\/07\/o_1437424288-300x169.jpg 300w\" sizes=\"auto, (max-width: 661px) 100vw, 661px\" \/><\/a><br \/>\nEsta ma\u00f1ana se realiz\u00f3 la cuarta asamblea ordinaria de Presupuesto Participativo 2015, donde resultaron electos, tres proyectos que ser\u00e1n ejecutados el a\u00f1o pr\u00f3ximo. M\u00e1s de 150 vecinos se participaron de la votaci\u00f3n.<\/p>\n<p>En la ma\u00f1ana de este lunes se realiz\u00f3 en las instalaciones del Teatro Municipal 3 de Febrero, la Cuarta Asamblea Ordinaria de Presupuesto Participativo en su Edici\u00f3n 2015, oportunidad donde se realiz\u00f3 la segunda y \u00faltima votaci\u00f3n de los preproyectos finalistas en el pasado mes de junio.<\/p>\n<p>En esta oportunidad fueron tres las propuestas que resultaron electas en la votaci\u00f3n de la que participaron integrantes de la Vecinal Fe y Esperanza y Mar\u00eda Auxiliadora.<\/p>\n<p>En declaraciones a Elonce TV, Luciano Banegas, subsecretario de Gobierno de Municipalidad de Paran\u00e1, dio cuenta que la de hoy fue la cuarta asamblea y tras el recuento de votos \u00abhubo un empate entre el segundo y tercer lugar, por lo que son tres los proyectos ganadores y en el 2016 el municipio estar\u00e1 ejecutando tres obras en esta zona de la ciudad\u00bb.<\/p>\n<p>El funcionario agradeci\u00f3 a todos los vecinos que se acercaron para votar los proyectos, \u00abd\u00e1ndole m\u00e1s impulso a esta herramienta como es el Presupuesto Participativo que al d\u00eda de hoy ya tiene 29 obras ejecutadas y en ejecuci\u00f3n\u00bb.<\/p>\n<p>En lo que respecta al resto de las \u00e1reas de la ciudad, Banegas indic\u00f3 que este martes ser\u00e1 el turno de la zona comunal N\u00ba2. La votaci\u00f3n se realizar\u00e1 en el centro cultural Juan L. Ort\u00edz, de 10 a 16. De la misma podr\u00e1n participar todos los vecinos que tengan domicilio en esa zona de la capital entrerriana.<\/p>\n<p>En tanto que el mi\u00e9rcoles, jueves y viernes ser\u00e1 en el turno de las zonas 3, 4 y 5 respectivamente.<\/p>\n<p>Hugo Villagra de la Comisi\u00f3n vecinal Fe y Esperanza, explic\u00f3 que \u00abganamos la refacci\u00f3n del Centro Comunitario San Roque, que es un trabajo que se viene buscando desde hace mucho tiempo, de gestiones anteriores, y estamos contento que se haya logrado. As\u00ed se podr\u00e1 continuar con los talleres, C\u00e1ritas y el comedor. Es para todos los vecinos del barrio\u00bb.<br \/>\nPor su parte, Karina Haller, de la Vecinal Mar\u00eda Auxiliadora, comparti\u00f3 su alegr\u00eda de haber ganado con el proyecto de refacci\u00f3n de Plaza Alberdi.<\/p>\n<p><strong>Los proyectos ganadores:<\/strong><\/p>\n<p>&#8211; PROYECTO N\u00b01: Refacciones en Centro Comunitario San Roque en Zona Vecinal Fe y Esperanza, con un total de 89 votos<\/p>\n<p>Y, con un empate de 31 votos cada uno,<br \/>\n&#8211; PROYECTO N\u00b02: Reemplazo de 167 luminarias en calles Mitre, Buenos Aires, Tucum\u00e1n, Santiago del Estero, Alameda de la Federaci\u00f3n, Patagonia, Mendoza, M\u00e9xico, Catamarca, Bertozzi, Tejeiro Martinez en Zona Vecinal Parque Urquiza;<\/p>\n<p>Y el PROYECTO N\u00b03: Puesta en valor de Plaza Alberdi comprendida entre calles Urquiza, Salta, Andr\u00e9s Pazos y La Rioja en Zona Vecinal Mar\u00eda Auxiliadora<\/p>\n<p>Quedando el PROYECTO N\u00b04: Reemplazo de 247 luminarias encalles 25 de Mayo, Ant\u00e1rtida Argentina, Alem, Cura Arias Montiel, Alsina en Zona Vecinal Centro Este con un total de 13 votos y por otra parte 1 voto blanco\/nulo.<\/p>\n<h6>Fuente: El Once<\/h6>\n","protected":false},"excerpt":{"rendered":"<p>Esta ma\u00f1ana se realiz\u00f3 la cuarta asamblea ordinaria de Presupuesto Participativo 2015, donde resultaron electos, tres proyectos que ser\u00e1n ejecutados el a\u00f1o pr\u00f3ximo. M\u00e1s de 150 vecinos se participaron de la votaci\u00f3n. En la ma\u00f1ana de este lunes se realiz\u00f3 en las instalaciones del Teatro Municipal 3 de Febrero, la Cuarta Asamblea Ordinaria de Presupuesto<\/p>\n","protected":false},"author":2,"featured_media":33488,"comment_status":"closed","ping_status":"closed","sticky":false,"template":"","format":"standard","meta":{"footnotes":""},"categories":[2],"tags":[17],"class_list":["post-33487","post","type-post","status-publish","format-standard","has-post-thumbnail","hentry","category-informe-municipal","tag-entre-rios"],"_links":{"self":[{"href":"http:\/\/argentinamunicipal.com.ar\/argentina\/wp-json\/wp\/v2\/posts\/33487","targetHints":{"allow":["GET"]}}],"collection":[{"href":"http:\/\/argentinamunicipal.com.ar\/argentina\/wp-json\/wp\/v2\/posts"}],"about":[{"href":"http:\/\/argentinamunicipal.com.ar\/argentina\/wp-json\/wp\/v2\/types\/post"}],"author":[{"embeddable":true,"href":"http:\/\/argentinamunicipal.com.ar\/argentina\/wp-json\/wp\/v2\/users\/2"}],"replies":[{"embeddable":true,"href":"http:\/\/argentinamunicipal.com.ar\/argentina\/wp-json\/wp\/v2\/comments?post=33487"}],"version-history":[{"count":0,"href":"http:\/\/argentinamunicipal.com.ar\/argentina\/wp-json\/wp\/v2\/posts\/33487\/revisions"}],"wp:featuredmedia":[{"embeddable":true,"href":"http:\/\/argentinamunicipal.com.ar\/argentina\/wp-json\/wp\/v2\/media\/33488"}],"wp:attachment":[{"href":"http:\/\/argentinamunicipal.com.ar\/argentina\/wp-json\/wp\/v2\/media?parent=33487"}],"wp:term":[{"taxonomy":"category","embeddable":true,"href":"http:\/\/argentinamunicipal.com.ar\/argentina\/wp-json\/wp\/v2\/categories?post=33487"},{"taxonomy":"post_tag","embeddable":true,"href":"http:\/\/argentinamunicipal.com.ar\/argentina\/wp-json\/wp\/v2\/tags?post=33487"}],"curies":[{"name":"wp","href":"https:\/\/api.w.org\/{rel}","templated":true}]}}