{"id":33503,"date":"2015-07-21T09:39:34","date_gmt":"2015-07-21T12:39:34","guid":{"rendered":"http:\/\/argentinamunicipal.com.ar\/argentina\/?p=33503"},"modified":"2015-07-24T11:27:28","modified_gmt":"2015-07-24T14:27:28","slug":"rosario-firma-una-declaracion-inedita-en-roma-con-ciudades-de-todo-el-mundo","status":"publish","type":"post","link":"http:\/\/argentinamunicipal.com.ar\/argentina\/rosario-firma-una-declaracion-inedita-en-roma-con-ciudades-de-todo-el-mundo\/","title":{"rendered":"Rosario firma una declaraci\u00f3n in\u00e9dita en Roma con ciudades de todo el mundo"},"content":{"rendered":"<p><a href=\"http:\/\/argentinamunicipal.com.ar\/argentina\/wp-content\/uploads\/2015\/07\/IMG_20150718_134512231_HDR-e1437482349770.jpg\"><img loading=\"lazy\" decoding=\"async\" class=\"aligncenter wp-image-33504 \" src=\"http:\/\/argentinamunicipal.com.ar\/argentina\/wp-content\/uploads\/2015\/07\/IMG_20150718_134512231_HDR-e1437482349770.jpg\" alt=\"\" width=\"696\" height=\"372\" srcset=\"http:\/\/argentinamunicipal.com.ar\/argentina\/wp-content\/uploads\/2015\/07\/IMG_20150718_134512231_HDR-e1437482349770.jpg 1191w, http:\/\/argentinamunicipal.com.ar\/argentina\/wp-content\/uploads\/2015\/07\/IMG_20150718_134512231_HDR-e1437482349770-300x160.jpg 300w, http:\/\/argentinamunicipal.com.ar\/argentina\/wp-content\/uploads\/2015\/07\/IMG_20150718_134512231_HDR-e1437482349770-1024x547.jpg 1024w\" sizes=\"auto, (max-width: 696px) 100vw, 696px\" \/><\/a><br \/>\nEl documento compromete a reforzar la lucha contra la trata, otras formas de esclavitud moderna y el cambio clim\u00e1tico.\u00a0La reuni\u00f3n tiene la presencia confirmada del Papa Francisco.<\/p>\n<p>Con el auspicio del Papa Francisco, en un solemne sal\u00f3n del Vaticano, y junto a sus pares de los principales municipios del mundo, la intendenta M\u00f3nica Fein suscribir\u00e1 hoy una in\u00e9dita declaraci\u00f3n para reforzar la lucha contra la trata de personas y otras formas de esclavitud moderna, y en contra del cambio clim\u00e1tico.<\/p>\n<p>En su discurso, la intendenta sostendr\u00e1 que \u00abla autoridad del Papa puede contribuir significativamente al inicio de una nueva conciencia sobre la necesidad de cambiar los patrones y consumo dominantes, hacia un futuro con desarrollo sustentable, con equidad y dignidad para todos\u00bb. Y se comprometer\u00e1 a \u00abhacer todo lo que est\u00e9 a nuestro alcance para la promoci\u00f3n del reciclado, reducci\u00f3n y reutilizaci\u00f3n de residuos; en movilidad sustentable, en el cuidado del agua y de la energ\u00eda; en la promoci\u00f3n de energ\u00edas renovables; en educaci\u00f3n ciudadana en materia ambiental; en combate de la pobreza, y en promoci\u00f3n social\u00bb.<\/p>\n<p>Tambi\u00e9n condenar\u00e1 \u00ablas nuevas formas de esclavitud derivadas casi linealmente de la pobreza, las migraciones forzadas y sus consecuencias directas: la trata de personas, el trabajo esclavo, la prostituci\u00f3n y el tr\u00e1fico de \u00f3rganos\u00bb.<\/p>\n<p>Ser\u00e1 en el marco de un coloquio que se desarrollar\u00e1 durante casi doce horas en la Casina Pio IV, en el Vaticano, donde intendentes de m\u00e1s de 50 ciudades, entre ellas Roma, Nueva York, Par\u00eds, Estocolmo, California, Madrid, Mil\u00e1n y San Pablo, junto a representantes de las Naciones Unidas, expondr\u00e1n convocados por las academias pontificias de las Ciencias y de las Ciencias Sociales.<\/p>\n<p>El encuentro tiende a reforzar el compromiso de las ciudades y a aumentar la conciencia sobre las medidas necesarias para reforzar la lucha contra esos dos flagelos.<\/p>\n<p>La reuni\u00f3n tiene la presencia confirmada del Papa Francisco, quien se har\u00e1 presente en la sala al mediod\u00eda, modificando el horario indicado originalmente. Su estada en el recinto se estima que durar\u00e1 media hora, durante la cual los alcaldes podr\u00e1n saludarlo y es posible que se tome una foto grupal con los casi 65 representantes de gobiernos locales que estar\u00e1n presentes.<\/p>\n<p>Para Rosario se trata de un escenario de real jerarqu\u00eda, ya que por primera vez la ciudad podr\u00e1 codearse con decenas de municipios de primera l\u00ednea de todo el mundo, adem\u00e1s de trabajar en sinton\u00eda con el Vaticano en este nuevo car\u00e1cter social que le est\u00e1 imprimiendo a su misi\u00f3n el Papa Francisco.<\/p>\n<p><strong>El medio ambiente.<\/strong> La intenci\u00f3n del coloquio es aumentar la conciencia de los gobiernos locales sobre cambio clim\u00e1tico y esclavitud moderna, y llegar a una declaraci\u00f3n final que resuma las mejores pr\u00e1cticas presentadas por los alcaldes. Tambi\u00e9n formular recomendaciones inspiradas en la enc\u00edclica \u00abLaudato Si\u00bb, en la que el Papa hace hincapi\u00e9 en la estrecha correlaci\u00f3n entre esos dos flagelos.<\/p>\n<p>Esta enc\u00edclica representa un hecho hist\u00f3rico al ser la primera vez que un Papa dedica un documento de este tipo a la protecci\u00f3n medioambiental. Consta de 190 p\u00e1ginas y cubre amplios temas. En el contenido del documento se lee: \u00abEl Evangelio de la creaci\u00f3n: no somos Dios. La tierra nos precede y nos ha sido dada\u00bb, y \u00abLo que le est\u00e1 pasando a nuestra casa: la degradaci\u00f3n mutua del ambiente humano y del ambiente natural se manifiesta en las millones de toneladas de residuos por a\u00f1o, la gran concentraci\u00f3n de gases de efecto invernadero, la desaparici\u00f3n de miles de especies vegetales y animales, la exclusi\u00f3n social, la violencia, el narcotr\u00e1fico y el consumo creciente de drogas entre los m\u00e1s j\u00f3venes\u00bb.<\/p>\n<p>La Pontificia Academia de las Ciencias, que organiza este coloquio de alcaldes, es de alcance internacional, multirracial en su composici\u00f3n y no sectaria en la elecci\u00f3n de sus miembros. Es un \u00f3rgano independiente dentro de la Santa Sede y tiene libertad para la investigaci\u00f3n. El trabajo de la academia incluye seis grandes \u00e1reas: ciencias b\u00e1sicas, ciencias y tecnolog\u00eda de los problemas globales, ciencia de los problemas del mundo en desarrollo,pol\u00edtica cient\u00edfica, bio\u00e9tica y epistemolog\u00eda.<\/p>\n<h6>Fuente: La Capital, Rosario<\/h6>\n","protected":false},"excerpt":{"rendered":"<p>El documento compromete a reforzar la lucha contra la trata, otras formas de esclavitud moderna y el cambio clim\u00e1tico. La reuni\u00f3n tiene la presencia confirmada del Papa Francisco.<\/p>\n","protected":false},"author":2,"featured_media":33504,"comment_status":"closed","ping_status":"closed","sticky":false,"template":"","format":"standard","meta":{"footnotes":""},"categories":[2],"tags":[10],"class_list":["post-33503","post","type-post","status-publish","format-standard","has-post-thumbnail","hentry","category-informe-municipal","tag-santa-fe"],"_links":{"self":[{"href":"http:\/\/argentinamunicipal.com.ar\/argentina\/wp-json\/wp\/v2\/posts\/33503","targetHints":{"allow":["GET"]}}],"collection":[{"href":"http:\/\/argentinamunicipal.com.ar\/argentina\/wp-json\/wp\/v2\/posts"}],"about":[{"href":"http:\/\/argentinamunicipal.com.ar\/argentina\/wp-json\/wp\/v2\/types\/post"}],"author":[{"embeddable":true,"href":"http:\/\/argentinamunicipal.com.ar\/argentina\/wp-json\/wp\/v2\/users\/2"}],"replies":[{"embeddable":true,"href":"http:\/\/argentinamunicipal.com.ar\/argentina\/wp-json\/wp\/v2\/comments?post=33503"}],"version-history":[{"count":0,"href":"http:\/\/argentinamunicipal.com.ar\/argentina\/wp-json\/wp\/v2\/posts\/33503\/revisions"}],"wp:featuredmedia":[{"embeddable":true,"href":"http:\/\/argentinamunicipal.com.ar\/argentina\/wp-json\/wp\/v2\/media\/33504"}],"wp:attachment":[{"href":"http:\/\/argentinamunicipal.com.ar\/argentina\/wp-json\/wp\/v2\/media?parent=33503"}],"wp:term":[{"taxonomy":"category","embeddable":true,"href":"http:\/\/argentinamunicipal.com.ar\/argentina\/wp-json\/wp\/v2\/categories?post=33503"},{"taxonomy":"post_tag","embeddable":true,"href":"http:\/\/argentinamunicipal.com.ar\/argentina\/wp-json\/wp\/v2\/tags?post=33503"}],"curies":[{"name":"wp","href":"https:\/\/api.w.org\/{rel}","templated":true}]}}