{"id":33565,"date":"2015-07-22T09:28:46","date_gmt":"2015-07-22T12:28:46","guid":{"rendered":"http:\/\/argentinamunicipal.com.ar\/argentina\/?p=33565"},"modified":"2015-07-22T09:28:46","modified_gmt":"2015-07-22T12:28:46","slug":"el-centro-de-medicina-nuclear-y-molecular-de-oro-verde-parana-presenta-un-avance-del-80","status":"publish","type":"post","link":"http:\/\/argentinamunicipal.com.ar\/argentina\/el-centro-de-medicina-nuclear-y-molecular-de-oro-verde-parana-presenta-un-avance-del-80\/","title":{"rendered":"El Centro de Medicina Nuclear y Molecular de Oro Verde, Paran\u00e1, presenta un avance del 80%"},"content":{"rendered":"<p><a href=\"http:\/\/argentinamunicipal.com.ar\/argentina\/wp-content\/uploads\/2015\/07\/o_1437527261.jpg\"><img loading=\"lazy\" decoding=\"async\" class=\"aligncenter  wp-image-33567\" src=\"http:\/\/argentinamunicipal.com.ar\/argentina\/wp-content\/uploads\/2015\/07\/o_1437527261.jpg\" alt=\"o_1437527261\" width=\"653\" height=\"367\" srcset=\"http:\/\/argentinamunicipal.com.ar\/argentina\/wp-content\/uploads\/2015\/07\/o_1437527261.jpg 800w, http:\/\/argentinamunicipal.com.ar\/argentina\/wp-content\/uploads\/2015\/07\/o_1437527261-300x169.jpg 300w\" sizes=\"auto, (max-width: 653px) 100vw, 653px\" \/><\/a><br \/>\nFuncionarios nacionales y provinciales recorrieron el lugar y aseguraron que ser\u00e1 uno de los m\u00e1s importantes del pa\u00eds. El 10 de agosto se realizar\u00e1 una jornada informativa en el lugar.<\/p>\n<p>Funcionarios nacionales y provinciales recorrieron este martes el Centro de Medicina Nuclear y Molecular que llevan adelante el Instituto de Obra Social de la Provincia de Entre R\u00edos (Iosper) y la Comisi\u00f3n Nacional de Energ\u00eda At\u00f3mica (Cnea) en el predio ubicado en el barrio El Triangular de Oro Verde, y valoraron el significativo avance que tiene la obra. El 10 de agosto se realizar\u00e1 una jornada informativa en el lugar, destinada a la poblaci\u00f3n en general y a los prestadores del organismo.<\/p>\n<p>El director de Presupuesto del ministerio de Planificaci\u00f3n Federal, Inversi\u00f3n P\u00fablica y Servicios de la Naci\u00f3n, Nicol\u00e1s Michudis, tambi\u00e9n coordinador en el Plan Nacional de Medicina Nuclear, detall\u00f3 que el motivo de la visita fue evaluar in situ \u00abc\u00f3mo est\u00e1 el grado de avance de obra, ya que este Centro est\u00e1 inserto en el Plan Nacional que se implementa en el pa\u00eds, de \u00faltima tecnolog\u00eda, y de car\u00e1cter inclusivo y federal\u00bb.<\/p>\n<p>Michudis consider\u00f3 que el de Oro Verde ser\u00e1 uno de los Centros m\u00e1s importantes del pa\u00eds, y afirm\u00f3 que tratar\u00e1n de acortar plazos para la inauguraci\u00f3n, ya que desde el ministerio de Planificaci\u00f3n \u00abestamos ansiosos por saber a partir de cu\u00e1ndo se podr\u00e1n brindar las prestaciones a esta vasta regi\u00f3n del Litoral, esencial para la calidad de vida de la poblaci\u00f3n\u00bb.<\/p>\n<p>El licenciado en Administraci\u00f3n P\u00fablica afirm\u00f3 que no existe ?de car\u00e1cter p\u00fablico en la zona-, otro Centro que ofrezca el equipamiento de \u00faltima tecnolog\u00eda como el que tendr\u00e1 el que se levanta en Oro Verde: \u00abs\u00f3lo en manos del sector p\u00fablico de estas caracter\u00edsticas hay en Buenos Aires, pero en el resto de las regiones s\u00f3lo son del sector privado. Entendemos que esta pol\u00edtica p\u00fablica debe ser equitativa, as\u00ed como el acceso a estos diagn\u00f3sticos y tratamientos tiene que ser un derecho de cada uno de los ciudadanos\u00bb.<\/p>\n<p>En tanto, el subgerente PET\/CT Ciclotr\u00f3n en la Cnea, y gerente General en la Fundaci\u00f3n Centro Diagnostico Nuclear, Diego Passadore, explic\u00f3 que en esta etapa, personas del \u00e1rea de recursos humanos \u00abest\u00e1n abocadas a resolver diferentes temas\u00bb y se\u00f1al\u00f3 que \u00abla obra marcha muy bien, dentro de lo planificado, a pesar que siempre hay imponderables y situaciones que son complejas, pero dentro de lo que estamos acostumbrados a partir de nuestra experiencia, sabemos que todo marcha razonablemente bien, con el apoyo del ministerio de Planificaci\u00f3n, de la Cnea, del Iosper y del gobierno provincial\u00bb.<\/p>\n<p>El ingeniero nuclear record\u00f3 que el ministerio de Planificaci\u00f3n invierte 12 millones de d\u00f3lares en el Centro de Medicina Nuclear y Molecular. Al referirse a los plazos de finalizaci\u00f3n, destac\u00f3 que se tratar\u00e1 de cumplir con las expectativas de los organismos involucrados en la construcci\u00f3n, aunque aclar\u00f3 que debe tenerse en cuenta que el equipamiento llega de exterior, preparado especialmente. \u00abHay que esperar la nacionalizaci\u00f3n de los aparatos, lo que puede llevar un plazo relativamente prolongado. No son equipos que est\u00e9n disponibles aqu\u00ed, sino que se fabrican y configuran para cada uno de los destinos\u00bb.<\/p>\n<p>A su turno, el presidente del Iosper, Fernando Ca\u00f1ete, explic\u00f3: \u00abnos enorgullece la envergadura de esta obra porque somos trabajadores los que conducimos la obra social.<br \/>\nQueremos demostrar que podemos hacerla, a esta y otras m\u00e1s, con el apoyo y el compromiso del gobierno de la naci\u00f3n y la provincia\u00bb.<\/p>\n<p>Adem\u00e1s, se\u00f1al\u00f3 que para Iosper, ser parte \u00abes reconfortante, por lo que esperamos que todo se vaya dando tal como se proyect\u00f3, con proyecci\u00f3n en la formaci\u00f3n de profesionales y en la asistencia a los ciudadanos en este servicio de diagn\u00f3stico de medicina nuclear, que a veces no est\u00e1 al alcance de todos\u00bb. Ca\u00f1ete resalt\u00f3 que \u00abcuando alguien se fija una meta, deja de lado mezquindades para potenciar el esfuerzo para el bien com\u00fan\u00bb.<\/p>\n<p><strong>Quienes estuvieron<\/strong><\/p>\n<p>Adem\u00e1s Passadore, Michudis y Ca\u00f1ete, participaron de la recorrida el ministro de Cultura y Comunicaci\u00f3n provincial, Pedro B\u00e1ez, la Directora por los trabajadores activos de Iosper, contadora Viviana S\u00e1nchez, el Director por los Pasivos, Ricardo Bertonchini, el intendente de Oro Verde, Jos\u00e9 Luis Dum\u00e9, y otros funcionarios nacionales y provinciales.<\/p>\n<h6>Fuente: El Once<\/h6>\n","protected":false},"excerpt":{"rendered":"<p>Funcionarios nacionales y provinciales recorrieron el lugar y aseguraron que ser\u00e1 uno de los m\u00e1s importantes del pa\u00eds. El 10 de agosto se realizar\u00e1 una jornada informativa en el lugar. Funcionarios nacionales y provinciales recorrieron este martes el Centro de Medicina Nuclear y Molecular que llevan adelante el Instituto de Obra Social de la Provincia<\/p>\n","protected":false},"author":2,"featured_media":33567,"comment_status":"closed","ping_status":"closed","sticky":false,"template":"","format":"standard","meta":{"footnotes":""},"categories":[2],"tags":[17],"class_list":["post-33565","post","type-post","status-publish","format-standard","has-post-thumbnail","hentry","category-informe-municipal","tag-entre-rios"],"_links":{"self":[{"href":"http:\/\/argentinamunicipal.com.ar\/argentina\/wp-json\/wp\/v2\/posts\/33565","targetHints":{"allow":["GET"]}}],"collection":[{"href":"http:\/\/argentinamunicipal.com.ar\/argentina\/wp-json\/wp\/v2\/posts"}],"about":[{"href":"http:\/\/argentinamunicipal.com.ar\/argentina\/wp-json\/wp\/v2\/types\/post"}],"author":[{"embeddable":true,"href":"http:\/\/argentinamunicipal.com.ar\/argentina\/wp-json\/wp\/v2\/users\/2"}],"replies":[{"embeddable":true,"href":"http:\/\/argentinamunicipal.com.ar\/argentina\/wp-json\/wp\/v2\/comments?post=33565"}],"version-history":[{"count":0,"href":"http:\/\/argentinamunicipal.com.ar\/argentina\/wp-json\/wp\/v2\/posts\/33565\/revisions"}],"wp:featuredmedia":[{"embeddable":true,"href":"http:\/\/argentinamunicipal.com.ar\/argentina\/wp-json\/wp\/v2\/media\/33567"}],"wp:attachment":[{"href":"http:\/\/argentinamunicipal.com.ar\/argentina\/wp-json\/wp\/v2\/media?parent=33565"}],"wp:term":[{"taxonomy":"category","embeddable":true,"href":"http:\/\/argentinamunicipal.com.ar\/argentina\/wp-json\/wp\/v2\/categories?post=33565"},{"taxonomy":"post_tag","embeddable":true,"href":"http:\/\/argentinamunicipal.com.ar\/argentina\/wp-json\/wp\/v2\/tags?post=33565"}],"curies":[{"name":"wp","href":"https:\/\/api.w.org\/{rel}","templated":true}]}}